{"id":12685,"date":"2021-02-16T08:32:00","date_gmt":"2021-02-16T11:32:00","guid":{"rendered":"http:\/\/www.comuna13online.com.ar\/?p=12685"},"modified":"2021-02-11T20:50:24","modified_gmt":"2021-02-11T23:50:24","slug":"habilitan-puntos-verdes-para-recibir-residuos-organicos","status":"publish","type":"post","link":"https:\/\/www.comuna13online.com.ar\/?p=12685","title":{"rendered":"Habilitan Puntos Verdes para recibir residuos org\u00e1nicos"},"content":{"rendered":"\n<p><strong>El Gobierno de la Ciudad lanz\u00f3 una campa\u00f1a de recepci\u00f3n de material org\u00e1nico, los jueves de febrero se realizar\u00e1 la recepci\u00f3n de los residuos org\u00e1nicos en nueve Puntos Verdes.<\/strong><\/p>\n\n\n\n<figure class=\"wp-block-image size-large\"><img loading=\"lazy\" decoding=\"async\" width=\"678\" height=\"452\" data-attachment-id=\"12686\" data-permalink=\"https:\/\/www.comuna13online.com.ar\/?attachment_id=12686\" data-orig-file=\"https:\/\/www.comuna13online.com.ar\/wp-content\/uploads\/2021\/02\/210216a-01.jpg\" data-orig-size=\"678,452\" data-comments-opened=\"0\" data-image-meta=\"{&quot;aperture&quot;:&quot;0&quot;,&quot;credit&quot;:&quot;&quot;,&quot;camera&quot;:&quot;&quot;,&quot;caption&quot;:&quot;&quot;,&quot;created_timestamp&quot;:&quot;0&quot;,&quot;copyright&quot;:&quot;&quot;,&quot;focal_length&quot;:&quot;0&quot;,&quot;iso&quot;:&quot;0&quot;,&quot;shutter_speed&quot;:&quot;0&quot;,&quot;title&quot;:&quot;&quot;,&quot;orientation&quot;:&quot;0&quot;}\" data-image-title=\"210216a-01\" data-image-description=\"\" data-image-caption=\"\" data-large-file=\"https:\/\/www.comuna13online.com.ar\/wp-content\/uploads\/2021\/02\/210216a-01.jpg\" src=\"http:\/\/www.comuna13online.com.ar\/wp-content\/uploads\/2021\/02\/210216a-01.jpg\" alt=\"\" class=\"wp-image-12686\" srcset=\"https:\/\/www.comuna13online.com.ar\/wp-content\/uploads\/2021\/02\/210216a-01.jpg 678w, https:\/\/www.comuna13online.com.ar\/wp-content\/uploads\/2021\/02\/210216a-01-272x182.jpg 272w\" sizes=\"auto, (max-width: 678px) 100vw, 678px\" \/><\/figure>\n\n\n\n<p>La recepci\u00f3n se realizar\u00e1 cada jueves de 11 a 15 hs., en nueve Puntos Verdes que fueron seleccionados de acuerdo a la capacidad de generaci\u00f3n y recolecci\u00f3n de org\u00e1nico de la zona. Los vecinos que acerquen material org\u00e1nico recibir\u00e1n a cambio una bolsa de compost.<\/p>\n\n\n\n<p><em>\u201cAmpliamos la recepci\u00f3n de residuos org\u00e1nicos a estos Puntos Verdes para seguir promoviendo la separaci\u00f3n en origen y la econom\u00eda circular, ya que todo el material que se reciba ser\u00e1 procesado y reutilizado en los suelos de nuestros parques y plazas\u201d<\/em>, afirm\u00f3 Clara Muzzio, ministra de Espacio P\u00fablico e Higiene Urbana porte\u00f1a.<\/p>\n\n\n\n<p>Los residuos org\u00e1nicos que se recolecten de manera diferenciada en los Puntos Verdes ser\u00e1n trasladados al Centro de Reciclaje de la Ciudad para procesarlos a trav\u00e9s de la t\u00e9cnica de compostaje. Una vez finalizado el tratamiento, ese material ser\u00e1 reutilizado para el relleno del suelo en parques y plazas de la Ciudad.&nbsp;<\/p>\n\n\n\n<p><strong>\u00bfQu\u00e9 residuos SI se puede llevar a los Puntos Verdes?<\/strong><\/p>\n\n\n\n<p>Frutas, hortalizas y tub\u00e9rculos, legumbres, verduras y cereales, pasto reci\u00e9n cortado, flores, c\u00e1scara de huevos, c\u00e1scaras y carozos de frutas y verduras, yerba, caf\u00e9, saquito de t\u00e9 e infusiones, c\u00e1scaras de c\u00edtricos, hojas secas y restos de ramas. No hace falta que el material se entregue triturado o cortado previamente.<\/p>\n\n\n\n<p><strong>\u00bfQu\u00e9 residuos NO se puede llevar a los Puntos Verdes?<\/strong><\/p>\n\n\n\n<p>Ning\u00fan tipo de carnes (ni rojas, ni blancas) ni otros tipos de restos animales, l\u00e1cteos, restos con grasas o aceite, ap\u00f3sitos o pa\u00f1ales, heces de perros y gatos. Materiales no degradables (como vidrio, metales o pl\u00e1sticos). Residuos qu\u00edmicos-sint\u00e9ticos, pegamentos, solventes, gasolina, petr\u00f3leo, aceite de veh\u00edculos o pinturas. Tabaco (ya que contiene un biocida potente como la nicotina y diversos t\u00f3xicos). Detergentes, productos clorados, antibi\u00f3ticos o residuos de medicamentos.<\/p>\n\n\n\n<p><strong>\u00bfC\u00f3mo deben ser entregados?<\/strong><\/p>\n\n\n\n<p>Los residuos se deben entregar en un tupper o bolsa y deben ser depositados en los cestos marrones se\u00f1alizados que est\u00e1n al lado del Punto Verde.<\/p>\n\n\n\n<p><strong>Los nueve Puntos Verdes que recibir\u00e1n el material son<\/strong>:\u00a0<\/p>\n\n\n\n<p>En la <strong>Comuna 13<\/strong>, el Punto Verde ubicado en la Plaza Manuel Belgrano (Cuba y Juramento) est\u00e1 habilitado para recibir residuos org\u00e1nicos.<\/p>\n\n\n\n<p><strong>Comuna 1<\/strong>:\u00a0<br>Plaza Vera Pe\u00f1aloza (San Juan y Chacabuco)<\/p>\n\n\n\n<p><strong>Comuna 2<\/strong>:\u00a0<br>Plaza Petronila Rodr\u00edguez (Paraguay y Rodr\u00edguez Pe\u00f1a)<\/p>\n\n\n\n<p><strong>Comuna 5<\/strong>:\u00a0<br>Plaza Boedo (Estados Unidos y S\u00e1nchez de Loria)<br>Almagro (Sarmiento y Bulnes)<\/p>\n\n\n\n<p><strong>Comuna 6<\/strong>:<br>Parque Rivadavia (Av. Rivadavia y Florencio Balcarce)<\/p>\n\n\n\n<p><strong>Comuna 7<\/strong>:<br>Plaza de la Misericordia (Lautaro y Francisco Bilbao)<\/p>\n\n\n\n<p><strong>Comuna 14<\/strong>:<br>Parque Las Heras (Salguero 2450)<br>Plaza Armenia (Malabia y Nicaragua)<\/p>\n\n\n\n<p><strong>\u00bfQu\u00e9 se hace con los restos org\u00e1nicos?<\/strong><\/p>\n\n\n\n<p>El residuo org\u00e1nico recibido en el Punto Verde se recolecta de manera diferenciada y se lleva al\u00a0Centro de Reciclaje de la Ciudad, donde se lo procesa usando la t\u00e9cnica de compostaje. <strong>El material obtenido luego vuelve a ser utilizado como material de relleno o enmienda org\u00e1nica en parques y plazas de la Ciudad<\/strong>. De esta manera se promueve la econom\u00eda circular.<\/p>\n\n\n\n<figure class=\"wp-block-image size-large is-resized\"><img loading=\"lazy\" decoding=\"async\" data-attachment-id=\"99\" data-permalink=\"https:\/\/www.comuna13online.com.ar\/?attachment_id=99\" data-orig-file=\"https:\/\/www.comuna13online.com.ar\/wp-content\/uploads\/2017\/12\/line.jpg\" data-orig-size=\"678,1\" data-comments-opened=\"0\" data-image-meta=\"{&quot;aperture&quot;:&quot;0&quot;,&quot;credit&quot;:&quot;&quot;,&quot;camera&quot;:&quot;&quot;,&quot;caption&quot;:&quot;&quot;,&quot;created_timestamp&quot;:&quot;0&quot;,&quot;copyright&quot;:&quot;&quot;,&quot;focal_length&quot;:&quot;0&quot;,&quot;iso&quot;:&quot;0&quot;,&quot;shutter_speed&quot;:&quot;0&quot;,&quot;title&quot;:&quot;&quot;,&quot;orientation&quot;:&quot;0&quot;}\" data-image-title=\"line\" data-image-description=\"\" data-image-caption=\"\" data-large-file=\"https:\/\/www.comuna13online.com.ar\/wp-content\/uploads\/2017\/12\/line.jpg\" src=\"http:\/\/www.comuna13online.com.ar\/wp-content\/uploads\/2017\/12\/line.jpg\" alt=\"\" class=\"wp-image-99\" width=\"678\" height=\"1\" srcset=\"https:\/\/www.comuna13online.com.ar\/wp-content\/uploads\/2017\/12\/line.jpg 678w, https:\/\/www.comuna13online.com.ar\/wp-content\/uploads\/2017\/12\/line-150x1.jpg 150w, https:\/\/www.comuna13online.com.ar\/wp-content\/uploads\/2017\/12\/line-326x1.jpg 326w, https:\/\/www.comuna13online.com.ar\/wp-content\/uploads\/2017\/12\/line-80x1.jpg 80w, https:\/\/www.comuna13online.com.ar\/wp-content\/uploads\/2017\/12\/line-272x1.jpg 272w\" sizes=\"auto, (max-width: 678px) 100vw, 678px\" \/><\/figure>\n\n\n\n<figure class=\"wp-block-image size-full\"><img loading=\"lazy\" decoding=\"async\" width=\"678\" height=\"180\" data-attachment-id=\"8918\" data-permalink=\"https:\/\/www.comuna13online.com.ar\/?attachment_id=8918\" data-orig-file=\"https:\/\/www.comuna13online.com.ar\/wp-content\/uploads\/2020\/04\/corona2.jpg\" data-orig-size=\"678,180\" data-comments-opened=\"0\" data-image-meta=\"{&quot;aperture&quot;:&quot;0&quot;,&quot;credit&quot;:&quot;&quot;,&quot;camera&quot;:&quot;&quot;,&quot;caption&quot;:&quot;&quot;,&quot;created_timestamp&quot;:&quot;0&quot;,&quot;copyright&quot;:&quot;&quot;,&quot;focal_length&quot;:&quot;0&quot;,&quot;iso&quot;:&quot;0&quot;,&quot;shutter_speed&quot;:&quot;0&quot;,&quot;title&quot;:&quot;&quot;,&quot;orientation&quot;:&quot;0&quot;}\" data-image-title=\"corona2\" data-image-description=\"\" data-image-caption=\"\" data-large-file=\"https:\/\/www.comuna13online.com.ar\/wp-content\/uploads\/2020\/04\/corona2.jpg\" src=\"http:\/\/www.comuna13online.com.ar\/wp-content\/uploads\/2020\/04\/corona2.jpg\" alt=\"\" class=\"wp-image-8918\"\/><\/figure>\n","protected":false},"excerpt":{"rendered":"<div class=\"mh-excerpt\">El Gobierno de la Ciudad lanz\u00f3 una campa\u00f1a de recepci\u00f3n de material org\u00e1nico, los jueves de febrero se realizar\u00e1 la recepci\u00f3n de los residuos org\u00e1nicos en nueve Puntos Verdes. La <a class=\"mh-excerpt-more\" href=\"https:\/\/www.comuna13online.com.ar\/?p=12685\" title=\"Habilitan Puntos Verdes para recibir residuos org\u00e1nicos\">[&#8230;]<\/a><\/div>\n","protected":false},"author":1,"featured_media":12687,"comment_status":"closed","ping_status":"closed","sticky":false,"template":"","format":"standard","meta":{"_uag_custom_page_level_css":"","_jetpack_memberships_contains_paid_content":false,"footnotes":"","jetpack_publicize_message":"","jetpack_publicize_feature_enabled":true,"jetpack_social_post_already_shared":true,"jetpack_social_options":{"image_generator_settings":{"template":"highway","default_image_id":0,"font":"","enabled":false},"version":2}},"categories":[224],"tags":[38,250,296,263],"class_list":{"0":"post-12685","1":"post","2":"type-post","3":"status-publish","4":"format-standard","5":"has-post-thumbnail","7":"category-higiene-urbana","8":"tag-basura","9":"tag-h2","10":"tag-h3","11":"tag-higiene-urbana"},"jetpack_publicize_connections":[],"jetpack_featured_media_url":"https:\/\/www.comuna13online.com.ar\/wp-content\/uploads\/2021\/02\/210216a-id.jpg","uagb_featured_image_src":{"full":["https:\/\/www.comuna13online.com.ar\/wp-content\/uploads\/2021\/02\/210216a-id.jpg",678,452,false],"thumbnail":["https:\/\/www.comuna13online.com.ar\/wp-content\/uploads\/2021\/02\/210216a-id.jpg",128,85,false],"medium":["https:\/\/www.comuna13online.com.ar\/wp-content\/uploads\/2021\/02\/210216a-id.jpg",678,452,false],"medium_large":["https:\/\/www.comuna13online.com.ar\/wp-content\/uploads\/2021\/02\/210216a-id.jpg",678,452,false],"large":["https:\/\/www.comuna13online.com.ar\/wp-content\/uploads\/2021\/02\/210216a-id.jpg",678,452,false],"1536x1536":["https:\/\/www.comuna13online.com.ar\/wp-content\/uploads\/2021\/02\/210216a-id.jpg",678,452,false],"2048x2048":["https:\/\/www.comuna13online.com.ar\/wp-content\/uploads\/2021\/02\/210216a-id.jpg",678,452,false],"mh-magazine-slider":["https:\/\/www.comuna13online.com.ar\/wp-content\/uploads\/2021\/02\/210216a-id-678x438.jpg",678,438,true],"mh-magazine-content":["https:\/\/www.comuna13online.com.ar\/wp-content\/uploads\/2021\/02\/210216a-id-678x381.jpg",678,381,true],"mh-magazine-large":["https:\/\/www.comuna13online.com.ar\/wp-content\/uploads\/2021\/02\/210216a-id.jpg",678,452,false],"mh-magazine-medium":["https:\/\/www.comuna13online.com.ar\/wp-content\/uploads\/2021\/02\/210216a-id-326x245.jpg",326,245,true],"mh-magazine-small":["https:\/\/www.comuna13online.com.ar\/wp-content\/uploads\/2021\/02\/210216a-id-80x60.jpg",80,60,true],"sow-carousel-default":["https:\/\/www.comuna13online.com.ar\/wp-content\/uploads\/2021\/02\/210216a-id-272x182.jpg",272,182,true]},"uagb_author_info":{"display_name":"Comuna13","author_link":"https:\/\/www.comuna13online.com.ar\/?author=1"},"uagb_comment_info":0,"uagb_excerpt":"El Gobierno de la Ciudad lanz\u00f3 una campa\u00f1a de recepci\u00f3n de material org\u00e1nico, los jueves de febrero se realizar\u00e1 la recepci\u00f3n de los residuos org\u00e1nicos en nueve Puntos Verdes. La [...]","jetpack_sharing_enabled":true,"_links":{"self":[{"href":"https:\/\/www.comuna13online.com.ar\/index.php?rest_route=\/wp\/v2\/posts\/12685","targetHints":{"allow":["GET"]}}],"collection":[{"href":"https:\/\/www.comuna13online.com.ar\/index.php?rest_route=\/wp\/v2\/posts"}],"about":[{"href":"https:\/\/www.comuna13online.com.ar\/index.php?rest_route=\/wp\/v2\/types\/post"}],"author":[{"embeddable":true,"href":"https:\/\/www.comuna13online.com.ar\/index.php?rest_route=\/wp\/v2\/users\/1"}],"replies":[{"embeddable":true,"href":"https:\/\/www.comuna13online.com.ar\/index.php?rest_route=%2Fwp%2Fv2%2Fcomments&post=12685"}],"version-history":[{"count":0,"href":"https:\/\/www.comuna13online.com.ar\/index.php?rest_route=\/wp\/v2\/posts\/12685\/revisions"}],"wp:featuredmedia":[{"embeddable":true,"href":"https:\/\/www.comuna13online.com.ar\/index.php?rest_route=\/wp\/v2\/media\/12687"}],"wp:attachment":[{"href":"https:\/\/www.comuna13online.com.ar\/index.php?rest_route=%2Fwp%2Fv2%2Fmedia&parent=12685"}],"wp:term":[{"taxonomy":"category","embeddable":true,"href":"https:\/\/www.comuna13online.com.ar\/index.php?rest_route=%2Fwp%2Fv2%2Fcategories&post=12685"},{"taxonomy":"post_tag","embeddable":true,"href":"https:\/\/www.comuna13online.com.ar\/index.php?rest_route=%2Fwp%2Fv2%2Ftags&post=12685"}],"curies":[{"name":"wp","href":"https:\/\/api.w.org\/{rel}","templated":true}]}}