{"id":12677,"date":"2021-02-11T19:55:37","date_gmt":"2021-02-11T22:55:37","guid":{"rendered":"http:\/\/www.comuna13online.com.ar\/?p=12677"},"modified":"2021-02-11T20:09:27","modified_gmt":"2021-02-11T23:09:27","slug":"como-el-regreso-a-las-clases-presenciales-en-la-ciudad","status":"publish","type":"post","link":"https:\/\/www.comuna13online.com.ar\/?p=12677","title":{"rendered":"C\u00f3mo ser\u00e1 el regreso a las clases presenciales en la Ciudad"},"content":{"rendered":"\n<p><strong>El Gobierno de la Ciudad dio a conocer hoy el protocolo final con las medidas sanitarias para el regreso a las clases presenciales a partir del pr\u00f3ximo 17 de febrero.<\/strong><\/p>\n\n\n\n<figure class=\"wp-block-image size-large\"><img loading=\"lazy\" decoding=\"async\" width=\"678\" height=\"452\" data-attachment-id=\"12678\" data-permalink=\"https:\/\/www.comuna13online.com.ar\/?attachment_id=12678\" data-orig-file=\"https:\/\/www.comuna13online.com.ar\/wp-content\/uploads\/2021\/02\/210212c-01.jpg\" data-orig-size=\"678,452\" data-comments-opened=\"0\" data-image-meta=\"{&quot;aperture&quot;:&quot;0&quot;,&quot;credit&quot;:&quot;&quot;,&quot;camera&quot;:&quot;&quot;,&quot;caption&quot;:&quot;&quot;,&quot;created_timestamp&quot;:&quot;0&quot;,&quot;copyright&quot;:&quot;&quot;,&quot;focal_length&quot;:&quot;0&quot;,&quot;iso&quot;:&quot;0&quot;,&quot;shutter_speed&quot;:&quot;0&quot;,&quot;title&quot;:&quot;&quot;,&quot;orientation&quot;:&quot;0&quot;}\" data-image-title=\"210212c-01\" data-image-description=\"\" data-image-caption=\"\" data-large-file=\"https:\/\/www.comuna13online.com.ar\/wp-content\/uploads\/2021\/02\/210212c-01.jpg\" src=\"http:\/\/www.comuna13online.com.ar\/wp-content\/uploads\/2021\/02\/210212c-01.jpg\" alt=\"\" class=\"wp-image-12678\" srcset=\"https:\/\/www.comuna13online.com.ar\/wp-content\/uploads\/2021\/02\/210212c-01.jpg 678w, https:\/\/www.comuna13online.com.ar\/wp-content\/uploads\/2021\/02\/210212c-01-272x182.jpg 272w\" sizes=\"auto, (max-width: 678px) 100vw, 678px\" \/><figcaption><strong><sup>El Jefe de Gobierno Horacio Rodr\u00edguez Larreta junto a la Ministra de Educaci\u00f3n, Soledad Acu\u00f1a y el Jefe de Gabinete, Felipe Miguel.<\/sup><\/strong><\/figcaption><\/figure>\n\n\n\n<p>El Gobierno porte\u00f1o present\u00f3 el protocolo para que el 17 de febrero comiencen las clases en las escuelas de la ciudad en un marco de \u201cpresencialidad cuidada\u201d.<\/p>\n\n\n\n<p>Los chicos asistir\u00e1n a clase todos los d\u00edas con una jornada simple de 4 horas y lo har\u00e1n de manera progresiva. Los estudiantes que formen parte de alguno de los grupos de riesgo establecidos por la autoridad sanitaria, embarazadas o mayores de sesenta (60) a\u00f1os o que convivan con una persona perteneciente a dichos grupos, podr\u00e1n exceptuarse de asistir de manera presencial al establecimiento educativo, debiendo presentar el certificado m\u00e9dico correspondiente y\/o acreditar la convivencia seg\u00fan el caso. Para dichos grupos de estudiantes, se brindar\u00e1n alternativas remotas para garantizar la continuidad pedag\u00f3gica.<\/p>\n\n\n\n<ul class=\"wp-block-list\"><li>El 17 de febrero vuelven los chicos de 45 d\u00edas a 5 a\u00f1os, los primeros tres grados del primario y de modalidad Especial y los primeros dos a\u00f1os del secundario.<\/li><li>El 22 de febrero, los estudiantes de los \u00faltimos cuatro grados del primario y de la modalidad Especial.<\/li><li>El 1 de marzo, los estudiantes de los tres \u00faltimos a\u00f1os del secundario y de los \u00faltimos cuatro a\u00f1os de escuela t\u00e9cnica.<\/li><li>El 8 de marzo los estudiantes de la escuela de adultos.<\/li><li>El 22 de marzo los terciarios y los institutos de formaci\u00f3n profesional y de docentes.<\/li><\/ul>\n\n\n\n<h4 class=\"wp-block-heading\">EL PROTOCOLO<\/h4>\n\n\n\n<p>Se implementa de acuerdo a la realidad de cada escuela. El uso de tapabocas y la toma de temperatura al ingresar son comunes a todas. Es un protocolo detallado con pautas para garantizar la presencialidad cuidada como por ejemplo:<\/p>\n\n\n\n<ul class=\"wp-block-list\"><li>El ingreso a las escuelas va a ser escalonado cada 10 minutos.<\/li><li>Las burbujas van a ser el grado, sala, curso o a\u00f1o.<\/li><li>La distancia social tendr\u00e1 que ser de 1,5 metro como m\u00ednimo y para eso se har\u00e1 una redistribuci\u00f3n del mobiliario.<\/li><li>Al entrar se les va a tomar la temperatura a todos los chicos y van a limpiarse las manos con alcohol en gel.<\/li><li>El tapabocas va a ser obligatorio desde sala de cinco en adelante y vamos a darles m\u00e1scaras de acetato a los docentes.<\/li><li>Es clave la renovaci\u00f3n del aire y se mantendr\u00e1n abiertas puertas y ventanas.<\/li><li>Va a haber recreos pero sin contacto entre las distintas burbujas. Pueden ser en horarios escalonados o en diferentes espacios, por ejemplo.<\/li><li>Algunas actividades, como las clases de educaci\u00f3n f\u00edsica y de m\u00fasica, van a tener su protocolo espec\u00edfico.<\/li><li>Quedan suspendidos por el momento los grandes actos, incluido el de inicio de clases.<\/li><\/ul>\n\n\n\n<p>Cada una de las escuelas, con participaci\u00f3n de los directivos y los docentes, adaptan este protocolo de acuerdo a las caracter\u00edsticas del edificio. Hoy los establecimientos se dividen en 5 tipos seg\u00fan su modelo de construcci\u00f3n y sus condiciones edilicias. El Gobierno va a acompa\u00f1arlos y habr\u00e1 un control permanente de manera conjunta con los gremios y la comunidad educativa, como as\u00ed tambi\u00e9n de la evoluci\u00f3n de la situaci\u00f3n sanitaria.<\/p>\n\n\n\n<p>Adem\u00e1s, se habilitar\u00e1 una l\u00ednea telef\u00f3nica exclusiva para que los equipos directivos de cada escuela puedan comunicarse ante cualquier inconveniente o duda respecto de la implementaci\u00f3n del protocolo. Y tambi\u00e9n van a poder ingresar a la p\u00e1gina web de la Ciudad para ver los detalles que necesiten.<\/p>\n\n\n\n<p>Y las familias van a recibir entre hoy y ma\u00f1ana todos los detalles de horarios y organizaci\u00f3n para la vuelta a clases.<\/p>\n\n\n\n<h4 class=\"wp-block-heading\">PLAN DE TESTEOS<\/h4>\n\n\n\n<p>El testeo es una de las mejores herramientas para enfrentar la pandemia. Esta semana se puso en marcha el plan de testeos exclusivo para la comunidad educativa para trabajadores tanto de escuelas p\u00fablicas como privadas, que pueden testearse cada dos semanas.<\/p>\n\n\n\n<p>Los centros de testeo son:<\/p>\n\n\n\n<ol class=\"wp-block-list\"><li>La Rural (Comuna 14), Palermo, funciona de 8 a 20 de lunes a domingos. Se puede hacer el test tanto en forma peatonal con entrada por Av. Santa Fe 4201, como vehicular, con acceso por Av. Sarmiento 2704.<\/li><li>Usina del Arte (Comuna 4), Agust\u00edn Caffarena 1, La Boca. Testeo peatonal, de lunes a viernes de 9 a 15.<\/li><li>Sede Comunal 7 (Av. Rivadavia 7202), Flores, que har\u00e1 testeo peatonal de 9 a 15 de lunes a viernes.<\/li><\/ol>\n\n\n\n<p>Los turnos se sacan en la direcci\u00f3n web de la Ciudad&nbsp;<a href=\"https:\/\/www.buenosaires.gob.ar\/educacion\/noticias\/testeos-gratuitos-para-el-personal-docente-y-no-docente\" target=\"_blank\" rel=\"noreferrer noopener\">https:\/\/www.buenosaires.gob.ar\/educacion\/noticias\/testeos-gratuitos-para-el-personal-docente-y-no-docente<\/a>.<\/p>\n\n\n\n<p>\ufe0fResultados. Ser\u00e1n informados entre las 12 y 24 horas a trav\u00e9s de mail o comunicaci\u00f3n telef\u00f3nica o mediante el chat Boti (11 50500147). En caso de resultar positivo ser\u00e1 informado por personal de Salud mediante un llamado telef\u00f3nico para poder transmitir el procedimiento sanitario a seguir.<\/p>\n\n\n\n<p>Hasta anoche desde el lunes 8 testearon a 3.251 docentes y no docentes, con 15 casos acumulados positivos y 407 de personas que mostraron tener anticuerpos de Covid 19.<\/p>\n\n\n\n<figure class=\"wp-block-image size-large is-resized\"><img loading=\"lazy\" decoding=\"async\" data-attachment-id=\"99\" data-permalink=\"https:\/\/www.comuna13online.com.ar\/?attachment_id=99\" data-orig-file=\"https:\/\/www.comuna13online.com.ar\/wp-content\/uploads\/2017\/12\/line.jpg\" data-orig-size=\"678,1\" data-comments-opened=\"0\" data-image-meta=\"{&quot;aperture&quot;:&quot;0&quot;,&quot;credit&quot;:&quot;&quot;,&quot;camera&quot;:&quot;&quot;,&quot;caption&quot;:&quot;&quot;,&quot;created_timestamp&quot;:&quot;0&quot;,&quot;copyright&quot;:&quot;&quot;,&quot;focal_length&quot;:&quot;0&quot;,&quot;iso&quot;:&quot;0&quot;,&quot;shutter_speed&quot;:&quot;0&quot;,&quot;title&quot;:&quot;&quot;,&quot;orientation&quot;:&quot;0&quot;}\" data-image-title=\"line\" data-image-description=\"\" data-image-caption=\"\" data-large-file=\"https:\/\/www.comuna13online.com.ar\/wp-content\/uploads\/2017\/12\/line.jpg\" src=\"http:\/\/www.comuna13online.com.ar\/wp-content\/uploads\/2017\/12\/line.jpg\" alt=\"\" class=\"wp-image-99\" width=\"678\" height=\"1\" srcset=\"https:\/\/www.comuna13online.com.ar\/wp-content\/uploads\/2017\/12\/line.jpg 678w, https:\/\/www.comuna13online.com.ar\/wp-content\/uploads\/2017\/12\/line-150x1.jpg 150w, https:\/\/www.comuna13online.com.ar\/wp-content\/uploads\/2017\/12\/line-326x1.jpg 326w, https:\/\/www.comuna13online.com.ar\/wp-content\/uploads\/2017\/12\/line-80x1.jpg 80w, https:\/\/www.comuna13online.com.ar\/wp-content\/uploads\/2017\/12\/line-272x1.jpg 272w\" sizes=\"auto, (max-width: 678px) 100vw, 678px\" \/><\/figure>\n\n\n\n<figure class=\"wp-block-image size-full\"><img loading=\"lazy\" decoding=\"async\" width=\"678\" height=\"180\" data-attachment-id=\"8918\" data-permalink=\"https:\/\/www.comuna13online.com.ar\/?attachment_id=8918\" data-orig-file=\"https:\/\/www.comuna13online.com.ar\/wp-content\/uploads\/2020\/04\/corona2.jpg\" data-orig-size=\"678,180\" data-comments-opened=\"0\" data-image-meta=\"{&quot;aperture&quot;:&quot;0&quot;,&quot;credit&quot;:&quot;&quot;,&quot;camera&quot;:&quot;&quot;,&quot;caption&quot;:&quot;&quot;,&quot;created_timestamp&quot;:&quot;0&quot;,&quot;copyright&quot;:&quot;&quot;,&quot;focal_length&quot;:&quot;0&quot;,&quot;iso&quot;:&quot;0&quot;,&quot;shutter_speed&quot;:&quot;0&quot;,&quot;title&quot;:&quot;&quot;,&quot;orientation&quot;:&quot;0&quot;}\" data-image-title=\"corona2\" data-image-description=\"\" data-image-caption=\"\" data-large-file=\"https:\/\/www.comuna13online.com.ar\/wp-content\/uploads\/2020\/04\/corona2.jpg\" src=\"http:\/\/www.comuna13online.com.ar\/wp-content\/uploads\/2020\/04\/corona2.jpg\" alt=\"\" class=\"wp-image-8918\"\/><\/figure>\n","protected":false},"excerpt":{"rendered":"<div class=\"mh-excerpt\">El Gobierno de la Ciudad dio a conocer hoy el protocolo final con las medidas sanitarias para el regreso a las clases presenciales a partir del pr\u00f3ximo 17 de febrero. <a class=\"mh-excerpt-more\" href=\"https:\/\/www.comuna13online.com.ar\/?p=12677\" title=\"C\u00f3mo ser\u00e1 el regreso a las clases presenciales en la Ciudad\">[&#8230;]<\/a><\/div>\n","protected":false},"author":1,"featured_media":12679,"comment_status":"closed","ping_status":"closed","sticky":false,"template":"","format":"standard","meta":{"_uag_custom_page_level_css":"","_jetpack_memberships_contains_paid_content":false,"footnotes":"","jetpack_publicize_message":"","jetpack_publicize_feature_enabled":true,"jetpack_social_post_already_shared":true,"jetpack_social_options":{"image_generator_settings":{"template":"highway","default_image_id":0,"font":"","enabled":false},"version":2}},"categories":[113],"tags":[271,114,246,250,296],"class_list":{"0":"post-12677","1":"post","2":"type-post","3":"status-publish","4":"format-standard","5":"has-post-thumbnail","7":"category-educacion","8":"tag-coronavirus","9":"tag-educacion","10":"tag-h1","11":"tag-h2","12":"tag-h3"},"jetpack_publicize_connections":[],"jetpack_featured_media_url":"https:\/\/www.comuna13online.com.ar\/wp-content\/uploads\/2021\/02\/210212c-id.jpg","uagb_featured_image_src":{"full":["https:\/\/www.comuna13online.com.ar\/wp-content\/uploads\/2021\/02\/210212c-id.jpg",1030,438,false],"thumbnail":["https:\/\/www.comuna13online.com.ar\/wp-content\/uploads\/2021\/02\/210212c-id.jpg",128,54,false],"medium":["https:\/\/www.comuna13online.com.ar\/wp-content\/uploads\/2021\/02\/210212c-id.jpg",1030,438,false],"medium_large":["https:\/\/www.comuna13online.com.ar\/wp-content\/uploads\/2021\/02\/210212c-id-768x327.jpg",768,327,true],"large":["https:\/\/www.comuna13online.com.ar\/wp-content\/uploads\/2021\/02\/210212c-id.jpg",1030,438,false],"1536x1536":["https:\/\/www.comuna13online.com.ar\/wp-content\/uploads\/2021\/02\/210212c-id.jpg",1030,438,false],"2048x2048":["https:\/\/www.comuna13online.com.ar\/wp-content\/uploads\/2021\/02\/210212c-id.jpg",1030,438,false],"mh-magazine-slider":["https:\/\/www.comuna13online.com.ar\/wp-content\/uploads\/2021\/02\/210212c-id-1030x438.jpg",1030,438,true],"mh-magazine-content":["https:\/\/www.comuna13online.com.ar\/wp-content\/uploads\/2021\/02\/210212c-id-678x381.jpg",678,381,true],"mh-magazine-large":["https:\/\/www.comuna13online.com.ar\/wp-content\/uploads\/2021\/02\/210212c-id-678x438.jpg",678,438,true],"mh-magazine-medium":["https:\/\/www.comuna13online.com.ar\/wp-content\/uploads\/2021\/02\/210212c-id-326x245.jpg",326,245,true],"mh-magazine-small":["https:\/\/www.comuna13online.com.ar\/wp-content\/uploads\/2021\/02\/210212c-id-80x60.jpg",80,60,true],"sow-carousel-default":["https:\/\/www.comuna13online.com.ar\/wp-content\/uploads\/2021\/02\/210212c-id-272x182.jpg",272,182,true]},"uagb_author_info":{"display_name":"Comuna13","author_link":"https:\/\/www.comuna13online.com.ar\/?author=1"},"uagb_comment_info":0,"uagb_excerpt":"El Gobierno de la Ciudad dio a conocer hoy el protocolo final con las medidas sanitarias para el regreso a las clases presenciales a partir del pr\u00f3ximo 17 de febrero. [...]","jetpack_sharing_enabled":true,"_links":{"self":[{"href":"https:\/\/www.comuna13online.com.ar\/index.php?rest_route=\/wp\/v2\/posts\/12677","targetHints":{"allow":["GET"]}}],"collection":[{"href":"https:\/\/www.comuna13online.com.ar\/index.php?rest_route=\/wp\/v2\/posts"}],"about":[{"href":"https:\/\/www.comuna13online.com.ar\/index.php?rest_route=\/wp\/v2\/types\/post"}],"author":[{"embeddable":true,"href":"https:\/\/www.comuna13online.com.ar\/index.php?rest_route=\/wp\/v2\/users\/1"}],"replies":[{"embeddable":true,"href":"https:\/\/www.comuna13online.com.ar\/index.php?rest_route=%2Fwp%2Fv2%2Fcomments&post=12677"}],"version-history":[{"count":0,"href":"https:\/\/www.comuna13online.com.ar\/index.php?rest_route=\/wp\/v2\/posts\/12677\/revisions"}],"wp:featuredmedia":[{"embeddable":true,"href":"https:\/\/www.comuna13online.com.ar\/index.php?rest_route=\/wp\/v2\/media\/12679"}],"wp:attachment":[{"href":"https:\/\/www.comuna13online.com.ar\/index.php?rest_route=%2Fwp%2Fv2%2Fmedia&parent=12677"}],"wp:term":[{"taxonomy":"category","embeddable":true,"href":"https:\/\/www.comuna13online.com.ar\/index.php?rest_route=%2Fwp%2Fv2%2Fcategories&post=12677"},{"taxonomy":"post_tag","embeddable":true,"href":"https:\/\/www.comuna13online.com.ar\/index.php?rest_route=%2Fwp%2Fv2%2Ftags&post=12677"}],"curies":[{"name":"wp","href":"https:\/\/api.w.org\/{rel}","templated":true}]}}