{"id":12673,"date":"2021-02-12T09:00:00","date_gmt":"2021-02-12T12:00:00","guid":{"rendered":"http:\/\/www.comuna13online.com.ar\/?p=12673"},"modified":"2021-02-11T18:14:28","modified_gmt":"2021-02-11T21:14:28","slug":"llega-el-ano-nuevo-chino-con-una-celebracion-diferente","status":"publish","type":"post","link":"https:\/\/www.comuna13online.com.ar\/?p=12673","title":{"rendered":"Llega el a\u00f1o Nuevo Chino con una celebraci\u00f3n diferente"},"content":{"rendered":"\n<p><strong>Esta 12 de febrero comienza el A\u00f1o del Buey o B\u00fafalo, debido al contexto, esta vez los vecinos podr\u00e1n disfrutar de la cultura china a trav\u00e9s de las redes sociales.<\/strong><\/p>\n\n\n\n<figure class=\"wp-block-image size-large\"><img loading=\"lazy\" decoding=\"async\" width=\"678\" height=\"452\" data-attachment-id=\"12675\" data-permalink=\"https:\/\/www.comuna13online.com.ar\/?attachment_id=12675\" data-orig-file=\"https:\/\/www.comuna13online.com.ar\/wp-content\/uploads\/2021\/02\/210211a-id.jpg\" data-orig-size=\"678,452\" data-comments-opened=\"0\" data-image-meta=\"{&quot;aperture&quot;:&quot;0&quot;,&quot;credit&quot;:&quot;&quot;,&quot;camera&quot;:&quot;&quot;,&quot;caption&quot;:&quot;&quot;,&quot;created_timestamp&quot;:&quot;0&quot;,&quot;copyright&quot;:&quot;&quot;,&quot;focal_length&quot;:&quot;0&quot;,&quot;iso&quot;:&quot;0&quot;,&quot;shutter_speed&quot;:&quot;0&quot;,&quot;title&quot;:&quot;&quot;,&quot;orientation&quot;:&quot;0&quot;}\" data-image-title=\"210211a-id\" data-image-description=\"\" data-image-caption=\"\" data-large-file=\"https:\/\/www.comuna13online.com.ar\/wp-content\/uploads\/2021\/02\/210211a-id.jpg\" src=\"http:\/\/www.comuna13online.com.ar\/wp-content\/uploads\/2021\/02\/210211a-id.jpg\" alt=\"\" class=\"wp-image-12675\" srcset=\"https:\/\/www.comuna13online.com.ar\/wp-content\/uploads\/2021\/02\/210211a-id.jpg 678w, https:\/\/www.comuna13online.com.ar\/wp-content\/uploads\/2021\/02\/210211a-id-272x182.jpg 272w\" sizes=\"auto, (max-width: 678px) 100vw, 678px\" \/><\/figure>\n\n\n\n<p>Con el objetivo de mantener el festejo de una manera cuidada, el drag\u00f3n chino -que simboliza la sabidur\u00eda, la cultura y la riqueza- y los dos leones pasearon por los lugares m\u00e1s representativos y emblem\u00e1ticos de la ciudad. El recorrido se inici\u00f3 en la Avenida Belgrano y Tacuar\u00ed, pasando posteriormente por el Obelisco, Caminito, el Puente de la Mujer, la Torre de Interama, el Planetario y la Floralis Gen\u00e9rica. Esta actividad, que cumpli\u00f3 con los protocolos de prevenci\u00f3n de la propagaci\u00f3n del Covid-19, se realiz\u00f3 en conjunto con la escuela Lung Chuan dirigida por Germ\u00e1n Berm\u00fadez, quienes realizan las danzas tradicionales del Le\u00f3n y drag\u00f3n desde 2008 en los eventos de a\u00f1o nuevo y otras festividades de la comunidad.<\/p>\n\n\n\n<p>Adem\u00e1s, para mantener parte de las tradiciones este 12 de febrero, desde el canal de\u00a0<a rel=\"noreferrer noopener\" href=\"https:\/\/www.youtube.com\/user\/GCBA\" target=\"_blank\">Youtube<\/a>\u00a0del Gobierno de la Ciudad, estar\u00e1 disponible un encuentro en el que cuatro generaciones de mujeres de la colectividad compartir\u00e1n ritos de la cena de a\u00f1o nuevo y la ceremonia del t\u00e9. Con el objetivo de acercar estas hist\u00f3ricas tradiciones a los vecinos y vecinas de la ciudad nos compartir\u00e1n las costumbres que se traspasan de generaci\u00f3n en generaci\u00f3n. Tambi\u00e9n se podr\u00e1 ver el video del recorrido del drag\u00f3n, realizado el 7, en las redes sociales de la Subsecretar\u00eda de Derechos Humanos y Pluralismo Cultural de la Ciudad:\u00a0<a rel=\"noreferrer noopener\" href=\"https:\/\/www.instagram.com\/dhumanosba\/\" target=\"_blank\">Instagram<\/a>,\u00a0<a rel=\"noreferrer noopener\" href=\"https:\/\/www.facebook.com\/dhumanosba\" target=\"_blank\">Facebook<\/a>\u00a0y\u00a0<a rel=\"noreferrer noopener\" href=\"https:\/\/www.twitter.com\/dhumanosba\/\" target=\"_blank\">Twitter<\/a>.<\/p>\n\n\n\n<p>\u201c\u201d<\/p>\n\n\n\n<p><em>\u201cQueremos extender la invitaci\u00f3n a todos los vecinos de la ciudad, en esta oportunidad desde los hogares, a preparar recetas de la gastronom\u00eda t\u00edpica china y a apoyar los emprendimientos de la colectividad que durante la pandemia se han visto afectados. Mantener vivas las tradiciones es una forma de estar unidos y conectados. Si bien este a\u00f1o no podemos encontrarnos a festejar como siempre, desde el Gobierno de la Ciudad seguimos trabajando para resaltar los aportes de esta gran comunidad a la Ciudad de Buenos Aires\u201d<\/em>, expres\u00f3 Mercedes Barbara, Directora General de Colectividades.<\/p>\n\n\n\n<figure class=\"wp-block-image size-large is-resized\"><img loading=\"lazy\" decoding=\"async\" data-attachment-id=\"99\" data-permalink=\"https:\/\/www.comuna13online.com.ar\/?attachment_id=99\" data-orig-file=\"https:\/\/www.comuna13online.com.ar\/wp-content\/uploads\/2017\/12\/line.jpg\" data-orig-size=\"678,1\" data-comments-opened=\"0\" data-image-meta=\"{&quot;aperture&quot;:&quot;0&quot;,&quot;credit&quot;:&quot;&quot;,&quot;camera&quot;:&quot;&quot;,&quot;caption&quot;:&quot;&quot;,&quot;created_timestamp&quot;:&quot;0&quot;,&quot;copyright&quot;:&quot;&quot;,&quot;focal_length&quot;:&quot;0&quot;,&quot;iso&quot;:&quot;0&quot;,&quot;shutter_speed&quot;:&quot;0&quot;,&quot;title&quot;:&quot;&quot;,&quot;orientation&quot;:&quot;0&quot;}\" data-image-title=\"line\" data-image-description=\"\" data-image-caption=\"\" data-large-file=\"https:\/\/www.comuna13online.com.ar\/wp-content\/uploads\/2017\/12\/line.jpg\" src=\"http:\/\/www.comuna13online.com.ar\/wp-content\/uploads\/2017\/12\/line.jpg\" alt=\"\" class=\"wp-image-99\" width=\"678\" height=\"1\" srcset=\"https:\/\/www.comuna13online.com.ar\/wp-content\/uploads\/2017\/12\/line.jpg 678w, https:\/\/www.comuna13online.com.ar\/wp-content\/uploads\/2017\/12\/line-150x1.jpg 150w, https:\/\/www.comuna13online.com.ar\/wp-content\/uploads\/2017\/12\/line-326x1.jpg 326w, https:\/\/www.comuna13online.com.ar\/wp-content\/uploads\/2017\/12\/line-80x1.jpg 80w, https:\/\/www.comuna13online.com.ar\/wp-content\/uploads\/2017\/12\/line-272x1.jpg 272w\" sizes=\"auto, (max-width: 678px) 100vw, 678px\" \/><\/figure>\n\n\n\n<figure class=\"wp-block-image size-full\"><img loading=\"lazy\" decoding=\"async\" width=\"678\" height=\"180\" data-attachment-id=\"8918\" data-permalink=\"https:\/\/www.comuna13online.com.ar\/?attachment_id=8918\" data-orig-file=\"https:\/\/www.comuna13online.com.ar\/wp-content\/uploads\/2020\/04\/corona2.jpg\" data-orig-size=\"678,180\" data-comments-opened=\"0\" data-image-meta=\"{&quot;aperture&quot;:&quot;0&quot;,&quot;credit&quot;:&quot;&quot;,&quot;camera&quot;:&quot;&quot;,&quot;caption&quot;:&quot;&quot;,&quot;created_timestamp&quot;:&quot;0&quot;,&quot;copyright&quot;:&quot;&quot;,&quot;focal_length&quot;:&quot;0&quot;,&quot;iso&quot;:&quot;0&quot;,&quot;shutter_speed&quot;:&quot;0&quot;,&quot;title&quot;:&quot;&quot;,&quot;orientation&quot;:&quot;0&quot;}\" data-image-title=\"corona2\" data-image-description=\"\" data-image-caption=\"\" data-large-file=\"https:\/\/www.comuna13online.com.ar\/wp-content\/uploads\/2020\/04\/corona2.jpg\" src=\"http:\/\/www.comuna13online.com.ar\/wp-content\/uploads\/2020\/04\/corona2.jpg\" alt=\"\" class=\"wp-image-8918\"\/><\/figure>\n","protected":false},"excerpt":{"rendered":"<div class=\"mh-excerpt\">Esta 12 de febrero comienza el A\u00f1o del Buey o B\u00fafalo, debido al contexto, esta vez los vecinos podr\u00e1n disfrutar de la cultura china a trav\u00e9s de las redes sociales. <a class=\"mh-excerpt-more\" href=\"https:\/\/www.comuna13online.com.ar\/?p=12673\" title=\"Llega el a\u00f1o Nuevo Chino con una celebraci\u00f3n diferente\">[&#8230;]<\/a><\/div>\n","protected":false},"author":1,"featured_media":12675,"comment_status":"closed","ping_status":"closed","sticky":false,"template":"","format":"standard","meta":{"_uag_custom_page_level_css":"","_jetpack_memberships_contains_paid_content":false,"footnotes":"","jetpack_publicize_message":"","jetpack_publicize_feature_enabled":true,"jetpack_social_post_already_shared":true,"jetpack_social_options":{"image_generator_settings":{"template":"highway","default_image_id":0,"font":"","enabled":false},"version":2}},"categories":[151],"tags":[46,250,296],"class_list":{"0":"post-12673","1":"post","2":"type-post","3":"status-publish","4":"format-standard","5":"has-post-thumbnail","7":"category-festivales","8":"tag-festejos","9":"tag-h2","10":"tag-h3"},"jetpack_publicize_connections":[],"jetpack_featured_media_url":"https:\/\/www.comuna13online.com.ar\/wp-content\/uploads\/2021\/02\/210211a-id.jpg","uagb_featured_image_src":{"full":["https:\/\/www.comuna13online.com.ar\/wp-content\/uploads\/2021\/02\/210211a-id.jpg",678,452,false],"thumbnail":["https:\/\/www.comuna13online.com.ar\/wp-content\/uploads\/2021\/02\/210211a-id.jpg",128,85,false],"medium":["https:\/\/www.comuna13online.com.ar\/wp-content\/uploads\/2021\/02\/210211a-id.jpg",678,452,false],"medium_large":["https:\/\/www.comuna13online.com.ar\/wp-content\/uploads\/2021\/02\/210211a-id.jpg",678,452,false],"large":["https:\/\/www.comuna13online.com.ar\/wp-content\/uploads\/2021\/02\/210211a-id.jpg",678,452,false],"1536x1536":["https:\/\/www.comuna13online.com.ar\/wp-content\/uploads\/2021\/02\/210211a-id.jpg",678,452,false],"2048x2048":["https:\/\/www.comuna13online.com.ar\/wp-content\/uploads\/2021\/02\/210211a-id.jpg",678,452,false],"mh-magazine-slider":["https:\/\/www.comuna13online.com.ar\/wp-content\/uploads\/2021\/02\/210211a-id-678x438.jpg",678,438,true],"mh-magazine-content":["https:\/\/www.comuna13online.com.ar\/wp-content\/uploads\/2021\/02\/210211a-id-678x381.jpg",678,381,true],"mh-magazine-large":["https:\/\/www.comuna13online.com.ar\/wp-content\/uploads\/2021\/02\/210211a-id.jpg",678,452,false],"mh-magazine-medium":["https:\/\/www.comuna13online.com.ar\/wp-content\/uploads\/2021\/02\/210211a-id-326x245.jpg",326,245,true],"mh-magazine-small":["https:\/\/www.comuna13online.com.ar\/wp-content\/uploads\/2021\/02\/210211a-id-80x60.jpg",80,60,true],"sow-carousel-default":["https:\/\/www.comuna13online.com.ar\/wp-content\/uploads\/2021\/02\/210211a-id-272x182.jpg",272,182,true]},"uagb_author_info":{"display_name":"Comuna13","author_link":"https:\/\/www.comuna13online.com.ar\/?author=1"},"uagb_comment_info":0,"uagb_excerpt":"Esta 12 de febrero comienza el A\u00f1o del Buey o B\u00fafalo, debido al contexto, esta vez los vecinos podr\u00e1n disfrutar de la cultura china a trav\u00e9s de las redes sociales. [...]","jetpack_sharing_enabled":true,"_links":{"self":[{"href":"https:\/\/www.comuna13online.com.ar\/index.php?rest_route=\/wp\/v2\/posts\/12673","targetHints":{"allow":["GET"]}}],"collection":[{"href":"https:\/\/www.comuna13online.com.ar\/index.php?rest_route=\/wp\/v2\/posts"}],"about":[{"href":"https:\/\/www.comuna13online.com.ar\/index.php?rest_route=\/wp\/v2\/types\/post"}],"author":[{"embeddable":true,"href":"https:\/\/www.comuna13online.com.ar\/index.php?rest_route=\/wp\/v2\/users\/1"}],"replies":[{"embeddable":true,"href":"https:\/\/www.comuna13online.com.ar\/index.php?rest_route=%2Fwp%2Fv2%2Fcomments&post=12673"}],"version-history":[{"count":0,"href":"https:\/\/www.comuna13online.com.ar\/index.php?rest_route=\/wp\/v2\/posts\/12673\/revisions"}],"wp:featuredmedia":[{"embeddable":true,"href":"https:\/\/www.comuna13online.com.ar\/index.php?rest_route=\/wp\/v2\/media\/12675"}],"wp:attachment":[{"href":"https:\/\/www.comuna13online.com.ar\/index.php?rest_route=%2Fwp%2Fv2%2Fmedia&parent=12673"}],"wp:term":[{"taxonomy":"category","embeddable":true,"href":"https:\/\/www.comuna13online.com.ar\/index.php?rest_route=%2Fwp%2Fv2%2Fcategories&post=12673"},{"taxonomy":"post_tag","embeddable":true,"href":"https:\/\/www.comuna13online.com.ar\/index.php?rest_route=%2Fwp%2Fv2%2Ftags&post=12673"}],"curies":[{"name":"wp","href":"https:\/\/api.w.org\/{rel}","templated":true}]}}