{"id":12655,"date":"2021-02-10T17:11:00","date_gmt":"2021-02-10T20:11:00","guid":{"rendered":"http:\/\/www.comuna13online.com.ar\/?p=12655"},"modified":"2021-02-10T14:46:03","modified_gmt":"2021-02-10T17:46:03","slug":"comienzan-los-testeos-gratuitos-para-trabajadores-de-los-centros-de-primera-infancia-portenos","status":"publish","type":"post","link":"https:\/\/www.comuna13online.com.ar\/?p=12655","title":{"rendered":"Comienzan los testeos gratuitos para trabajadores de los Centros de Primera Infancia porte\u00f1os"},"content":{"rendered":"\n<p><strong>Abarca a un universo de 1.304 personas que se desempe\u00f1an en los 91 establecimientos -75 CPI y 16 jardines comunitarios- de toda la Ciudad. A partir del 17 de febrero, m\u00e1s de 8.400 ni\u00f1os y ni\u00f1as de 0 a 3 a\u00f1os retomar\u00e1n las actividades presenciales.<\/strong><\/p>\n\n\n\n<figure class=\"wp-block-image size-large\"><img loading=\"lazy\" decoding=\"async\" width=\"678\" height=\"451\" data-attachment-id=\"12656\" data-permalink=\"https:\/\/www.comuna13online.com.ar\/?attachment_id=12656\" data-orig-file=\"https:\/\/www.comuna13online.com.ar\/wp-content\/uploads\/2021\/02\/210210a-01.jpg\" data-orig-size=\"678,451\" data-comments-opened=\"0\" data-image-meta=\"{&quot;aperture&quot;:&quot;0&quot;,&quot;credit&quot;:&quot;&quot;,&quot;camera&quot;:&quot;&quot;,&quot;caption&quot;:&quot;&quot;,&quot;created_timestamp&quot;:&quot;0&quot;,&quot;copyright&quot;:&quot;&quot;,&quot;focal_length&quot;:&quot;0&quot;,&quot;iso&quot;:&quot;0&quot;,&quot;shutter_speed&quot;:&quot;0&quot;,&quot;title&quot;:&quot;&quot;,&quot;orientation&quot;:&quot;0&quot;}\" data-image-title=\"210210a-01\" data-image-description=\"\" data-image-caption=\"\" data-large-file=\"https:\/\/www.comuna13online.com.ar\/wp-content\/uploads\/2021\/02\/210210a-01.jpg\" src=\"http:\/\/www.comuna13online.com.ar\/wp-content\/uploads\/2021\/02\/210210a-01.jpg\" alt=\"\" class=\"wp-image-12656\" srcset=\"https:\/\/www.comuna13online.com.ar\/wp-content\/uploads\/2021\/02\/210210a-01.jpg 678w, https:\/\/www.comuna13online.com.ar\/wp-content\/uploads\/2021\/02\/210210a-01-272x182.jpg 272w\" sizes=\"auto, (max-width: 678px) 100vw, 678px\" \/><\/figure>\n\n\n\n<p>El mi\u00e9rcoles 10 de febrero comienzan los testeos para los 1.304 trabajadores y trabajadoras de los Centros de Primera Infancia y Jardines Comunitarios de la Ciudad de Buenos Aires, con vistas al inicio de las actividades presenciales el pr\u00f3ximo 17 de febrero.<\/p>\n\n\n\n<p>Los centros en los que se busca prevenir el Covid-19 se encuentran ubicados en La Rural, la Usina del Arte y la Sede Comunal 7 y son los mismos que se utilizan para el personal docente y no docente de las escuelas p\u00fablicas y privadas de la Ciudad.&nbsp;<\/p>\n\n\n\n<p>El testeo es voluntario, pero muy recomendado. El fin es poder establecer intervenciones oportunas para disminuir la transmisi\u00f3n del coronavirus a trav\u00e9s de la b\u00fasqueda activa de personas asintom\u00e1ticas.<\/p>\n\n\n\n<p>Para hacerlo, deber\u00e1n sacar previamente un turno en l\u00ednea y presentar el d\u00eda correspondiente una copia en papel o digital del recibo de sueldo o un documento que acredite que trabajan en un Centro de Primera Infancia de la Ciudad.<\/p>\n\n\n\n<p><strong>Centros de testeos y horarios:<\/strong><\/p>\n\n\n\n<ul class=\"wp-block-list\"><li><strong>La Rural<\/strong> &#8211; <a rel=\"noreferrer noopener\" target=\"_blank\" href=\"https:\/\/mapa.buenosaires.gob.ar\/comollego\/?lat=-34.581268&amp;lng=-58.420814&amp;zl=15&amp;modo=transporte&amp;dir=Santa+Fe+Av.+4201\">Santa Fe 4201<\/a> (entrada peatonal) <a rel=\"noreferrer noopener\" target=\"_blank\" href=\"https:\/\/mapa.buenosaires.gob.ar\/comollego\/?lat=-34.575525&amp;lng=-58.415616&amp;zl=15&amp;modo=transporte&amp;dir=Sarmiento+Av.+2704\">Av. Sarmiento 2704<\/a> (entrada vehicular) \/\/ Lunes a domingos de 8 a 20 hs.<\/li><li><strong>Usina del Arte<\/strong> &#8211; <a rel=\"noreferrer noopener\" target=\"_blank\" href=\"https:\/\/mapa.buenosaires.gob.ar\/comollego\/?lat=-34.628689&amp;lng=-58.356100&amp;zl=15&amp;modo=transporte&amp;dir=Caffarena%2C+Agustin+R.+1\">Agust\u00edn R. Caffarena 1<\/a> \/\/ Lunes a viernes de 9 a 15 hs.<\/li><li><strong>Sede Comunal 7<\/strong> &#8211; <a rel=\"noreferrer noopener\" target=\"_blank\" href=\"http:\/\/mapa.buenosaires.gob.ar\/favoritos\/?lat=-34.630206&amp;lng=-58.466942&amp;zl=15&amp;modo=transporte&amp;dir=Sede+Comunal+7\">Av. Rivadavia 7202<\/a> \/\/ Lunes a viernes de 9 a 15 hs.<\/li><\/ul>\n\n\n\n<p>Para realizarse el testeo se debe ingresar <a rel=\"noreferrer noopener\" target=\"_blank\" href=\"https:\/\/formulario-sigeci.buenosaires.gob.ar\/InicioTramiteComun?idPrestacion=3485\">aqu\u00ed<\/a> para solicitar turno.<\/p>\n\n\n\n<p>Para obtener el resultado del test de COVID-19, los trabajadores y las trabajadoras de los CPIs deber\u00e1n escribirle a BOTI, el chat de WhatsApp de la Ciudad. Por dudas o consultas, podr\u00e1n comunicarse al 0800-333-3382.<\/p>\n\n\n\n<figure class=\"wp-block-image size-large is-resized\"><img loading=\"lazy\" decoding=\"async\" data-attachment-id=\"99\" data-permalink=\"https:\/\/www.comuna13online.com.ar\/?attachment_id=99\" data-orig-file=\"https:\/\/www.comuna13online.com.ar\/wp-content\/uploads\/2017\/12\/line.jpg\" data-orig-size=\"678,1\" data-comments-opened=\"0\" data-image-meta=\"{&quot;aperture&quot;:&quot;0&quot;,&quot;credit&quot;:&quot;&quot;,&quot;camera&quot;:&quot;&quot;,&quot;caption&quot;:&quot;&quot;,&quot;created_timestamp&quot;:&quot;0&quot;,&quot;copyright&quot;:&quot;&quot;,&quot;focal_length&quot;:&quot;0&quot;,&quot;iso&quot;:&quot;0&quot;,&quot;shutter_speed&quot;:&quot;0&quot;,&quot;title&quot;:&quot;&quot;,&quot;orientation&quot;:&quot;0&quot;}\" data-image-title=\"line\" data-image-description=\"\" data-image-caption=\"\" data-large-file=\"https:\/\/www.comuna13online.com.ar\/wp-content\/uploads\/2017\/12\/line.jpg\" src=\"http:\/\/www.comuna13online.com.ar\/wp-content\/uploads\/2017\/12\/line.jpg\" alt=\"\" class=\"wp-image-99\" width=\"678\" height=\"1\" srcset=\"https:\/\/www.comuna13online.com.ar\/wp-content\/uploads\/2017\/12\/line.jpg 678w, https:\/\/www.comuna13online.com.ar\/wp-content\/uploads\/2017\/12\/line-150x1.jpg 150w, https:\/\/www.comuna13online.com.ar\/wp-content\/uploads\/2017\/12\/line-326x1.jpg 326w, https:\/\/www.comuna13online.com.ar\/wp-content\/uploads\/2017\/12\/line-80x1.jpg 80w, https:\/\/www.comuna13online.com.ar\/wp-content\/uploads\/2017\/12\/line-272x1.jpg 272w\" sizes=\"auto, (max-width: 678px) 100vw, 678px\" \/><\/figure>\n\n\n\n<figure class=\"wp-block-image size-full\"><img loading=\"lazy\" decoding=\"async\" width=\"678\" height=\"180\" data-attachment-id=\"8918\" data-permalink=\"https:\/\/www.comuna13online.com.ar\/?attachment_id=8918\" data-orig-file=\"https:\/\/www.comuna13online.com.ar\/wp-content\/uploads\/2020\/04\/corona2.jpg\" data-orig-size=\"678,180\" data-comments-opened=\"0\" data-image-meta=\"{&quot;aperture&quot;:&quot;0&quot;,&quot;credit&quot;:&quot;&quot;,&quot;camera&quot;:&quot;&quot;,&quot;caption&quot;:&quot;&quot;,&quot;created_timestamp&quot;:&quot;0&quot;,&quot;copyright&quot;:&quot;&quot;,&quot;focal_length&quot;:&quot;0&quot;,&quot;iso&quot;:&quot;0&quot;,&quot;shutter_speed&quot;:&quot;0&quot;,&quot;title&quot;:&quot;&quot;,&quot;orientation&quot;:&quot;0&quot;}\" data-image-title=\"corona2\" data-image-description=\"\" data-image-caption=\"\" data-large-file=\"https:\/\/www.comuna13online.com.ar\/wp-content\/uploads\/2020\/04\/corona2.jpg\" src=\"http:\/\/www.comuna13online.com.ar\/wp-content\/uploads\/2020\/04\/corona2.jpg\" alt=\"\" class=\"wp-image-8918\"\/><\/figure>\n","protected":false},"excerpt":{"rendered":"<div class=\"mh-excerpt\">Abarca a un universo de 1.304 personas que se desempe\u00f1an en los 91 establecimientos -75 CPI y 16 jardines comunitarios- de toda la Ciudad. A partir del 17 de febrero, <a class=\"mh-excerpt-more\" href=\"https:\/\/www.comuna13online.com.ar\/?p=12655\" title=\"Comienzan los testeos gratuitos para trabajadores de los Centros de Primera Infancia porte\u00f1os\">[&#8230;]<\/a><\/div>\n","protected":false},"author":1,"featured_media":12657,"comment_status":"closed","ping_status":"closed","sticky":false,"template":"","format":"standard","meta":{"_uag_custom_page_level_css":"","_jetpack_memberships_contains_paid_content":false,"footnotes":"","jetpack_publicize_message":"","jetpack_publicize_feature_enabled":true,"jetpack_social_post_already_shared":true,"jetpack_social_options":{"image_generator_settings":{"template":"highway","default_image_id":0,"font":"","enabled":false},"version":2}},"categories":[113],"tags":[271,114,250,296],"class_list":{"0":"post-12655","1":"post","2":"type-post","3":"status-publish","4":"format-standard","5":"has-post-thumbnail","7":"category-educacion","8":"tag-coronavirus","9":"tag-educacion","10":"tag-h2","11":"tag-h3"},"jetpack_publicize_connections":[],"jetpack_featured_media_url":"https:\/\/www.comuna13online.com.ar\/wp-content\/uploads\/2021\/02\/210210a-id.jpg","uagb_featured_image_src":{"full":["https:\/\/www.comuna13online.com.ar\/wp-content\/uploads\/2021\/02\/210210a-id.jpg",678,452,false],"thumbnail":["https:\/\/www.comuna13online.com.ar\/wp-content\/uploads\/2021\/02\/210210a-id.jpg",128,85,false],"medium":["https:\/\/www.comuna13online.com.ar\/wp-content\/uploads\/2021\/02\/210210a-id.jpg",678,452,false],"medium_large":["https:\/\/www.comuna13online.com.ar\/wp-content\/uploads\/2021\/02\/210210a-id.jpg",678,452,false],"large":["https:\/\/www.comuna13online.com.ar\/wp-content\/uploads\/2021\/02\/210210a-id.jpg",678,452,false],"1536x1536":["https:\/\/www.comuna13online.com.ar\/wp-content\/uploads\/2021\/02\/210210a-id.jpg",678,452,false],"2048x2048":["https:\/\/www.comuna13online.com.ar\/wp-content\/uploads\/2021\/02\/210210a-id.jpg",678,452,false],"mh-magazine-slider":["https:\/\/www.comuna13online.com.ar\/wp-content\/uploads\/2021\/02\/210210a-id-678x438.jpg",678,438,true],"mh-magazine-content":["https:\/\/www.comuna13online.com.ar\/wp-content\/uploads\/2021\/02\/210210a-id-678x381.jpg",678,381,true],"mh-magazine-large":["https:\/\/www.comuna13online.com.ar\/wp-content\/uploads\/2021\/02\/210210a-id.jpg",678,452,false],"mh-magazine-medium":["https:\/\/www.comuna13online.com.ar\/wp-content\/uploads\/2021\/02\/210210a-id-326x245.jpg",326,245,true],"mh-magazine-small":["https:\/\/www.comuna13online.com.ar\/wp-content\/uploads\/2021\/02\/210210a-id-80x60.jpg",80,60,true],"sow-carousel-default":["https:\/\/www.comuna13online.com.ar\/wp-content\/uploads\/2021\/02\/210210a-id-272x182.jpg",272,182,true]},"uagb_author_info":{"display_name":"Comuna13","author_link":"https:\/\/www.comuna13online.com.ar\/?author=1"},"uagb_comment_info":0,"uagb_excerpt":"Abarca a un universo de 1.304 personas que se desempe\u00f1an en los 91 establecimientos -75 CPI y 16 jardines comunitarios- de toda la Ciudad. A partir del 17 de febrero, [...]","jetpack_sharing_enabled":true,"_links":{"self":[{"href":"https:\/\/www.comuna13online.com.ar\/index.php?rest_route=\/wp\/v2\/posts\/12655","targetHints":{"allow":["GET"]}}],"collection":[{"href":"https:\/\/www.comuna13online.com.ar\/index.php?rest_route=\/wp\/v2\/posts"}],"about":[{"href":"https:\/\/www.comuna13online.com.ar\/index.php?rest_route=\/wp\/v2\/types\/post"}],"author":[{"embeddable":true,"href":"https:\/\/www.comuna13online.com.ar\/index.php?rest_route=\/wp\/v2\/users\/1"}],"replies":[{"embeddable":true,"href":"https:\/\/www.comuna13online.com.ar\/index.php?rest_route=%2Fwp%2Fv2%2Fcomments&post=12655"}],"version-history":[{"count":0,"href":"https:\/\/www.comuna13online.com.ar\/index.php?rest_route=\/wp\/v2\/posts\/12655\/revisions"}],"wp:featuredmedia":[{"embeddable":true,"href":"https:\/\/www.comuna13online.com.ar\/index.php?rest_route=\/wp\/v2\/media\/12657"}],"wp:attachment":[{"href":"https:\/\/www.comuna13online.com.ar\/index.php?rest_route=%2Fwp%2Fv2%2Fmedia&parent=12655"}],"wp:term":[{"taxonomy":"category","embeddable":true,"href":"https:\/\/www.comuna13online.com.ar\/index.php?rest_route=%2Fwp%2Fv2%2Fcategories&post=12655"},{"taxonomy":"post_tag","embeddable":true,"href":"https:\/\/www.comuna13online.com.ar\/index.php?rest_route=%2Fwp%2Fv2%2Ftags&post=12655"}],"curies":[{"name":"wp","href":"https:\/\/api.w.org\/{rel}","templated":true}]}}