{"id":12638,"date":"2021-02-08T10:16:33","date_gmt":"2021-02-08T13:16:33","guid":{"rendered":"http:\/\/www.comuna13online.com.ar\/?p=12638"},"modified":"2021-02-08T10:16:38","modified_gmt":"2021-02-08T13:16:38","slug":"comienzan-a-funcionar-los-centros-de-testeos-para-docentes-de-la-ciudad","status":"publish","type":"post","link":"https:\/\/www.comuna13online.com.ar\/?p=12638","title":{"rendered":"Comienzan a funcionar los centros de testeos para docentes de la Ciudad"},"content":{"rendered":"\n<p><strong>El Gobierno porte\u00f1o avanza con el\u00a0plan Primero la Escuela, que tiene como objetivo el inicio de clases presenciales y hoy comenz\u00f3 a testar al personal docente y no docente de escuelas de gesti\u00f3n estatal y privada.<\/strong><\/p>\n\n\n\n<div align=\"center\">\n<iframe loading=\"lazy\" width=\"678\" height=\"381\" src=\"https:\/\/www.youtube.com\/embed\/aRivv4bxgPA\" frameborder=\"0\" allow=\"accelerometer; autoplay; clipboard-write; encrypted-media; gyroscope; picture-in-picture\" allowfullscreen><\/iframe>\n<\/div><p><br><\/p>\n\n\n\n<p>Desde este lunes 8 de febrero comienzan a realizarse testeos de coronavirus a personal docente y no docente de nivel inicial, primario o secundario, en el marco del regreso a las clases presenciales del 17 de febrero.<\/p>\n\n\n\n<p>Cabe se\u00f1alar que el testeo no es obligatorio, aunque es muy recomendado para prevenir posibles contagios. Los pacientes que se acerquen a los centros de testeo, adem\u00e1s del testeo r\u00e1pido de covid, se le realizar\u00e1 el test serol\u00f3gico que mide los anticuerpos contra el coronavirus e indica si la persona ya curso la enfermedad.<\/p>\n\n\n\n<h4 class=\"wp-block-heading\"><strong>Los centros habilitados son<\/strong>:<\/h4>\n\n\n\n<p><strong>LA RURAL<\/strong>\u00a0<br>Funciona de 8 a 20 de lunes a domingos. Se podr\u00e1 hacer el test tanto en forma peatonal con entrada por Av. <a rel=\"noreferrer noopener\" href=\"https:\/\/mapa.buenosaires.gob.ar\/informacion\/?lat=-34.581267&amp;lng=-58.420808&amp;zl=15&amp;modo=transporte&amp;dir=Santa+Fe+Av.+4201&amp;ilat=-34.581268&amp;ilng=-58.420814\" target=\"_blank\">Santa Fe 4201<\/a>, como vehicular, con acceso por <a rel=\"noreferrer noopener\" href=\"https:\/\/mapa.buenosaires.gob.ar\/comollego\/?lat=-34.575507&amp;lng=-58.415652&amp;zl=15&amp;modo=transporte&amp;dir=Sarmiento+Av.+2704\" target=\"_blank\">Av. Sarmiento 2704<\/a>. Palermo, (Comuna 14).<\/p>\n\n\n\n<p><strong>USINA DEL ARTE<\/strong><br>Testeo peatonal, de lunes a viernes de 9 a 15. <a rel=\"noreferrer noopener\" href=\"https:\/\/mapa.buenosaires.gob.ar\/informacion\/?lat=-34.628689&amp;lng=-58.356100&amp;zl=15&amp;modo=transporte&amp;dir=Caffarena%2C+Agustin+R.+1&amp;ilat=-34.628689&amp;ilng=-58.356100\" target=\"_blank\">Agust\u00edn Caffarena 1<\/a>, La Boca (Comuna 4).<\/p>\n\n\n\n<p><strong>SEDE COMUNAL 7<\/strong><br>Se realiza testeo solo de forma peatonal en el horario de 9 a 15 de lunes a viernes. <a href=\"https:\/\/mapa.buenosaires.gob.ar\/informacion\/?lat=-34.630151&amp;lng=-58.467002&amp;zl=15&amp;modo=transporte&amp;dir=Rivadavia+Av.+7202&amp;ilat=-34.630151&amp;ilng=-58.467002\" target=\"_blank\" rel=\"noreferrer noopener\">Av. Rivadavia 7202<\/a>, Flores (Comuna 7).<\/p>\n\n\n\n<p>La idea es llevar tranquilidad a los docentes y a las familias de los alumnos en el comienzo del ciclo lectivo 2021, bajo estrictos protocolos sanitarios.<\/p>\n\n\n\n<p><br><\/p>\n<div align=\"center\">\n<blockquote class=\"twitter-tweet\"><p lang=\"es\" dir=\"ltr\">\u27a1\ufe0f Si sos personal docente o no docente y vas a iniciar las clases presenciales, pod\u00e9s sacar un turno en l\u00ednea para hacerte el testeo de manera gratuita. Para m\u00e1s informaci\u00f3n. <a href=\"https:\/\/t.co\/fTFopFbaGQ\">pic.twitter.com\/fTFopFbaGQ<\/a><\/p>&mdash; Educaci\u00f3n BA (@EducacionBA) <a href=\"https:\/\/twitter.com\/EducacionBA\/status\/1357724790317064193?ref_src=twsrc%5Etfw\">February 5, 2021<\/a><\/blockquote> <script async src=\"https:\/\/platform.twitter.com\/widgets.js\" charset=\"utf-8\"><\/script>\n<\/div><p><br><\/p>\n\n\n\n<p>Los test en principio se realizar\u00e1n\u00a0<strong>cada 15 d\u00edas en forma voluntaria<\/strong>\u00a0y est\u00e1n destinados al personal docente y no docente de nivel inicial, primario o secundario que trabaja en instituciones tanto p\u00fablicas como privadas de la Ciudad.<\/p>\n\n\n\n<p>Para realkizarse el testeo, se deber\u00e1 solicitar un turno en la p\u00e1gina web del Ministerio de Educaci\u00f3n porte\u00f1o [<a rel=\"noreferrer noopener\" href=\"https:\/\/formulario-sigeci.buenosaires.gob.ar\/InicioTramiteComun?idPrestacion=3485\" data-type=\"URL\" data-id=\"https:\/\/formulario-sigeci.buenosaires.gob.ar\/InicioTramiteComun?idPrestacion=3485\" target=\"_blank\">solicitar turno<\/a>]. Deber\u00e1n elegir\u00a0<strong>el d\u00eda, la hora y el lugar<\/strong>\u00a0tras completar sus datos personales y completar el nombre de la escuela en donde trabajan.<\/p>\n\n\n\n<p>Para obtener el resultado del test de COVID-19, los\/as docentes y no docentes deber\u00e1n escribirle a BOTI, el chat de la Ciudad. Por dudas o consultas, podr\u00e1n comunicarse al\u00a0<strong>0800-333-3382.<\/strong><\/p>\n\n\n\n<figure class=\"wp-block-image size-large is-resized\"><img loading=\"lazy\" decoding=\"async\" data-attachment-id=\"99\" data-permalink=\"https:\/\/www.comuna13online.com.ar\/?attachment_id=99\" data-orig-file=\"https:\/\/www.comuna13online.com.ar\/wp-content\/uploads\/2017\/12\/line.jpg\" data-orig-size=\"678,1\" data-comments-opened=\"0\" data-image-meta=\"{&quot;aperture&quot;:&quot;0&quot;,&quot;credit&quot;:&quot;&quot;,&quot;camera&quot;:&quot;&quot;,&quot;caption&quot;:&quot;&quot;,&quot;created_timestamp&quot;:&quot;0&quot;,&quot;copyright&quot;:&quot;&quot;,&quot;focal_length&quot;:&quot;0&quot;,&quot;iso&quot;:&quot;0&quot;,&quot;shutter_speed&quot;:&quot;0&quot;,&quot;title&quot;:&quot;&quot;,&quot;orientation&quot;:&quot;0&quot;}\" data-image-title=\"line\" data-image-description=\"\" data-image-caption=\"\" data-large-file=\"https:\/\/www.comuna13online.com.ar\/wp-content\/uploads\/2017\/12\/line.jpg\" src=\"http:\/\/www.comuna13online.com.ar\/wp-content\/uploads\/2017\/12\/line.jpg\" alt=\"\" class=\"wp-image-99\" width=\"678\" height=\"1\" srcset=\"https:\/\/www.comuna13online.com.ar\/wp-content\/uploads\/2017\/12\/line.jpg 678w, https:\/\/www.comuna13online.com.ar\/wp-content\/uploads\/2017\/12\/line-150x1.jpg 150w, https:\/\/www.comuna13online.com.ar\/wp-content\/uploads\/2017\/12\/line-326x1.jpg 326w, https:\/\/www.comuna13online.com.ar\/wp-content\/uploads\/2017\/12\/line-80x1.jpg 80w, https:\/\/www.comuna13online.com.ar\/wp-content\/uploads\/2017\/12\/line-272x1.jpg 272w\" sizes=\"auto, (max-width: 678px) 100vw, 678px\" \/><\/figure>\n\n\n\n<figure class=\"wp-block-image size-full\"><img loading=\"lazy\" decoding=\"async\" width=\"678\" height=\"180\" data-attachment-id=\"8918\" data-permalink=\"https:\/\/www.comuna13online.com.ar\/?attachment_id=8918\" data-orig-file=\"https:\/\/www.comuna13online.com.ar\/wp-content\/uploads\/2020\/04\/corona2.jpg\" data-orig-size=\"678,180\" data-comments-opened=\"0\" data-image-meta=\"{&quot;aperture&quot;:&quot;0&quot;,&quot;credit&quot;:&quot;&quot;,&quot;camera&quot;:&quot;&quot;,&quot;caption&quot;:&quot;&quot;,&quot;created_timestamp&quot;:&quot;0&quot;,&quot;copyright&quot;:&quot;&quot;,&quot;focal_length&quot;:&quot;0&quot;,&quot;iso&quot;:&quot;0&quot;,&quot;shutter_speed&quot;:&quot;0&quot;,&quot;title&quot;:&quot;&quot;,&quot;orientation&quot;:&quot;0&quot;}\" data-image-title=\"corona2\" data-image-description=\"\" data-image-caption=\"\" data-large-file=\"https:\/\/www.comuna13online.com.ar\/wp-content\/uploads\/2020\/04\/corona2.jpg\" src=\"http:\/\/www.comuna13online.com.ar\/wp-content\/uploads\/2020\/04\/corona2.jpg\" alt=\"\" class=\"wp-image-8918\"\/><\/figure>\n","protected":false},"excerpt":{"rendered":"<div class=\"mh-excerpt\">El Gobierno porte\u00f1o avanza con el\u00a0plan Primero la Escuela, que tiene como objetivo el inicio de clases presenciales y hoy comenz\u00f3 a testar al personal docente y no docente de <a class=\"mh-excerpt-more\" href=\"https:\/\/www.comuna13online.com.ar\/?p=12638\" title=\"Comienzan a funcionar los centros de testeos para docentes de la Ciudad\">[&#8230;]<\/a><\/div>\n","protected":false},"author":1,"featured_media":0,"comment_status":"closed","ping_status":"closed","sticky":false,"template":"","format":"standard","meta":{"_uag_custom_page_level_css":"","_jetpack_memberships_contains_paid_content":false,"footnotes":"","jetpack_publicize_message":"","jetpack_publicize_feature_enabled":true,"jetpack_social_post_already_shared":true,"jetpack_social_options":{"image_generator_settings":{"template":"highway","default_image_id":0,"font":"","enabled":false},"version":2}},"categories":[113],"tags":[114,250,296,45],"class_list":{"0":"post-12638","1":"post","2":"type-post","3":"status-publish","4":"format-standard","6":"category-educacion","7":"tag-educacion","8":"tag-h2","9":"tag-h3","10":"tag-salud"},"jetpack_publicize_connections":[],"jetpack_featured_media_url":"","uagb_featured_image_src":{"full":false,"thumbnail":false,"medium":false,"medium_large":false,"large":false,"1536x1536":false,"2048x2048":false,"mh-magazine-slider":false,"mh-magazine-content":false,"mh-magazine-large":false,"mh-magazine-medium":false,"mh-magazine-small":false,"sow-carousel-default":false},"uagb_author_info":{"display_name":"Comuna13","author_link":"https:\/\/www.comuna13online.com.ar\/?author=1"},"uagb_comment_info":0,"uagb_excerpt":"El Gobierno porte\u00f1o avanza con el\u00a0plan Primero la Escuela, que tiene como objetivo el inicio de clases presenciales y hoy comenz\u00f3 a testar al personal docente y no docente de [...]","jetpack_sharing_enabled":true,"_links":{"self":[{"href":"https:\/\/www.comuna13online.com.ar\/index.php?rest_route=\/wp\/v2\/posts\/12638","targetHints":{"allow":["GET"]}}],"collection":[{"href":"https:\/\/www.comuna13online.com.ar\/index.php?rest_route=\/wp\/v2\/posts"}],"about":[{"href":"https:\/\/www.comuna13online.com.ar\/index.php?rest_route=\/wp\/v2\/types\/post"}],"author":[{"embeddable":true,"href":"https:\/\/www.comuna13online.com.ar\/index.php?rest_route=\/wp\/v2\/users\/1"}],"replies":[{"embeddable":true,"href":"https:\/\/www.comuna13online.com.ar\/index.php?rest_route=%2Fwp%2Fv2%2Fcomments&post=12638"}],"version-history":[{"count":0,"href":"https:\/\/www.comuna13online.com.ar\/index.php?rest_route=\/wp\/v2\/posts\/12638\/revisions"}],"wp:attachment":[{"href":"https:\/\/www.comuna13online.com.ar\/index.php?rest_route=%2Fwp%2Fv2%2Fmedia&parent=12638"}],"wp:term":[{"taxonomy":"category","embeddable":true,"href":"https:\/\/www.comuna13online.com.ar\/index.php?rest_route=%2Fwp%2Fv2%2Fcategories&post=12638"},{"taxonomy":"post_tag","embeddable":true,"href":"https:\/\/www.comuna13online.com.ar\/index.php?rest_route=%2Fwp%2Fv2%2Ftags&post=12638"}],"curies":[{"name":"wp","href":"https:\/\/api.w.org\/{rel}","templated":true}]}}