{"id":12588,"date":"2021-02-02T01:34:00","date_gmt":"2021-02-02T04:34:00","guid":{"rendered":"http:\/\/www.comuna13online.com.ar\/?p=12588"},"modified":"2021-02-01T13:58:35","modified_gmt":"2021-02-01T16:58:35","slug":"comenzo-el-proceso-del-censo-de-personas-en-situacion-de-calle-en-la-ciudad","status":"publish","type":"post","link":"https:\/\/www.comuna13online.com.ar\/?p=12588","title":{"rendered":"Comenz\u00f3 el proceso del censo de personas en situaci\u00f3n de calle en la Ciudad"},"content":{"rendered":"\n<p><strong>Se realiz\u00f3 la primera reuni\u00f3n de todos los actores que trabajar\u00e1n en la realizaci\u00f3n del censo 2021 que llevar\u00e1 adelante el Ministerio de Desarrollo Humano y H\u00e1bitat porte\u00f1o, en abril. En ese marco, la ministra Mar\u00eda Migliore recorri\u00f3 los Centros de Inclusi\u00f3n Monteagudo, Frida, Casa Anim\u00ed, Hogar San Francisco, Bepo\u00a0Ghezzi y Betania<\/strong><\/p>\n\n\n\n<figure class=\"wp-block-image size-large\"><img loading=\"lazy\" decoding=\"async\" width=\"678\" height=\"452\" data-attachment-id=\"12589\" data-permalink=\"https:\/\/www.comuna13online.com.ar\/?attachment_id=12589\" data-orig-file=\"https:\/\/www.comuna13online.com.ar\/wp-content\/uploads\/2021\/02\/210202a-01.jpg\" data-orig-size=\"678,452\" data-comments-opened=\"0\" data-image-meta=\"{&quot;aperture&quot;:&quot;0&quot;,&quot;credit&quot;:&quot;&quot;,&quot;camera&quot;:&quot;&quot;,&quot;caption&quot;:&quot;&quot;,&quot;created_timestamp&quot;:&quot;0&quot;,&quot;copyright&quot;:&quot;&quot;,&quot;focal_length&quot;:&quot;0&quot;,&quot;iso&quot;:&quot;0&quot;,&quot;shutter_speed&quot;:&quot;0&quot;,&quot;title&quot;:&quot;&quot;,&quot;orientation&quot;:&quot;0&quot;}\" data-image-title=\"210202a-01\" data-image-description=\"\" data-image-caption=\"\" data-large-file=\"https:\/\/www.comuna13online.com.ar\/wp-content\/uploads\/2021\/02\/210202a-01.jpg\" src=\"http:\/\/www.comuna13online.com.ar\/wp-content\/uploads\/2021\/02\/210202a-01.jpg\" alt=\"\" class=\"wp-image-12589\" srcset=\"https:\/\/www.comuna13online.com.ar\/wp-content\/uploads\/2021\/02\/210202a-01.jpg 678w, https:\/\/www.comuna13online.com.ar\/wp-content\/uploads\/2021\/02\/210202a-01-272x182.jpg 272w\" sizes=\"auto, (max-width: 678px) 100vw, 678px\" \/><\/figure>\n\n\n\n<p>El Ministerio de Desarrollo Humano y H\u00e1bitat porte\u00f1o comenz\u00f3 esta semana las convocatorias de las mesas de trabajo que definir\u00e1n la metodolog\u00eda para realizar el censo de personas que se encuentran viviendo en situaci\u00f3n de calle en la Ciudad de Buenos Aires. En este contexto, la ministra Mar\u00eda Migliore, junto al subsecretario de Atenci\u00f3n y Cuidado Inmediato, Maximiliano Corach, recorrieron 6 de los 24 Centros de Inclusi\u00f3n Social permanentes que posee la Ciudad.<\/p>\n\n\n\n<p>El inicio de las mesas de trabajo para realizar el censo hab\u00eda sido acordado a fines de 2020 con las principales organizaciones de la sociedad civil que trabajan con personas en situaci\u00f3n de calle, la Defensor\u00eda del Pueblo, la Direcci\u00f3n General de Estad\u00edsticas y Censos, y el Ministerio P\u00fablico de la Defensa de la Ciudad, con el objetivo de sentar las bases para la realizaci\u00f3n del censo anual. Adem\u00e1s, se abordar\u00e1n distintas aristas del tema para el dise\u00f1o de pol\u00edticas p\u00fablicas que aborden distintos aspectos de esta problem\u00e1tica.<\/p>\n\n\n\n<p>Uno de los acuerdos principales a los que se arrib\u00f3 en diciembre es que el censo debe incluir a todas las personas que se encuentren habitando la v\u00eda p\u00fablica y a quienes est\u00e9n alojados en hogares y Centros de Inclusi\u00f3n social gestionados directamente por la Ciudad y los que est\u00e9n bajo convenio. Tambi\u00e9n se dispuso que, para el dise\u00f1o de la metodolog\u00eda, se armar\u00e1 una comisi\u00f3n ad hoc integrada por representantes de todos los firmantes del acuerdo, bajo la supervisi\u00f3n de la Direcci\u00f3n de Estad\u00edstica y Censos.<\/p>\n\n\n\n<p><br><\/p>\n<div align=\"center\">\n<blockquote class=\"twitter-tweet\"><p lang=\"es\" dir=\"ltr\">El hogar San Francisco en Nueva Pompeya aloja a 130 hombres en situaci\u00f3n de calle. Esta ma\u00f1ana junto a Juan Debuchy, director de <a href=\"https:\/\/twitter.com\/CaritasAR?ref_src=twsrc%5Etfw\">@CaritasAR<\/a> , recorrimos sus instalaciones. <a href=\"https:\/\/twitter.com\/hashtag\/BuenosAiresPresente?src=hash&amp;ref_src=twsrc%5Etfw\">#BuenosAiresPresente<\/a> <a href=\"https:\/\/t.co\/GAP618ukeQ\">pic.twitter.com\/GAP618ukeQ<\/a><\/p>&mdash; Mar\u00eda Migliore (@MariaMigliore) <a href=\"https:\/\/twitter.com\/MariaMigliore\/status\/1354597466549706755?ref_src=twsrc%5Etfw\">January 28, 2021<\/a><\/blockquote> <script async src=\"https:\/\/platform.twitter.com\/widgets.js\" charset=\"utf-8\"><\/script>\n<\/div><p><br><\/p>\n\n\n\n<p>En este contexto, esta semana se realizaron recorridas por 6 Centros de Inclusi\u00f3n y Hogares que albergan y trabajan de manera integral con personas en situaci\u00f3n de calle. Migliore visit\u00f3 el Centro de Inclusi\u00f3n Social gestionado directamente por la Secretar\u00eda de Asistencia y Cuidado Inmediato, Bepo Ghezzi; y los Centros y Hogares de Instituciones bajo convenio con la Ciudad: Casa Amin\u00ed -AUPA-, Hogar San Francisco -C\u00e1ritas-, Betania -Ej\u00e9rcito de Salvaci\u00f3n-; Monteagudo y Frida -Proyecto 7-.<\/p>\n\n\n\n<figure class=\"wp-block-image size-large is-resized\"><img loading=\"lazy\" decoding=\"async\" data-attachment-id=\"99\" data-permalink=\"https:\/\/www.comuna13online.com.ar\/?attachment_id=99\" data-orig-file=\"https:\/\/www.comuna13online.com.ar\/wp-content\/uploads\/2017\/12\/line.jpg\" data-orig-size=\"678,1\" data-comments-opened=\"0\" data-image-meta=\"{&quot;aperture&quot;:&quot;0&quot;,&quot;credit&quot;:&quot;&quot;,&quot;camera&quot;:&quot;&quot;,&quot;caption&quot;:&quot;&quot;,&quot;created_timestamp&quot;:&quot;0&quot;,&quot;copyright&quot;:&quot;&quot;,&quot;focal_length&quot;:&quot;0&quot;,&quot;iso&quot;:&quot;0&quot;,&quot;shutter_speed&quot;:&quot;0&quot;,&quot;title&quot;:&quot;&quot;,&quot;orientation&quot;:&quot;0&quot;}\" data-image-title=\"line\" data-image-description=\"\" data-image-caption=\"\" data-large-file=\"https:\/\/www.comuna13online.com.ar\/wp-content\/uploads\/2017\/12\/line.jpg\" src=\"http:\/\/www.comuna13online.com.ar\/wp-content\/uploads\/2017\/12\/line.jpg\" alt=\"\" class=\"wp-image-99\" width=\"678\" height=\"1\" srcset=\"https:\/\/www.comuna13online.com.ar\/wp-content\/uploads\/2017\/12\/line.jpg 678w, https:\/\/www.comuna13online.com.ar\/wp-content\/uploads\/2017\/12\/line-150x1.jpg 150w, https:\/\/www.comuna13online.com.ar\/wp-content\/uploads\/2017\/12\/line-326x1.jpg 326w, https:\/\/www.comuna13online.com.ar\/wp-content\/uploads\/2017\/12\/line-80x1.jpg 80w, https:\/\/www.comuna13online.com.ar\/wp-content\/uploads\/2017\/12\/line-272x1.jpg 272w\" sizes=\"auto, (max-width: 678px) 100vw, 678px\" \/><\/figure>\n\n\n\n<figure class=\"wp-block-image size-full\"><img loading=\"lazy\" decoding=\"async\" width=\"678\" height=\"180\" data-attachment-id=\"8918\" data-permalink=\"https:\/\/www.comuna13online.com.ar\/?attachment_id=8918\" data-orig-file=\"https:\/\/www.comuna13online.com.ar\/wp-content\/uploads\/2020\/04\/corona2.jpg\" data-orig-size=\"678,180\" data-comments-opened=\"0\" data-image-meta=\"{&quot;aperture&quot;:&quot;0&quot;,&quot;credit&quot;:&quot;&quot;,&quot;camera&quot;:&quot;&quot;,&quot;caption&quot;:&quot;&quot;,&quot;created_timestamp&quot;:&quot;0&quot;,&quot;copyright&quot;:&quot;&quot;,&quot;focal_length&quot;:&quot;0&quot;,&quot;iso&quot;:&quot;0&quot;,&quot;shutter_speed&quot;:&quot;0&quot;,&quot;title&quot;:&quot;&quot;,&quot;orientation&quot;:&quot;0&quot;}\" data-image-title=\"corona2\" data-image-description=\"\" data-image-caption=\"\" data-large-file=\"https:\/\/www.comuna13online.com.ar\/wp-content\/uploads\/2020\/04\/corona2.jpg\" src=\"http:\/\/www.comuna13online.com.ar\/wp-content\/uploads\/2020\/04\/corona2.jpg\" alt=\"\" class=\"wp-image-8918\"\/><\/figure>\n","protected":false},"excerpt":{"rendered":"<div class=\"mh-excerpt\">Se realiz\u00f3 la primera reuni\u00f3n de todos los actores que trabajar\u00e1n en la realizaci\u00f3n del censo 2021 que llevar\u00e1 adelante el Ministerio de Desarrollo Humano y H\u00e1bitat porte\u00f1o, en abril. <a class=\"mh-excerpt-more\" href=\"https:\/\/www.comuna13online.com.ar\/?p=12588\" title=\"Comenz\u00f3 el proceso del censo de personas en situaci\u00f3n de calle en la Ciudad\">[&#8230;]<\/a><\/div>\n","protected":false},"author":1,"featured_media":12590,"comment_status":"closed","ping_status":"closed","sticky":false,"template":"","format":"standard","meta":{"_uag_custom_page_level_css":"","_jetpack_memberships_contains_paid_content":false,"footnotes":"","jetpack_publicize_message":"","jetpack_publicize_feature_enabled":true,"jetpack_social_post_already_shared":true,"jetpack_social_options":{"image_generator_settings":{"template":"highway","default_image_id":0,"font":"","enabled":false},"version":2}},"categories":[282],"tags":[283,250,296,34,125],"class_list":{"0":"post-12588","1":"post","2":"type-post","3":"status-publish","4":"format-standard","5":"has-post-thumbnail","7":"category-desarrollo-social","8":"tag-desarrollo-social","9":"tag-h2","10":"tag-h3","11":"tag-sociedad","12":"tag-vivienda"},"jetpack_publicize_connections":[],"jetpack_featured_media_url":"https:\/\/www.comuna13online.com.ar\/wp-content\/uploads\/2021\/02\/210202a-id.jpg","uagb_featured_image_src":{"full":["https:\/\/www.comuna13online.com.ar\/wp-content\/uploads\/2021\/02\/210202a-id.jpg",678,452,false],"thumbnail":["https:\/\/www.comuna13online.com.ar\/wp-content\/uploads\/2021\/02\/210202a-id.jpg",128,85,false],"medium":["https:\/\/www.comuna13online.com.ar\/wp-content\/uploads\/2021\/02\/210202a-id.jpg",678,452,false],"medium_large":["https:\/\/www.comuna13online.com.ar\/wp-content\/uploads\/2021\/02\/210202a-id.jpg",678,452,false],"large":["https:\/\/www.comuna13online.com.ar\/wp-content\/uploads\/2021\/02\/210202a-id.jpg",678,452,false],"1536x1536":["https:\/\/www.comuna13online.com.ar\/wp-content\/uploads\/2021\/02\/210202a-id.jpg",678,452,false],"2048x2048":["https:\/\/www.comuna13online.com.ar\/wp-content\/uploads\/2021\/02\/210202a-id.jpg",678,452,false],"mh-magazine-slider":["https:\/\/www.comuna13online.com.ar\/wp-content\/uploads\/2021\/02\/210202a-id-678x438.jpg",678,438,true],"mh-magazine-content":["https:\/\/www.comuna13online.com.ar\/wp-content\/uploads\/2021\/02\/210202a-id-678x381.jpg",678,381,true],"mh-magazine-large":["https:\/\/www.comuna13online.com.ar\/wp-content\/uploads\/2021\/02\/210202a-id.jpg",678,452,false],"mh-magazine-medium":["https:\/\/www.comuna13online.com.ar\/wp-content\/uploads\/2021\/02\/210202a-id-326x245.jpg",326,245,true],"mh-magazine-small":["https:\/\/www.comuna13online.com.ar\/wp-content\/uploads\/2021\/02\/210202a-id-80x60.jpg",80,60,true],"sow-carousel-default":["https:\/\/www.comuna13online.com.ar\/wp-content\/uploads\/2021\/02\/210202a-id-272x182.jpg",272,182,true]},"uagb_author_info":{"display_name":"Comuna13","author_link":"https:\/\/www.comuna13online.com.ar\/?author=1"},"uagb_comment_info":0,"uagb_excerpt":"Se realiz\u00f3 la primera reuni\u00f3n de todos los actores que trabajar\u00e1n en la realizaci\u00f3n del censo 2021 que llevar\u00e1 adelante el Ministerio de Desarrollo Humano y H\u00e1bitat porte\u00f1o, en abril. [...]","jetpack_sharing_enabled":true,"_links":{"self":[{"href":"https:\/\/www.comuna13online.com.ar\/index.php?rest_route=\/wp\/v2\/posts\/12588","targetHints":{"allow":["GET"]}}],"collection":[{"href":"https:\/\/www.comuna13online.com.ar\/index.php?rest_route=\/wp\/v2\/posts"}],"about":[{"href":"https:\/\/www.comuna13online.com.ar\/index.php?rest_route=\/wp\/v2\/types\/post"}],"author":[{"embeddable":true,"href":"https:\/\/www.comuna13online.com.ar\/index.php?rest_route=\/wp\/v2\/users\/1"}],"replies":[{"embeddable":true,"href":"https:\/\/www.comuna13online.com.ar\/index.php?rest_route=%2Fwp%2Fv2%2Fcomments&post=12588"}],"version-history":[{"count":0,"href":"https:\/\/www.comuna13online.com.ar\/index.php?rest_route=\/wp\/v2\/posts\/12588\/revisions"}],"wp:featuredmedia":[{"embeddable":true,"href":"https:\/\/www.comuna13online.com.ar\/index.php?rest_route=\/wp\/v2\/media\/12590"}],"wp:attachment":[{"href":"https:\/\/www.comuna13online.com.ar\/index.php?rest_route=%2Fwp%2Fv2%2Fmedia&parent=12588"}],"wp:term":[{"taxonomy":"category","embeddable":true,"href":"https:\/\/www.comuna13online.com.ar\/index.php?rest_route=%2Fwp%2Fv2%2Fcategories&post=12588"},{"taxonomy":"post_tag","embeddable":true,"href":"https:\/\/www.comuna13online.com.ar\/index.php?rest_route=%2Fwp%2Fv2%2Ftags&post=12588"}],"curies":[{"name":"wp","href":"https:\/\/api.w.org\/{rel}","templated":true}]}}