{"id":12517,"date":"2021-01-22T15:28:10","date_gmt":"2021-01-22T18:28:10","guid":{"rendered":"http:\/\/www.comuna13online.com.ar\/?p=12517"},"modified":"2021-01-22T15:28:15","modified_gmt":"2021-01-22T18:28:15","slug":"la-ciudad-extiende-por-dos-anos-la-vigencia-de-las-licencias-de-conducir","status":"publish","type":"post","link":"https:\/\/www.comuna13online.com.ar\/?p=12517","title":{"rendered":"La Ciudad extiende por dos a\u00f1os la vigencia de las licencias de conducir"},"content":{"rendered":"\n<p><strong>Se trata de las licencias con fecha de vencimiento entre el 15 de febrero de 2020 y el 31 de diciembre de 2021. El nuevo plazo se computar\u00e1 a partir del d\u00eda siguiente al vencimiento.<\/strong><\/p>\n\n\n\n<figure class=\"wp-block-image size-large\"><img loading=\"lazy\" decoding=\"async\" width=\"678\" height=\"452\" data-attachment-id=\"12518\" data-permalink=\"https:\/\/www.comuna13online.com.ar\/?attachment_id=12518\" data-orig-file=\"https:\/\/www.comuna13online.com.ar\/wp-content\/uploads\/2021\/01\/210122a-01.jpg\" data-orig-size=\"678,452\" data-comments-opened=\"0\" data-image-meta=\"{&quot;aperture&quot;:&quot;0&quot;,&quot;credit&quot;:&quot;&quot;,&quot;camera&quot;:&quot;&quot;,&quot;caption&quot;:&quot;&quot;,&quot;created_timestamp&quot;:&quot;0&quot;,&quot;copyright&quot;:&quot;&quot;,&quot;focal_length&quot;:&quot;0&quot;,&quot;iso&quot;:&quot;0&quot;,&quot;shutter_speed&quot;:&quot;0&quot;,&quot;title&quot;:&quot;&quot;,&quot;orientation&quot;:&quot;0&quot;}\" data-image-title=\"210122a-01\" data-image-description=\"\" data-image-caption=\"\" data-large-file=\"https:\/\/www.comuna13online.com.ar\/wp-content\/uploads\/2021\/01\/210122a-01.jpg\" src=\"http:\/\/www.comuna13online.com.ar\/wp-content\/uploads\/2021\/01\/210122a-01.jpg\" alt=\"\" class=\"wp-image-12518\" srcset=\"https:\/\/www.comuna13online.com.ar\/wp-content\/uploads\/2021\/01\/210122a-01.jpg 678w, https:\/\/www.comuna13online.com.ar\/wp-content\/uploads\/2021\/01\/210122a-01-272x182.jpg 272w\" sizes=\"auto, (max-width: 678px) 100vw, 678px\" \/><\/figure>\n\n\n\n<p>El gobierno de la Ciudad&nbsp;<strong>prorrog\u00f3 por dos a\u00f1os<\/strong>&nbsp;la vigencia de las&nbsp;<strong>licencias de conducir con fecha de vencimiento desde el 15 de febrero de 2020 hasta el 31 de diciembre de 2021<\/strong>, y cuya fecha de expedici\u00f3n original sea anterior al 17 de marzo de 2020. El periodo de extensi\u00f3n va a computarse a partir del d\u00eda siguiente al del vencimiento que figura en la licencia. Esto significa que, por ejemplo, si la licencia venc\u00eda el 19 de marzo de 2020, la validez se ampl\u00eda hasta el 19 de marzo de 2022.<\/p>\n\n\n\n<p>De acuerdo al Plan Integral y Gradual de Puesta en Marcha de la Ciudad se habilitaron diferentes servicios para atender a las necesidades de los vecinos. Entre ellas, la&nbsp;<strong>solicitud de licencias para nuevos conductores<\/strong>&nbsp;y la&nbsp;<strong>ampliaci\u00f3n de una licencia existente a otra categor\u00eda o a otro tipo de veh\u00edculo<\/strong>. Por ejemplo, de la categor\u00eda particular a profesional o de una moto a un autom\u00f3vil.<\/p>\n\n\n\n<p>Tambi\u00e9n es posible para los porte\u00f1os que deban viajar al exterior solicitar la\u00a0<strong>reimpresi\u00f3n de su licencia con la fecha de validez prorrogada<\/strong>. Los vecinos de la Ciudad pueden acceder a esta gesti\u00f3n desde la\u00a0<a href=\"https:\/\/www.buenosaires.gob.ar\/tramites\/reimpresion-licencia-conducir-covid-19\" target=\"_blank\" rel=\"noreferrer noopener\">web de la Ciudad<\/a>\u00a0y recibir el carnet directamente en su domicilio.<\/p>\n\n\n\n<p>Las licencias incluidas en esta opci\u00f3n son exclusivamente aquellas\u00a0<strong>vencidas a partir del 15 de febrero de 2020<\/strong>. Este tr\u00e1mite es voluntario, quienes permanezcan en el pa\u00eds no necesitan hacerlo ya que la pr\u00f3rroga es v\u00e1lida dentro del territorio nacional sin necesidad de contar con su reimpresi\u00f3n.<\/p>\n\n\n\n<h3 class=\"wp-block-heading\">Requisitos para la reimpresi\u00f3n de licencia de conducir COVID-19<\/h3>\n\n\n\n<p><strong>No es necesario realizar este tr\u00e1mite<\/strong> ya que tu licencia se encuentra prorrogada por el DNU-2020-18 &#8211; GCABA -AJG. Realizalo s\u00f3lo si necesitas viajar al exterior o presentarla ante un organismo que solicite la licencia f\u00edsica. <br><br>Se decreta (DNU-2021-1-GCABA-AJG):<br><strong>Prorr\u00f3gase de manera excepcional por el t\u00e9rmino de dos (2) a\u00f1os, la vigencia de las licencias de conducir cuyo vencimiento opere entre los d\u00edas 15 de febrero de 2020 y 31 de diciembre de 2021, y cuya fecha de expedici\u00f3n original sea anterior al 17 de marzo de 2020. El plazo de pr\u00f3rroga se computar\u00e1 a partir del d\u00eda subsiguiente a la fecha de vencimiento consignada en cada licencia<\/strong>.<\/p>\n\n\n\n<h4 class=\"wp-block-heading\">Requisitos?<\/h4>\n\n\n\n<ul class=\"wp-block-list\"><li>Tener licencia de conducir en CABA con vencimiento entre el 15\/02\/2020 y el 31\/12\/2021.<\/li><li>Estar dentro del mes anterior a la fecha de vencimiento o tener tu licencia vencida a partir del 15\/02\/2020.<\/li><li>La fecha de emisi\u00f3n de tu ultima licencia sea antes del 17\/03\/2020<\/li><li>Tener pago el\u00a0<a rel=\"noreferrer noopener\" href=\"https:\/\/boletacenat.safit.com.ar\/\" target=\"_blank\">Certificado Nacional de Antecedentes de Tr\u00e1nsito (CENAT)<\/a>\u00a0(60 d\u00edas de validez).\u00a0<strong>No podr\u00e1s utilizar un CeNAT generado pre pandemia<\/strong>.<\/li><li>Contar con\u00a0<a rel=\"noreferrer noopener\" href=\"https:\/\/www.buenosaires.gob.ar\/consulta-de-infracciones\" target=\"_blank\">Libre deuda de infracciones<\/a><\/li><li>Realizar\u00a0<a rel=\"noreferrer noopener\" href=\"https:\/\/www.buenosaires.gob.ar\/licenciasdeconducir\/requisitos\/charlarenovacion\" target=\"_blank\">Charla de renovaci\u00f3n<\/a><\/li><li>No haber modificado tu aptitud psicof\u00edsica<\/li><li>Abonar la BUI<\/li><\/ul>\n\n\n\n<h4 class=\"wp-block-heading\">C\u00f3mo realizar el tr\u00e1mite<\/h4>\n\n\n\n<p>Completa con tus datos el formulario para la <a rel=\"noreferrer noopener\" href=\"https:\/\/tramitesdigitales.buenosaires.gob.ar\/formulario\/formularioTemplate\/ReimpresiondeCredenciales\" target=\"_blank\">Reimpresi\u00f3n con 1 a\u00f1o de extensi\u00f3n Covid-19<\/a>. La confirmaci\u00f3n te llegar\u00e1 por mail.<\/p>\n\n\n\n<ul class=\"wp-block-list\"><li>Las entregas solo se realizan&nbsp;<strong>dentro de CABA<\/strong>.<\/li><li>La demora estimada del proceso completo del tramite m\u00e1s la entrega en el domicilio puede ser de&nbsp;<strong>hasta 10 d\u00edas h\u00e1biles<\/strong>.<\/li><\/ul>\n\n\n\n<h4 class=\"wp-block-heading\">Costos del tr\u00e1mite<\/h4>\n\n\n\n<ul class=\"wp-block-list\"><li>Reimpresi\u00f3n de licencia de conducir $740<\/li><li>Certificado Nacional de Antecedentes de Tr\u00e1nsito (CENAT)$500<\/li><li>Este tr\u00e1mite est\u00e1\u00a0<strong>arancelado de acuerdo con la\u00a0<a rel=\"noreferrer noopener\" href=\"https:\/\/documentosboletinoficial.buenosaires.gob.ar\/publico\/PL-LEY-LCABA-LCBA-6383-20-ANX.pdf\" target=\"_blank\">Ley Tarifaria Vigente<\/a><\/strong>.<\/li><\/ul>\n\n\n\n<figure class=\"wp-block-image size-large is-resized\"><img loading=\"lazy\" decoding=\"async\" data-attachment-id=\"99\" data-permalink=\"https:\/\/www.comuna13online.com.ar\/?attachment_id=99\" data-orig-file=\"https:\/\/www.comuna13online.com.ar\/wp-content\/uploads\/2017\/12\/line.jpg\" data-orig-size=\"678,1\" data-comments-opened=\"0\" data-image-meta=\"{&quot;aperture&quot;:&quot;0&quot;,&quot;credit&quot;:&quot;&quot;,&quot;camera&quot;:&quot;&quot;,&quot;caption&quot;:&quot;&quot;,&quot;created_timestamp&quot;:&quot;0&quot;,&quot;copyright&quot;:&quot;&quot;,&quot;focal_length&quot;:&quot;0&quot;,&quot;iso&quot;:&quot;0&quot;,&quot;shutter_speed&quot;:&quot;0&quot;,&quot;title&quot;:&quot;&quot;,&quot;orientation&quot;:&quot;0&quot;}\" data-image-title=\"line\" data-image-description=\"\" data-image-caption=\"\" data-large-file=\"https:\/\/www.comuna13online.com.ar\/wp-content\/uploads\/2017\/12\/line.jpg\" src=\"http:\/\/www.comuna13online.com.ar\/wp-content\/uploads\/2017\/12\/line.jpg\" alt=\"\" class=\"wp-image-99\" width=\"678\" height=\"1\" srcset=\"https:\/\/www.comuna13online.com.ar\/wp-content\/uploads\/2017\/12\/line.jpg 678w, https:\/\/www.comuna13online.com.ar\/wp-content\/uploads\/2017\/12\/line-150x1.jpg 150w, https:\/\/www.comuna13online.com.ar\/wp-content\/uploads\/2017\/12\/line-326x1.jpg 326w, https:\/\/www.comuna13online.com.ar\/wp-content\/uploads\/2017\/12\/line-80x1.jpg 80w, https:\/\/www.comuna13online.com.ar\/wp-content\/uploads\/2017\/12\/line-272x1.jpg 272w\" sizes=\"auto, (max-width: 678px) 100vw, 678px\" \/><\/figure>\n\n\n\n<figure class=\"wp-block-image size-full\"><img loading=\"lazy\" decoding=\"async\" width=\"678\" height=\"180\" data-attachment-id=\"8918\" data-permalink=\"https:\/\/www.comuna13online.com.ar\/?attachment_id=8918\" data-orig-file=\"https:\/\/www.comuna13online.com.ar\/wp-content\/uploads\/2020\/04\/corona2.jpg\" data-orig-size=\"678,180\" data-comments-opened=\"0\" data-image-meta=\"{&quot;aperture&quot;:&quot;0&quot;,&quot;credit&quot;:&quot;&quot;,&quot;camera&quot;:&quot;&quot;,&quot;caption&quot;:&quot;&quot;,&quot;created_timestamp&quot;:&quot;0&quot;,&quot;copyright&quot;:&quot;&quot;,&quot;focal_length&quot;:&quot;0&quot;,&quot;iso&quot;:&quot;0&quot;,&quot;shutter_speed&quot;:&quot;0&quot;,&quot;title&quot;:&quot;&quot;,&quot;orientation&quot;:&quot;0&quot;}\" data-image-title=\"corona2\" data-image-description=\"\" data-image-caption=\"\" data-large-file=\"https:\/\/www.comuna13online.com.ar\/wp-content\/uploads\/2020\/04\/corona2.jpg\" src=\"http:\/\/www.comuna13online.com.ar\/wp-content\/uploads\/2020\/04\/corona2.jpg\" alt=\"\" class=\"wp-image-8918\"\/><\/figure>\n","protected":false},"excerpt":{"rendered":"<div class=\"mh-excerpt\">Se trata de las licencias con fecha de vencimiento entre el 15 de febrero de 2020 y el 31 de diciembre de 2021. El nuevo plazo se computar\u00e1 a partir <a class=\"mh-excerpt-more\" href=\"https:\/\/www.comuna13online.com.ar\/?p=12517\" title=\"La Ciudad extiende por dos a\u00f1os la vigencia de las licencias de conducir\">[&#8230;]<\/a><\/div>\n","protected":false},"author":1,"featured_media":12519,"comment_status":"closed","ping_status":"closed","sticky":false,"template":"","format":"standard","meta":{"_uag_custom_page_level_css":"","_jetpack_memberships_contains_paid_content":false,"footnotes":"","jetpack_publicize_message":"","jetpack_publicize_feature_enabled":true,"jetpack_social_post_already_shared":true,"jetpack_social_options":{"image_generator_settings":{"template":"highway","default_image_id":0,"font":"","enabled":false},"version":2}},"categories":[73],"tags":[246,250,296,75],"class_list":{"0":"post-12517","1":"post","2":"type-post","3":"status-publish","4":"format-standard","5":"has-post-thumbnail","7":"category-seguridad-vial","8":"tag-h1","9":"tag-h2","10":"tag-h3","11":"tag-seguridad-vial"},"jetpack_publicize_connections":[],"jetpack_featured_media_url":"https:\/\/www.comuna13online.com.ar\/wp-content\/uploads\/2021\/01\/210122a-id.jpg","uagb_featured_image_src":{"full":["https:\/\/www.comuna13online.com.ar\/wp-content\/uploads\/2021\/01\/210122a-id.jpg",1030,438,false],"thumbnail":["https:\/\/www.comuna13online.com.ar\/wp-content\/uploads\/2021\/01\/210122a-id.jpg",128,54,false],"medium":["https:\/\/www.comuna13online.com.ar\/wp-content\/uploads\/2021\/01\/210122a-id.jpg",1030,438,false],"medium_large":["https:\/\/www.comuna13online.com.ar\/wp-content\/uploads\/2021\/01\/210122a-id-768x327.jpg",768,327,true],"large":["https:\/\/www.comuna13online.com.ar\/wp-content\/uploads\/2021\/01\/210122a-id.jpg",1030,438,false],"1536x1536":["https:\/\/www.comuna13online.com.ar\/wp-content\/uploads\/2021\/01\/210122a-id.jpg",1030,438,false],"2048x2048":["https:\/\/www.comuna13online.com.ar\/wp-content\/uploads\/2021\/01\/210122a-id.jpg",1030,438,false],"mh-magazine-slider":["https:\/\/www.comuna13online.com.ar\/wp-content\/uploads\/2021\/01\/210122a-id-1030x438.jpg",1030,438,true],"mh-magazine-content":["https:\/\/www.comuna13online.com.ar\/wp-content\/uploads\/2021\/01\/210122a-id-678x381.jpg",678,381,true],"mh-magazine-large":["https:\/\/www.comuna13online.com.ar\/wp-content\/uploads\/2021\/01\/210122a-id-678x438.jpg",678,438,true],"mh-magazine-medium":["https:\/\/www.comuna13online.com.ar\/wp-content\/uploads\/2021\/01\/210122a-id-326x245.jpg",326,245,true],"mh-magazine-small":["https:\/\/www.comuna13online.com.ar\/wp-content\/uploads\/2021\/01\/210122a-id-80x60.jpg",80,60,true],"sow-carousel-default":["https:\/\/www.comuna13online.com.ar\/wp-content\/uploads\/2021\/01\/210122a-id-272x182.jpg",272,182,true]},"uagb_author_info":{"display_name":"Comuna13","author_link":"https:\/\/www.comuna13online.com.ar\/?author=1"},"uagb_comment_info":0,"uagb_excerpt":"Se trata de las licencias con fecha de vencimiento entre el 15 de febrero de 2020 y el 31 de diciembre de 2021. El nuevo plazo se computar\u00e1 a partir [...]","jetpack_sharing_enabled":true,"_links":{"self":[{"href":"https:\/\/www.comuna13online.com.ar\/index.php?rest_route=\/wp\/v2\/posts\/12517","targetHints":{"allow":["GET"]}}],"collection":[{"href":"https:\/\/www.comuna13online.com.ar\/index.php?rest_route=\/wp\/v2\/posts"}],"about":[{"href":"https:\/\/www.comuna13online.com.ar\/index.php?rest_route=\/wp\/v2\/types\/post"}],"author":[{"embeddable":true,"href":"https:\/\/www.comuna13online.com.ar\/index.php?rest_route=\/wp\/v2\/users\/1"}],"replies":[{"embeddable":true,"href":"https:\/\/www.comuna13online.com.ar\/index.php?rest_route=%2Fwp%2Fv2%2Fcomments&post=12517"}],"version-history":[{"count":0,"href":"https:\/\/www.comuna13online.com.ar\/index.php?rest_route=\/wp\/v2\/posts\/12517\/revisions"}],"wp:featuredmedia":[{"embeddable":true,"href":"https:\/\/www.comuna13online.com.ar\/index.php?rest_route=\/wp\/v2\/media\/12519"}],"wp:attachment":[{"href":"https:\/\/www.comuna13online.com.ar\/index.php?rest_route=%2Fwp%2Fv2%2Fmedia&parent=12517"}],"wp:term":[{"taxonomy":"category","embeddable":true,"href":"https:\/\/www.comuna13online.com.ar\/index.php?rest_route=%2Fwp%2Fv2%2Fcategories&post=12517"},{"taxonomy":"post_tag","embeddable":true,"href":"https:\/\/www.comuna13online.com.ar\/index.php?rest_route=%2Fwp%2Fv2%2Ftags&post=12517"}],"curies":[{"name":"wp","href":"https:\/\/api.w.org\/{rel}","templated":true}]}}