{"id":12380,"date":"2020-12-31T09:53:59","date_gmt":"2020-12-31T12:53:59","guid":{"rendered":"http:\/\/www.comuna13online.com.ar\/?p=12380"},"modified":"2020-12-31T09:54:25","modified_gmt":"2020-12-31T12:54:25","slug":"como-funcionaran-los-servicios-publicos-el-31-de-diciembre-y-1-de-enero","status":"publish","type":"post","link":"https:\/\/www.comuna13online.com.ar\/?p=12380","title":{"rendered":"Como funcionaran los servicios p\u00fablicos el 31 de diciembre y 1 de enero"},"content":{"rendered":"\n<p><strong>El Gobierno de la Ciudad Aut\u00f3noma de Buenos Aires brind\u00f3 detalles del cronograma de servicios p\u00fablicos durante el jueves 31 de diciembre y el viernes 1 de enero de 2021.<\/strong><\/p>\n\n\n\n<ul class=\"wp-block-list\"><li><strong>Hospitales<\/strong>: funcionar\u00e1n las guardias, el SAME y las Unidades Febriles de Urgencia.<\/li><li><strong>Escuelas<\/strong>: cerradas.<\/li><li><strong>Cementerios<\/strong>: las inhumaciones en los Cementerios de Chacarita, Flores, Recoleta y el ingreso de los fallecidos al Crematorio de la Ciudad Aut\u00f3noma de Buenos Aires se realizar\u00e1n en el horario de 9 a 12 horas a destino el jueves 31, y a dep\u00f3sito el viernes 1 de enero.\u00a0<\/li><li><strong>Administraci\u00f3n Gubernamental de Ingresos P\u00fablicos y Direcci\u00f3n General de Rentas<\/strong>: cerradas.<\/li><li><strong>Sedes comunales<\/strong>: cerradas.<\/li><li><strong>Registro Civil<\/strong>: Permanecer\u00e1 cerrado. Funcionar\u00e1 s\u00f3lo la guardia de defunciones de 9 a 12.<\/li><li><strong>Recolecci\u00f3n de residuos<\/strong>: Basura: el\u00a0jueves 31 no habr\u00e1 recolecci\u00f3n de basura. Se solicita no sacarla para que no se acumule en los contenedores. Reciclables: tanto\u00a0el jueves 31 como el viernes 1 de enero no habr\u00e1 recolecci\u00f3n de reciclables. Se solicita guardarlos\u00a0limpios y secos en las casas.\u00a0<\/li><\/ul>\n\n\n\n<h4 class=\"wp-block-heading\">Subte y Premetro<\/h4>\n\n\n\n<p><strong>El d\u00eda jueves 31, el Subte funcionar\u00e1 entre las 6 y las 22 horas<\/strong>, es decir, con el horario habitual bajo el esquema implementado por la pandemia.&nbsp;<strong>Los \u00faltimos servicios partir\u00e1n de las cabeceras entre las 21 y las 22 horas<\/strong>, variando seg\u00fan la l\u00ednea y el sentido.<\/p>\n\n\n\n<p>En tanto,\u00a0<strong>el d\u00eda viernes 1\u00b0, el Subte prestar\u00e1 servicio entre las 8 y las 22<\/strong>, es decir, con el horario de los domingos bajo el esquema implementado por la pandemia.\u00a0<strong>Los \u00faltimos servicios partir\u00e1n de las cabeceras entre las 21 y las 21:30<\/strong>, aunque en algunas l\u00edneas lo har\u00e1n entre las 21:30 y las 22.<\/p>\n\n\n\n<figure class=\"wp-block-image size-large\"><img loading=\"lazy\" decoding=\"async\" width=\"678\" height=\"637\" data-attachment-id=\"12381\" data-permalink=\"https:\/\/www.comuna13online.com.ar\/?attachment_id=12381\" data-orig-file=\"https:\/\/www.comuna13online.com.ar\/wp-content\/uploads\/2020\/12\/20201231z2.jpg\" data-orig-size=\"678,637\" data-comments-opened=\"0\" data-image-meta=\"{&quot;aperture&quot;:&quot;0&quot;,&quot;credit&quot;:&quot;&quot;,&quot;camera&quot;:&quot;&quot;,&quot;caption&quot;:&quot;&quot;,&quot;created_timestamp&quot;:&quot;0&quot;,&quot;copyright&quot;:&quot;&quot;,&quot;focal_length&quot;:&quot;0&quot;,&quot;iso&quot;:&quot;0&quot;,&quot;shutter_speed&quot;:&quot;0&quot;,&quot;title&quot;:&quot;&quot;,&quot;orientation&quot;:&quot;0&quot;}\" data-image-title=\"20201231z2\" data-image-description=\"\" data-image-caption=\"\" data-large-file=\"https:\/\/www.comuna13online.com.ar\/wp-content\/uploads\/2020\/12\/20201231z2.jpg\" src=\"http:\/\/www.comuna13online.com.ar\/wp-content\/uploads\/2020\/12\/20201231z2.jpg\" alt=\"\" class=\"wp-image-12381\"\/><\/figure>\n\n\n\n<ul class=\"wp-block-list\"><li><strong>Estacionamiento<\/strong>: estar\u00e1 permitido estacionar sobre las avenidas y calles donde est\u00e1 prohibido estacionar los d\u00edas h\u00e1biles de 7 a 21 horas. No estar\u00e1 permitido estacionar sobre avenidas o calles donde est\u00e1 prohibido estacionar las 24 horas. El estacionamiento medido no tendr\u00e1 vigencia. En las rampas, veredas, ochavas, cocheras, paradas de colectivo, calles de convivencia, espacios reservados para personas con discapacidad, espacios reservados para cl\u00ednicas y hospitales y cajones de carga y descarga, sigue rigiendo la prohibici\u00f3n durante las 24 horas. Adem\u00e1s no habr\u00e1 restricci\u00f3n de ingreso a Centro y Tribunales peatonal. M\u00e1s informaci\u00f3n:\u00a0<a rel=\"noreferrer noopener\" href=\"http:\/\/estacionamiento.gob.ar\/\" target=\"_blank\">http:\/\/estacionamiento.gob.ar\/<\/a><\/li><li><strong>Ecobici<\/strong>: el servicio est\u00e1 disponible como complemento del sistema de transporte para hacer viajes cortos de menos de 5 km de distancia; con un tiempo de uso de 30 minutos m\u00e1ximo por viaje de lunes a domingo.<\/li><li><strong>Peajes<\/strong>: el jueves 31 funcionar\u00e1n con normalidad los Peajes Avellaneda, Illia, Dellepiane, Alberti y Retiro, mientras que el viernes 1 de enero funcionar\u00e1n con normalidad tomando como hora pico el horario de fin de semana, es decir, de 11 a 15 horas sentido Provincia, y de 16 a 21 horas sentido Centro.<\/li><li><strong>Registro de licencias para conducir, sede Roca<\/strong>: cerrada.<\/li><li><strong>Pista de aprendizaje<\/strong>: cerrada.<\/li><li><strong>Verificaci\u00f3n T\u00e9cnica Vehicular<\/strong>: las siete plantas permanecer\u00e1n cerradas.<\/li><li><strong>Direcci\u00f3n General de Infracciones<\/strong>: cerrada.<\/li><li><strong>Log\u00edstica, Defensa Civil y Guardia de Auxilio y Emergencias + L\u00ednea 103<\/strong>: guardias activas las 24 horas.<\/li><li><strong>Parques<\/strong>: Reserva Ecol\u00f3gica: cerrada. Jard\u00edn Bot\u00e1nico: cerrado. Ecoparque: cerrado.<\/li><li><strong>Museos<\/strong>: cerrados. Para m\u00e1s informaci\u00f3n:\u00a0<a rel=\"noreferrer noopener\" href=\"https:\/\/www.buenosaires.gob.ar\/museos\" target=\"_blank\">http:\/\/www.buenosaires.gob.ar\/museos<\/a><\/li><li><strong>Bibliotecas p\u00fablicas<\/strong>: cerradas.<\/li><li><strong>Teatros dependientes del GCBA<\/strong>: Complejo Teatral de Buenos Aires: cerrado. Centro Cultural San Mart\u00edn: cerrado. Centro Cultural 25 de Mayo: cerrado. Teatro Col\u00f3n: cerrado. Usina del Arte: cerrada.<\/li><\/ul>\n\n\n\n<figure class=\"wp-block-image size-large is-resized\"><img loading=\"lazy\" decoding=\"async\" data-attachment-id=\"99\" data-permalink=\"https:\/\/www.comuna13online.com.ar\/?attachment_id=99\" data-orig-file=\"https:\/\/www.comuna13online.com.ar\/wp-content\/uploads\/2017\/12\/line.jpg\" data-orig-size=\"678,1\" data-comments-opened=\"0\" data-image-meta=\"{&quot;aperture&quot;:&quot;0&quot;,&quot;credit&quot;:&quot;&quot;,&quot;camera&quot;:&quot;&quot;,&quot;caption&quot;:&quot;&quot;,&quot;created_timestamp&quot;:&quot;0&quot;,&quot;copyright&quot;:&quot;&quot;,&quot;focal_length&quot;:&quot;0&quot;,&quot;iso&quot;:&quot;0&quot;,&quot;shutter_speed&quot;:&quot;0&quot;,&quot;title&quot;:&quot;&quot;,&quot;orientation&quot;:&quot;0&quot;}\" data-image-title=\"line\" data-image-description=\"\" data-image-caption=\"\" data-large-file=\"https:\/\/www.comuna13online.com.ar\/wp-content\/uploads\/2017\/12\/line.jpg\" src=\"http:\/\/www.comuna13online.com.ar\/wp-content\/uploads\/2017\/12\/line.jpg\" alt=\"\" class=\"wp-image-99\" width=\"678\" height=\"1\" srcset=\"https:\/\/www.comuna13online.com.ar\/wp-content\/uploads\/2017\/12\/line.jpg 678w, https:\/\/www.comuna13online.com.ar\/wp-content\/uploads\/2017\/12\/line-150x1.jpg 150w, https:\/\/www.comuna13online.com.ar\/wp-content\/uploads\/2017\/12\/line-326x1.jpg 326w, https:\/\/www.comuna13online.com.ar\/wp-content\/uploads\/2017\/12\/line-80x1.jpg 80w, https:\/\/www.comuna13online.com.ar\/wp-content\/uploads\/2017\/12\/line-272x1.jpg 272w\" sizes=\"auto, (max-width: 678px) 100vw, 678px\" \/><\/figure>\n\n\n\n<figure class=\"wp-block-image size-full\"><img loading=\"lazy\" decoding=\"async\" width=\"678\" height=\"180\" data-attachment-id=\"8918\" data-permalink=\"https:\/\/www.comuna13online.com.ar\/?attachment_id=8918\" data-orig-file=\"https:\/\/www.comuna13online.com.ar\/wp-content\/uploads\/2020\/04\/corona2.jpg\" data-orig-size=\"678,180\" data-comments-opened=\"0\" data-image-meta=\"{&quot;aperture&quot;:&quot;0&quot;,&quot;credit&quot;:&quot;&quot;,&quot;camera&quot;:&quot;&quot;,&quot;caption&quot;:&quot;&quot;,&quot;created_timestamp&quot;:&quot;0&quot;,&quot;copyright&quot;:&quot;&quot;,&quot;focal_length&quot;:&quot;0&quot;,&quot;iso&quot;:&quot;0&quot;,&quot;shutter_speed&quot;:&quot;0&quot;,&quot;title&quot;:&quot;&quot;,&quot;orientation&quot;:&quot;0&quot;}\" data-image-title=\"corona2\" data-image-description=\"\" data-image-caption=\"\" data-large-file=\"https:\/\/www.comuna13online.com.ar\/wp-content\/uploads\/2020\/04\/corona2.jpg\" src=\"http:\/\/www.comuna13online.com.ar\/wp-content\/uploads\/2020\/04\/corona2.jpg\" alt=\"\" class=\"wp-image-8918\"\/><\/figure>\n","protected":false},"excerpt":{"rendered":"<div class=\"mh-excerpt\">El Gobierno de la Ciudad Aut\u00f3noma de Buenos Aires brind\u00f3 detalles del cronograma de servicios p\u00fablicos durante el jueves 31 de diciembre y el viernes 1 de enero de 2021. <a class=\"mh-excerpt-more\" href=\"https:\/\/www.comuna13online.com.ar\/?p=12380\" title=\"Como funcionaran los servicios p\u00fablicos el 31 de diciembre y 1 de enero\">[&#8230;]<\/a><\/div>\n","protected":false},"author":1,"featured_media":6801,"comment_status":"closed","ping_status":"closed","sticky":false,"template":"","format":"standard","meta":{"_uag_custom_page_level_css":"","_jetpack_memberships_contains_paid_content":false,"footnotes":"","jetpack_publicize_message":"","jetpack_publicize_feature_enabled":true,"jetpack_social_post_already_shared":true,"jetpack_social_options":{"image_generator_settings":{"template":"highway","default_image_id":0,"font":"","enabled":false},"version":2}},"categories":[138],"tags":[250,54,15],"class_list":{"0":"post-12380","1":"post","2":"type-post","3":"status-publish","4":"format-standard","5":"has-post-thumbnail","7":"category-servicios","8":"tag-h2","9":"tag-transito","10":"tag-transporte"},"jetpack_publicize_connections":[],"jetpack_featured_media_url":"https:\/\/www.comuna13online.com.ar\/wp-content\/uploads\/2019\/09\/20190911c.jpg","uagb_featured_image_src":{"full":["https:\/\/www.comuna13online.com.ar\/wp-content\/uploads\/2019\/09\/20190911c.jpg",1030,438,false],"thumbnail":["https:\/\/www.comuna13online.com.ar\/wp-content\/uploads\/2019\/09\/20190911c-150x150.jpg",96,96,true],"medium":["https:\/\/www.comuna13online.com.ar\/wp-content\/uploads\/2019\/09\/20190911c-678x288.jpg",678,288,true],"medium_large":["https:\/\/www.comuna13online.com.ar\/wp-content\/uploads\/2019\/09\/20190911c-768x327.jpg",768,327,true],"large":["https:\/\/www.comuna13online.com.ar\/wp-content\/uploads\/2019\/09\/20190911c.jpg",1030,438,false],"1536x1536":["https:\/\/www.comuna13online.com.ar\/wp-content\/uploads\/2019\/09\/20190911c.jpg",1030,438,false],"2048x2048":["https:\/\/www.comuna13online.com.ar\/wp-content\/uploads\/2019\/09\/20190911c.jpg",1030,438,false],"mh-magazine-slider":["https:\/\/www.comuna13online.com.ar\/wp-content\/uploads\/2019\/09\/20190911c.jpg",1030,438,false],"mh-magazine-content":["https:\/\/www.comuna13online.com.ar\/wp-content\/uploads\/2019\/09\/20190911c-678x381.jpg",678,381,true],"mh-magazine-large":["https:\/\/www.comuna13online.com.ar\/wp-content\/uploads\/2019\/09\/20190911c-678x438.jpg",678,438,true],"mh-magazine-medium":["https:\/\/www.comuna13online.com.ar\/wp-content\/uploads\/2019\/09\/20190911c-326x245.jpg",326,245,true],"mh-magazine-small":["https:\/\/www.comuna13online.com.ar\/wp-content\/uploads\/2019\/09\/20190911c-80x60.jpg",80,60,true],"sow-carousel-default":["https:\/\/www.comuna13online.com.ar\/wp-content\/uploads\/2019\/09\/20190911c-272x182.jpg",272,182,true]},"uagb_author_info":{"display_name":"Comuna13","author_link":"https:\/\/www.comuna13online.com.ar\/?author=1"},"uagb_comment_info":0,"uagb_excerpt":"El Gobierno de la Ciudad Aut\u00f3noma de Buenos Aires brind\u00f3 detalles del cronograma de servicios p\u00fablicos durante el jueves 31 de diciembre y el viernes 1 de enero de 2021. [...]","jetpack_sharing_enabled":true,"_links":{"self":[{"href":"https:\/\/www.comuna13online.com.ar\/index.php?rest_route=\/wp\/v2\/posts\/12380","targetHints":{"allow":["GET"]}}],"collection":[{"href":"https:\/\/www.comuna13online.com.ar\/index.php?rest_route=\/wp\/v2\/posts"}],"about":[{"href":"https:\/\/www.comuna13online.com.ar\/index.php?rest_route=\/wp\/v2\/types\/post"}],"author":[{"embeddable":true,"href":"https:\/\/www.comuna13online.com.ar\/index.php?rest_route=\/wp\/v2\/users\/1"}],"replies":[{"embeddable":true,"href":"https:\/\/www.comuna13online.com.ar\/index.php?rest_route=%2Fwp%2Fv2%2Fcomments&post=12380"}],"version-history":[{"count":0,"href":"https:\/\/www.comuna13online.com.ar\/index.php?rest_route=\/wp\/v2\/posts\/12380\/revisions"}],"wp:featuredmedia":[{"embeddable":true,"href":"https:\/\/www.comuna13online.com.ar\/index.php?rest_route=\/wp\/v2\/media\/6801"}],"wp:attachment":[{"href":"https:\/\/www.comuna13online.com.ar\/index.php?rest_route=%2Fwp%2Fv2%2Fmedia&parent=12380"}],"wp:term":[{"taxonomy":"category","embeddable":true,"href":"https:\/\/www.comuna13online.com.ar\/index.php?rest_route=%2Fwp%2Fv2%2Fcategories&post=12380"},{"taxonomy":"post_tag","embeddable":true,"href":"https:\/\/www.comuna13online.com.ar\/index.php?rest_route=%2Fwp%2Fv2%2Ftags&post=12380"}],"curies":[{"name":"wp","href":"https:\/\/api.w.org\/{rel}","templated":true}]}}