{"id":12243,"date":"2020-12-15T19:00:00","date_gmt":"2020-12-15T22:00:00","guid":{"rendered":"http:\/\/www.comuna13online.com.ar\/?p=12243"},"modified":"2021-05-23T19:50:42","modified_gmt":"2021-05-23T22:50:42","slug":"prorrogan-nuevamente-el-vencimiento-de-las-licencias-de-conducir","status":"publish","type":"post","link":"https:\/\/www.comuna13online.com.ar\/?p=12243","title":{"rendered":"Prorrogan nuevamente el vencimiento de las licencias de conducir"},"content":{"rendered":"\n<p><strong>De esta forma, quedan incorporadas en la extensi\u00f3n todas las licencias con fecha de caducidad entre el 15 de febrero de 2020 y el 14 de febrero de 2021. El nuevo plazo se computar\u00e1 a partir del d\u00eda siguiente al vencimiento.<\/strong><\/p>\n\n\n\n<figure class=\"wp-block-image\"><img decoding=\"async\" src=\"http:\/\/www.comuna13online.com.ar\/wp-content\/uploads\/2020\/08\/20200805d1.jpg\" alt=\"La imagen tiene un atributo ALT vac\u00edo; su nombre de archivo es 20200805d1.jpg\"\/><\/figure>\n\n\n\n<p>El gobierno de la Ciudad prorrog\u00f3 por un a\u00f1o la vigencia de las licencias de conducir con fecha de vencimiento hasta el&nbsp;<strong>14 de febrero de 2021<\/strong>. Esta nueva extensi\u00f3n de validez se suma a las pr\u00f3rrogas anteriores, de esta forma, todas las licencias vencidas entre el 15 de febrero de 2020 al 14 de febrero de 2021 tienen una ampliaci\u00f3n de vigencia por un a\u00f1o calendario.<\/p>\n\n\n\n<p>El periodo de extensi\u00f3n va a computarse a partir del d\u00eda siguiente al del vencimiento que figura en la licencia. Esto significa que, por ejemplo, si la licencia vence el 10 de febrero de 2021, la validez del carnet de conducir va a&nbsp;<strong>ampliarse hasta el 10 de febrero de 2022<\/strong>.<\/p>\n\n\n\n<p>Hay que destacar que la Ciudad habilit\u00f3 de acuerdo al plan de puesta en marcha gradual de actividades varias gestiones, entre ellas la solicitud de nuevas licencias para principiantes o para aquellos casos en los que poseen matr\u00edcula vencida por m\u00e1s de dos a\u00f1os. Tambi\u00e9n es posible realizar la ampliaci\u00f3n de una licencia existente a otra categor\u00eda o a otro tipo de veh\u00edculo. Por ejemplo, de la categor\u00eda particular a profesional o de una moto a un autom\u00f3vil.<\/p>\n\n\n\n<p>Asimismo, para el caso de personas que deben viajar a otros pa\u00edses y precisan la licencia con la fecha prorrogada, se habilit\u00f3 la solicitud de reimpresi\u00f3n, gesti\u00f3n que puede realizarse desde la&nbsp;<a href=\"https:\/\/www.buenosaires.gob.ar\/tramites\/otorgamiento-de-licencia-de-conducir\" target=\"_blank\" rel=\"noreferrer noopener\">web de la Ciudad<\/a>&nbsp;y que permite al conductor recibir el carnet en su domicilio, con el vencimiento actualizado. Las licencias incluidas en esta opci\u00f3n son exclusivamente aquellas vencidas a partir del 15 de febrero de 2020. Hay que se\u00f1alar que este tr\u00e1mite es voluntario y s\u00f3lo para quienes viajan al exterior y necesitan la licencia f\u00edsica, ya que la pr\u00f3rroga es autom\u00e1tica dentro del territorio nacional.<\/p>\n\n\n\n<figure class=\"wp-block-image size-large is-resized\"><img loading=\"lazy\" decoding=\"async\" data-attachment-id=\"99\" data-permalink=\"https:\/\/www.comuna13online.com.ar\/?attachment_id=99\" data-orig-file=\"https:\/\/www.comuna13online.com.ar\/wp-content\/uploads\/2017\/12\/line.jpg\" data-orig-size=\"678,1\" data-comments-opened=\"0\" data-image-meta=\"{&quot;aperture&quot;:&quot;0&quot;,&quot;credit&quot;:&quot;&quot;,&quot;camera&quot;:&quot;&quot;,&quot;caption&quot;:&quot;&quot;,&quot;created_timestamp&quot;:&quot;0&quot;,&quot;copyright&quot;:&quot;&quot;,&quot;focal_length&quot;:&quot;0&quot;,&quot;iso&quot;:&quot;0&quot;,&quot;shutter_speed&quot;:&quot;0&quot;,&quot;title&quot;:&quot;&quot;,&quot;orientation&quot;:&quot;0&quot;}\" data-image-title=\"line\" data-image-description=\"\" data-image-caption=\"\" data-large-file=\"https:\/\/www.comuna13online.com.ar\/wp-content\/uploads\/2017\/12\/line.jpg\" src=\"http:\/\/www.comuna13online.com.ar\/wp-content\/uploads\/2017\/12\/line.jpg\" alt=\"\" class=\"wp-image-99\" width=\"678\" height=\"1\" srcset=\"https:\/\/www.comuna13online.com.ar\/wp-content\/uploads\/2017\/12\/line.jpg 678w, https:\/\/www.comuna13online.com.ar\/wp-content\/uploads\/2017\/12\/line-150x1.jpg 150w, https:\/\/www.comuna13online.com.ar\/wp-content\/uploads\/2017\/12\/line-326x1.jpg 326w, https:\/\/www.comuna13online.com.ar\/wp-content\/uploads\/2017\/12\/line-80x1.jpg 80w, https:\/\/www.comuna13online.com.ar\/wp-content\/uploads\/2017\/12\/line-272x1.jpg 272w\" sizes=\"auto, (max-width: 678px) 100vw, 678px\" \/><\/figure>\n\n\n\n<figure class=\"wp-block-image size-full\"><img loading=\"lazy\" decoding=\"async\" width=\"678\" height=\"180\" data-attachment-id=\"8918\" data-permalink=\"https:\/\/www.comuna13online.com.ar\/?attachment_id=8918\" data-orig-file=\"https:\/\/www.comuna13online.com.ar\/wp-content\/uploads\/2020\/04\/corona2.jpg\" data-orig-size=\"678,180\" data-comments-opened=\"0\" data-image-meta=\"{&quot;aperture&quot;:&quot;0&quot;,&quot;credit&quot;:&quot;&quot;,&quot;camera&quot;:&quot;&quot;,&quot;caption&quot;:&quot;&quot;,&quot;created_timestamp&quot;:&quot;0&quot;,&quot;copyright&quot;:&quot;&quot;,&quot;focal_length&quot;:&quot;0&quot;,&quot;iso&quot;:&quot;0&quot;,&quot;shutter_speed&quot;:&quot;0&quot;,&quot;title&quot;:&quot;&quot;,&quot;orientation&quot;:&quot;0&quot;}\" data-image-title=\"corona2\" data-image-description=\"\" data-image-caption=\"\" data-large-file=\"https:\/\/www.comuna13online.com.ar\/wp-content\/uploads\/2020\/04\/corona2.jpg\" src=\"http:\/\/www.comuna13online.com.ar\/wp-content\/uploads\/2020\/04\/corona2.jpg\" alt=\"\" class=\"wp-image-8918\"\/><\/figure>\n","protected":false},"excerpt":{"rendered":"<div class=\"mh-excerpt\">De esta forma, quedan incorporadas en la extensi\u00f3n todas las licencias con fecha de caducidad entre el 15 de febrero de 2020 y el 14 de febrero de 2021. El <a class=\"mh-excerpt-more\" href=\"https:\/\/www.comuna13online.com.ar\/?p=12243\" title=\"Prorrogan nuevamente el vencimiento de las licencias de conducir\">[&#8230;]<\/a><\/div>\n","protected":false},"author":1,"featured_media":11054,"comment_status":"closed","ping_status":"closed","sticky":false,"template":"","format":"standard","meta":{"_uag_custom_page_level_css":"","_jetpack_memberships_contains_paid_content":false,"footnotes":"","jetpack_publicize_message":"","jetpack_publicize_feature_enabled":true,"jetpack_social_post_already_shared":true,"jetpack_social_options":{"image_generator_settings":{"template":"highway","default_image_id":0,"font":"","enabled":false},"version":2}},"categories":[73],"tags":[250,75,54],"class_list":{"0":"post-12243","1":"post","2":"type-post","3":"status-publish","4":"format-standard","5":"has-post-thumbnail","7":"category-seguridad-vial","8":"tag-h2","9":"tag-seguridad-vial","10":"tag-transito"},"jetpack_publicize_connections":[],"jetpack_featured_media_url":"https:\/\/www.comuna13online.com.ar\/wp-content\/uploads\/2020\/08\/20200805d.jpg","uagb_featured_image_src":{"full":["https:\/\/www.comuna13online.com.ar\/wp-content\/uploads\/2020\/08\/20200805d.jpg",1030,438,false],"thumbnail":["https:\/\/www.comuna13online.com.ar\/wp-content\/uploads\/2020\/08\/20200805d-150x150.jpg",96,96,true],"medium":["https:\/\/www.comuna13online.com.ar\/wp-content\/uploads\/2020\/08\/20200805d-678x288.jpg",678,288,true],"medium_large":["https:\/\/www.comuna13online.com.ar\/wp-content\/uploads\/2020\/08\/20200805d-768x327.jpg",768,327,true],"large":["https:\/\/www.comuna13online.com.ar\/wp-content\/uploads\/2020\/08\/20200805d.jpg",1030,438,false],"1536x1536":["https:\/\/www.comuna13online.com.ar\/wp-content\/uploads\/2020\/08\/20200805d.jpg",1030,438,false],"2048x2048":["https:\/\/www.comuna13online.com.ar\/wp-content\/uploads\/2020\/08\/20200805d.jpg",1030,438,false],"mh-magazine-slider":["https:\/\/www.comuna13online.com.ar\/wp-content\/uploads\/2020\/08\/20200805d-1030x438.jpg",1030,438,true],"mh-magazine-content":["https:\/\/www.comuna13online.com.ar\/wp-content\/uploads\/2020\/08\/20200805d-678x381.jpg",678,381,true],"mh-magazine-large":["https:\/\/www.comuna13online.com.ar\/wp-content\/uploads\/2020\/08\/20200805d-678x438.jpg",678,438,true],"mh-magazine-medium":["https:\/\/www.comuna13online.com.ar\/wp-content\/uploads\/2020\/08\/20200805d-326x245.jpg",326,245,true],"mh-magazine-small":["https:\/\/www.comuna13online.com.ar\/wp-content\/uploads\/2020\/08\/20200805d-80x60.jpg",80,60,true],"sow-carousel-default":["https:\/\/www.comuna13online.com.ar\/wp-content\/uploads\/2020\/08\/20200805d-272x182.jpg",272,182,true]},"uagb_author_info":{"display_name":"Comuna13","author_link":"https:\/\/www.comuna13online.com.ar\/?author=1"},"uagb_comment_info":0,"uagb_excerpt":"De esta forma, quedan incorporadas en la extensi\u00f3n todas las licencias con fecha de caducidad entre el 15 de febrero de 2020 y el 14 de febrero de 2021. El [...]","jetpack_sharing_enabled":true,"_links":{"self":[{"href":"https:\/\/www.comuna13online.com.ar\/index.php?rest_route=\/wp\/v2\/posts\/12243","targetHints":{"allow":["GET"]}}],"collection":[{"href":"https:\/\/www.comuna13online.com.ar\/index.php?rest_route=\/wp\/v2\/posts"}],"about":[{"href":"https:\/\/www.comuna13online.com.ar\/index.php?rest_route=\/wp\/v2\/types\/post"}],"author":[{"embeddable":true,"href":"https:\/\/www.comuna13online.com.ar\/index.php?rest_route=\/wp\/v2\/users\/1"}],"replies":[{"embeddable":true,"href":"https:\/\/www.comuna13online.com.ar\/index.php?rest_route=%2Fwp%2Fv2%2Fcomments&post=12243"}],"version-history":[{"count":0,"href":"https:\/\/www.comuna13online.com.ar\/index.php?rest_route=\/wp\/v2\/posts\/12243\/revisions"}],"wp:featuredmedia":[{"embeddable":true,"href":"https:\/\/www.comuna13online.com.ar\/index.php?rest_route=\/wp\/v2\/media\/11054"}],"wp:attachment":[{"href":"https:\/\/www.comuna13online.com.ar\/index.php?rest_route=%2Fwp%2Fv2%2Fmedia&parent=12243"}],"wp:term":[{"taxonomy":"category","embeddable":true,"href":"https:\/\/www.comuna13online.com.ar\/index.php?rest_route=%2Fwp%2Fv2%2Fcategories&post=12243"},{"taxonomy":"post_tag","embeddable":true,"href":"https:\/\/www.comuna13online.com.ar\/index.php?rest_route=%2Fwp%2Fv2%2Ftags&post=12243"}],"curies":[{"name":"wp","href":"https:\/\/api.w.org\/{rel}","templated":true}]}}