{"id":12117,"date":"2020-11-27T13:57:39","date_gmt":"2020-11-27T16:57:39","guid":{"rendered":"http:\/\/www.comuna13online.com.ar\/?p=12117"},"modified":"2020-11-27T15:49:58","modified_gmt":"2020-11-27T18:49:58","slug":"cine-al-aire-libre-en-parque-centenario","status":"publish","type":"post","link":"https:\/\/www.comuna13online.com.ar\/?p=12117","title":{"rendered":"Cine al aire libre en Parque Centenario"},"content":{"rendered":"\n<p><strong>En el marco del cierre del Festival Internacional de Cine de Mar del Plata, se proyectar\u00e1n \u201cInmortal\u201d de Fernando Spiner y \u201cEl Pa\u00eds de las \u00daltimas Cosas\u201d de Alejandro Chomski, pertenecientes a la categor\u00eda Selecci\u00f3n Oficial Fuera de Competencia de la 35\u00b0 Edici\u00f3n.<\/strong><\/p>\n\n\n\n<figure class=\"wp-block-image size-large\"><img loading=\"lazy\" decoding=\"async\" width=\"678\" height=\"452\" data-attachment-id=\"12122\" data-permalink=\"https:\/\/www.comuna13online.com.ar\/?attachment_id=12122\" data-orig-file=\"https:\/\/www.comuna13online.com.ar\/wp-content\/uploads\/2020\/11\/20201127e3.jpg\" data-orig-size=\"678,452\" data-comments-opened=\"0\" data-image-meta=\"{&quot;aperture&quot;:&quot;0&quot;,&quot;credit&quot;:&quot;&quot;,&quot;camera&quot;:&quot;&quot;,&quot;caption&quot;:&quot;&quot;,&quot;created_timestamp&quot;:&quot;0&quot;,&quot;copyright&quot;:&quot;&quot;,&quot;focal_length&quot;:&quot;0&quot;,&quot;iso&quot;:&quot;0&quot;,&quot;shutter_speed&quot;:&quot;0&quot;,&quot;title&quot;:&quot;&quot;,&quot;orientation&quot;:&quot;0&quot;}\" data-image-title=\"20201127e3\" data-image-description=\"\" data-image-caption=\"\" data-large-file=\"https:\/\/www.comuna13online.com.ar\/wp-content\/uploads\/2020\/11\/20201127e3.jpg\" src=\"http:\/\/www.comuna13online.com.ar\/wp-content\/uploads\/2020\/11\/20201127e3.jpg\" alt=\"\" class=\"wp-image-12122\" srcset=\"https:\/\/www.comuna13online.com.ar\/wp-content\/uploads\/2020\/11\/20201127e3.jpg 678w, https:\/\/www.comuna13online.com.ar\/wp-content\/uploads\/2020\/11\/20201127e3-272x182.jpg 272w\" sizes=\"auto, (max-width: 678px) 100vw, 678px\" \/><\/figure>\n\n\n\n<p>El Ministerio de Cultura de la Ciudad&nbsp; junto con el Instituto Nacional de Cine y Artes Audiovisuales (INCAA) invitan a las proyecciones del pr\u00f3ximo 28 de noviembre y 1\u00b0 de diciembre de dos pel\u00edculas de la 35 edici\u00f3n del Festival Internacional de Cine de Mar del Plata en el Anfiteatro de Parque Centenario, de forma gratuita.<\/p>\n\n\n\n<p>Las pel\u00edculas <strong>Inmortal<\/strong> de Fernando Spiner y <strong>El Pa\u00eds de las \u00daltimas Cosas<\/strong> de Alejandro Chomski se presentar\u00e1n el 28 de noviembre y el 1 de diciembre respectivamente, desde las 20.15 hs. en el Anfiteatro Parque Centenario bajo el <a rel=\"noreferrer noopener\" href=\"https:\/\/www.buenosaires.gob.ar\/cultura\/protocolos\/protocolo-para-la-realizacion-de-eventos-culturales-al-aire-libre-con-publico\" target=\"_blank\">protocolo para la realizaci\u00f3n de eventos culturales al aire libre con p\u00fablico<\/a>, cuyo objetivo es permitir la realizaci\u00f3n de todo tipo de acontecimiento cultural salvaguardando las normas de seguridad sanitaria para los concurrentes. El aforo ser\u00e1 limitado y con reserva de entrada previa por pel\u00edcula a trav\u00e9s de <a rel=\"noreferrer noopener\" href=\"https:\/\/www.buenosaires.gob.ar\/cultura\/impulso-cultural\" target=\"_blank\">www.buenosaires.gob.ar\/impulsocultural<\/a>. Se suspende por lluvia.<\/p>\n\n\n\n<p>Esta iniciativa, que ser\u00e1 el primer gran evento p\u00fablico para el sector audiovisual en la Ciudad, se da en el marco del cierre del Festival Internacional de Cine de Mar del Plata, y contar\u00e1 con la presencia de los directores quienes presentar\u00e1n las pel\u00edculas al p\u00fablico:<\/p>\n\n\n\n<h3 class=\"wp-block-heading\"><strong><strong>Inmortal<\/strong><\/strong><\/h3>\n\n\n\n<h5 class=\"wp-block-heading\">S\u00c1BADO 28 DE NOVIEMBRE A LAS 20:15 Horas<\/h5>\n\n\n\n<figure class=\"wp-block-image size-large\"><img loading=\"lazy\" decoding=\"async\" width=\"678\" height=\"271\" data-attachment-id=\"12120\" data-permalink=\"https:\/\/www.comuna13online.com.ar\/?attachment_id=12120\" data-orig-file=\"https:\/\/www.comuna13online.com.ar\/wp-content\/uploads\/2020\/11\/20201127e2.jpg\" data-orig-size=\"678,271\" data-comments-opened=\"0\" data-image-meta=\"{&quot;aperture&quot;:&quot;0&quot;,&quot;credit&quot;:&quot;&quot;,&quot;camera&quot;:&quot;&quot;,&quot;caption&quot;:&quot;&quot;,&quot;created_timestamp&quot;:&quot;0&quot;,&quot;copyright&quot;:&quot;&quot;,&quot;focal_length&quot;:&quot;0&quot;,&quot;iso&quot;:&quot;0&quot;,&quot;shutter_speed&quot;:&quot;0&quot;,&quot;title&quot;:&quot;&quot;,&quot;orientation&quot;:&quot;0&quot;}\" data-image-title=\"20201127e2\" data-image-description=\"\" data-image-caption=\"\" data-large-file=\"https:\/\/www.comuna13online.com.ar\/wp-content\/uploads\/2020\/11\/20201127e2.jpg\" src=\"http:\/\/www.comuna13online.com.ar\/wp-content\/uploads\/2020\/11\/20201127e2.jpg\" alt=\"\" class=\"wp-image-12120\"\/><\/figure>\n\n\n\n<p><a rel=\"noreferrer noopener\" href=\"http:\/\/comunicacionhrl.force.com\/forms\/RegistroEventoCultura?channel=mailing&amp;evento=7012K000001lykGQAQ&amp;d=28&amp;m=11&amp;h=2100\" target=\"_blank\">Reserv\u00e1 tu entrada<\/a><\/p>\n\n\n\n<p>Presentada por <strong>Enrique Avogadro, Fernando Juan Lima y Fernando Spiner<\/strong>.<\/p>\n\n\n\n<p>Ana Lauzer (Bel\u00e9n Blanco) es una fot\u00f3grafa radicada en Roma que debe viajar a su ciudad natal, Buenos Aires. Antes de volver a su pa\u00eds consulta el I Ching. El motivo de su regreso es la reciente muerte de su padre, a quien conocemos a partir de una foto en blanco y negro. Ana se instala en un hotel, recorre las calles a pie y en colectivo, visita a conocidos. Se dice que la muerte no tiene remedio; sin embargo, este dicho no encaja en la nueva pel\u00edcula de Fernando Spiner. Inmortal es un relato fant\u00e1stico que nos presenta un mundo paralelo llamado Leteo, en el que los muertos y los vivos pueden encontrarse, y hasta sentarse a charlar en un bar. Spiner, como la protagonista, vuelve a sus or\u00edgenes: los universos extra\u00f1os de La son\u00e1mbula y Adi\u00f3s querida luna. Inmortal nos propone romper nuestras creencias y sumergirnos en un viaje a otra dimensi\u00f3n.<\/p>\n\n\n\n<p>Categor\u00eda: Selecci\u00f3n Oficial Fuera de Competencia.<\/p>\n\n\n\n<iframe loading=\"lazy\" width=\"678\" height=\"381\" src=\"https:\/\/www.youtube.com\/embed\/OOVH8Cup9aw\" frameborder=\"0\" allow=\"accelerometer; autoplay; clipboard-write; encrypted-media; gyroscope; picture-in-picture\" allowfullscreen=\"\"><\/iframe><p><\/p>\n\n\n\n<hr class=\"wp-block-separator\"\/>\n\n\n\n<h3 class=\"wp-block-heading\"><strong>El Pa\u00eds de las \u00daltimas Cosas<\/strong><\/h3>\n\n\n\n<h5 class=\"wp-block-heading\">MARTES 1 DE DICIEMBRE A LAS 20:15 Horas<\/h5>\n\n\n\n<figure class=\"wp-block-image size-large\"><img loading=\"lazy\" decoding=\"async\" width=\"678\" height=\"271\" data-attachment-id=\"12119\" data-permalink=\"https:\/\/www.comuna13online.com.ar\/?attachment_id=12119\" data-orig-file=\"https:\/\/www.comuna13online.com.ar\/wp-content\/uploads\/2020\/11\/20201127e1.jpg\" data-orig-size=\"678,271\" data-comments-opened=\"0\" data-image-meta=\"{&quot;aperture&quot;:&quot;0&quot;,&quot;credit&quot;:&quot;&quot;,&quot;camera&quot;:&quot;&quot;,&quot;caption&quot;:&quot;&quot;,&quot;created_timestamp&quot;:&quot;0&quot;,&quot;copyright&quot;:&quot;&quot;,&quot;focal_length&quot;:&quot;0&quot;,&quot;iso&quot;:&quot;0&quot;,&quot;shutter_speed&quot;:&quot;0&quot;,&quot;title&quot;:&quot;&quot;,&quot;orientation&quot;:&quot;0&quot;}\" data-image-title=\"20201127e1\" data-image-description=\"\" data-image-caption=\"\" data-large-file=\"https:\/\/www.comuna13online.com.ar\/wp-content\/uploads\/2020\/11\/20201127e1.jpg\" src=\"http:\/\/www.comuna13online.com.ar\/wp-content\/uploads\/2020\/11\/20201127e1.jpg\" alt=\"\" class=\"wp-image-12119\"\/><\/figure>\n\n\n\n<p><a rel=\"noreferrer noopener\" href=\"http:\/\/comunicacionhrl.force.com\/forms\/RegistroEventoCultura?channel=mailing&amp;evento=7012K000001lykQQAQ&amp;d=1&amp;m=12&amp;h=2100\" target=\"_blank\">Reserv\u00e1 tu entrada<\/a><\/p>\n\n\n\n<p>Presentada por <strong>Fernando Juan Lima, Javier Porta Fouz y Alejandro Chomski<\/strong>.<\/p>\n\n\n\n<p>Luego de llevar al cine la novela de Adolfo Bioy Casares, Dormir al sol, Alejandro Chomski se sumerge en un desaf\u00edo que parec\u00eda imposible: adaptar El pa\u00eds de las \u00faltimas cosas, la novela de ciencia ficci\u00f3n que Paul Auster public\u00f3 en 1987, a la pantalla grande. Chomski conoci\u00f3 al escritor estadounidense hace 17 a\u00f1os, cuando el cineasta le transmiti\u00f3 el deseo de convertir su libro en una pel\u00edcula. Ambos tuvieron la misma idea: situar la historia en Argentina. Pasaron m\u00e1s de 15 a\u00f1os de esa conversaci\u00f3n, pero la imagen se mantuvo intacta. As\u00ed, Anne Blume iniciar\u00eda su b\u00fasqueda y encuentro de heridas en otro espacio, pero bajo la misma atm\u00f3sfera dist\u00f3pica. Filmada en blanco y negro, El pa\u00eds de las \u00faltimas cosas es el resultado del intercambio entre el cineasta argentino y el autor, que trabajaron juntos en el guion.<\/p>\n\n\n\n<p>Categor\u00eda: Selecci\u00f3n Oficial Fuera de Competencia.<\/p>\n\n\n\n<iframe loading=\"lazy\" width=\"678\" height=\"381\" src=\"https:\/\/www.youtube.com\/embed\/b_EgyHKbTYk\" frameborder=\"0\" allow=\"accelerometer; autoplay; clipboard-write; encrypted-media; gyroscope; picture-in-picture\" allowfullscreen=\"\"><\/iframe>\n\n\n\n<p>Esta acci\u00f3n contin\u00faa con el trabajo en conjunto que vienen desarrollando las \u00e1reas BAFICI y BA Audiovisual del Ministerio de Cultura de la Ciudad y el INCAA.<\/p>\n\n\n\n<p><em>\u201cCon una propuesta de gran calidad art\u00edstica y la participaci\u00f3n de representantes del cine nacional, podremos reencontrarnos en el Anfiteatro del Parque Centenario en lo que ser\u00e1 el evento audiovisual m\u00e1s importante del a\u00f1o. Se proyectar\u00e1n pel\u00edculas, al aire libre, del Festival Internacional de Cine de Mar del Plata. Queremos promover la industria audiovisual que es central para el ecosistema cultural de la Ciudad. Continuamos trabajando para que cada vez se respire m\u00e1s cultura en Buenos Aires<em>\u201d<\/em><\/em>, asegur\u00f3 el ministro de cultura porte\u00f1o Enrique Avogadro.<\/p>\n\n\n\n<p><em>\u201cEste a\u00f1o tan dif\u00edcil nos ha llevado a repensar online el Festival de Mar del Plata. Sin embargo, la virtualidad nos ha permitido que sea `realmente\u00b4 federal. Y en algunos lugares del pa\u00eds, donde es posible, recuperamos el cine presencial que tanto extra\u00f1amos, este ritual de juntarnos para ver una historia en una pantalla un poquito m\u00e1s grande que las que tenemos en casa. Ahora, en esa pantalla, imaginemos que esa luz temblorosa es la del fuego; que nos hemos reunido alrededor del fuego para que uno le cuente un cuento a los dem\u00e1s. Y reparemos en que `imaginar \u0301 es producir im\u00e1genes. Junto al director y a los que est\u00e1n detr\u00e1s de c\u00e1mara. Esas im\u00e1genes que exceden la pantalla, ya que \u00e9sta s\u00f3lo muestra una peque\u00f1a parte del relato. Y las que se van fuera de cuadro son nuestras, solo nuestras, porque el relato se completa en cada uno. As\u00ed que veremos tantas historias como quienes nos reunamos en Parque Centenario\u201d<\/em> afirm\u00f3 el presidente del INCAA Luis Puenzo.<\/p>\n\n\n\n<p>Por su parte, el presidente del Festival Internacional de Cine de Mar del Plata Fernando Juan Lima asegur\u00f3: <em>\u201cEsta edici\u00f3n virtual, excepci\u00f3n y oportunidad a un tiempo, no ha implicado que dej\u00e1ramos de intentar generar instancias de encuentros presenciales. Las proyecciones en varias provincias y en el Parque Centenario, en la CABA (sede habitual de nuestro querido BAFICI) son especial motivo de alegr\u00eda y denotan la decisi\u00f3n del festival de volver a las salas en cuanto las condiciones lo permitan\u201d<\/em>.<\/p>\n\n\n\n<p><br><\/p>\n<div align=\"center\">\n<blockquote class=\"twitter-tweet\"><p lang=\"es\" dir=\"ltr\">\u00a1Cine al aire libre en Parque Centenario!<br><br>En el marco del cierre del Festival de Cine de Mar del Plata, te invitamos a disfrutar de la proyecci\u00f3n de dos pel\u00edculas al aire libre.<br><br>\u26a0\ufe0fCupos limitados.<br>? Reserv\u00e1 tu entrada en <a href=\"https:\/\/t.co\/gTA8wYxNr9\">https:\/\/t.co\/gTA8wYxNr9<\/a><br>\u2614Se suspende por lluvia <a href=\"https:\/\/t.co\/r77910ys2W\">pic.twitter.com\/r77910ys2W<\/a><\/p>&mdash; BA Cultura (@datacultura) <a href=\"https:\/\/twitter.com\/datacultura\/status\/1332341249228017664?ref_src=twsrc%5Etfw\">November 27, 2020<\/a><\/blockquote> <script async src=\"https:\/\/platform.twitter.com\/widgets.js\" charset=\"utf-8\"><\/script>\n<\/div><p><br><\/p>\n\n\n\n<h4 class=\"wp-block-heading\"><strong>Sobre el 35\u00ba Festival Internacional de Cine de Mar del Plata<\/strong><\/h4>\n\n\n\n<p>Desde 1954, el Festival Internacional de Cine de Mar del Plata \u2013\u00fanico en Latinoam\u00e9rica de Categor\u00eda \u201cA\u201d \u2013 refleja el universo del cine argentino e internacional y se consolida como una plataforma de desarrollo e intercambio de la industria cinematogr\u00e1fica y audiovisual: una cita obligada para realizadores, productores, actores, distribuidores y cin\u00e9filos. organizado por el Instituto Nacional de Cine y Artes Audiovisuales (INCAA), promueve la actividad cinematogr\u00e1fica en todas sus formas, y en sus pantallas se exhiben pel\u00edculas de diversos or\u00edgenes, tem\u00e1tica y estilos. En \u00e9l conviven la tradici\u00f3n del cine cl\u00e1sico con las nuevas tendencias, las nuevas voces y las nuevas tecnolog\u00edas. Cada a\u00f1o, m\u00e1s de 130.000 espectadores acompa\u00f1an su programaci\u00f3n \u2013que cuenta con m\u00e1s de 300 t\u00edtulos\u2013 y sus actividades especiales, en la que se dan cita invitados nacionales e internacionales.<\/p>\n\n\n\n<p>El Festival est\u00e1 hist\u00f3ricamente organizado en distintas secciones: Competencias, Panorama, Focos y Retrospectivas, Restauraciones y Funciones Institucionales.<\/p>\n\n\n\n<p>Por fuera de las pantallas, el Festival se caracteriza tambi\u00e9n por el atractivo de sus Actividades Especiales; entre ellas, charlas con Maestros, mesas redondas, presentaciones de libros, proyecciones especiales y seminarios de nueva cr\u00edtica. La edici\u00f3n de 2018 cont\u00f3 adem\u00e1s con la primera y exitosa edici\u00f3n del Foro de Cine y Perspectiva de G\u00e9nero, un espacio clave para reflexionar y visualizar las desigualdades en el sector audiovisual.<\/p>\n\n\n\n<h4 class=\"wp-block-heading\"><strong>Sobre BAFICI<\/strong><\/h4>\n\n\n\n<p>El Buenos Aires Festival Internacional de Cine Independiente (BAFICI) es uno de los festivales de cine m\u00e1s importantes de Am\u00e9rica Latina. Todos los a\u00f1os re\u00fane las pel\u00edculas m\u00e1s destacadas de cineastas nacionales e internacionales, acercando al p\u00fablico aquel cine que de otro modo no llegar\u00eda a las pantallas. Es un hito en la agenda cultural para disfrutar del cine de todo el mundo en la Ciudad de Buenos Aires. Como anticipo de su pr\u00f3xima edici\u00f3n en abril de 2021, BAFICI abrir\u00e1 pr\u00f3ximamente sus convocatorias para largometrajes y cortometrajes nacionales e internacionales.<\/p>\n\n\n\n<h4 class=\"wp-block-heading\">Sobre BA Audiovisual<\/h4>\n\n\n\n<p>Asimismo, con el objetivo de fomentar la realizaci\u00f3n y circulaci\u00f3n de producciones audiovisuales, generar m\u00e1s posibilidades de exhibici\u00f3n para los realizadores locales y promover la participaci\u00f3n de los vecinos, el Ministerio de Cultura porte\u00f1o contin\u00faa apoyando al sector a trav\u00e9s de su programa BA Audiovisual perteneciente a la plataforma Impulso Cultural de la Direcci\u00f3n General de Desarrollo Cultural y Creativo.<\/p>\n\n\n\n<p>BA Audiovisual engloba diferentes iniciativas como la Buenos Aires Film Commission (BAFC) que busca posicionar a la Ciudad como faro cultural a nivel internacional y atraer proyectos audiovisuales que atiendan el potencial econ\u00f3mico del sector y genere nuevas oportunidades de trabajo, a trav\u00e9s de la promoci\u00f3n del di\u00e1logo entre productoras, profesionales y servicios locales; la gesti\u00f3n de permisos de rodaje; la sugerencia y acompa\u00f1amiento en la gesti\u00f3n de locaciones, mediante la publicaci\u00f3n de un extenso cat\u00e1logo de im\u00e1genes; y la promoci\u00f3n del sector audiovisual de la Ciudad en mercados y festivales internacionales. BA Audiovisual organiza tambi\u00e9n diferentes Ciclos de Cine como Cine Mecenazgo y Cine Ciudad, con el fin de generar nuevos espacios de exhibici\u00f3n de cine alternativos al circuito comercial masivo, y de facilitar el acceso de los vecinos al cine. Por medio de BASet, los realizadores que deseen grabar en la Ciudad pueden gestionar la solicitud de permisos de filmaci\u00f3n y fotos. Otras de las propuestas de BA Audiovisual son las Charlas de Set, un ciclo de charlas en las que los vecinos&nbsp; tienen la posibilidad de conocer de primera mano los detalles de la vida profesional de grandes estrellas y personalidades del cine local. En este mismo sentido, tambi\u00e9n se realizan las Charlas con Encuadre, diferentes entrevistas virtuales dirigidas a profesionales del sector, donde referentes de la Industria comparten sus vivencias y perspectivas sobre el mundo audiovisual. Un espacio oportuno para compartir experiencias y buenas pr\u00e1cticas entre profesionales. Adem\u00e1s, durante todo el a\u00f1o se llevan adelante las ExperienciasBA Cine: sorteos, avant premieres y encuentros exclusivos con actores y directores.<\/p>\n\n\n\n<figure class=\"wp-block-image size-large is-resized\"><img loading=\"lazy\" decoding=\"async\" data-attachment-id=\"99\" data-permalink=\"https:\/\/www.comuna13online.com.ar\/?attachment_id=99\" data-orig-file=\"https:\/\/www.comuna13online.com.ar\/wp-content\/uploads\/2017\/12\/line.jpg\" data-orig-size=\"678,1\" data-comments-opened=\"0\" data-image-meta=\"{&quot;aperture&quot;:&quot;0&quot;,&quot;credit&quot;:&quot;&quot;,&quot;camera&quot;:&quot;&quot;,&quot;caption&quot;:&quot;&quot;,&quot;created_timestamp&quot;:&quot;0&quot;,&quot;copyright&quot;:&quot;&quot;,&quot;focal_length&quot;:&quot;0&quot;,&quot;iso&quot;:&quot;0&quot;,&quot;shutter_speed&quot;:&quot;0&quot;,&quot;title&quot;:&quot;&quot;,&quot;orientation&quot;:&quot;0&quot;}\" data-image-title=\"line\" data-image-description=\"\" data-image-caption=\"\" data-large-file=\"https:\/\/www.comuna13online.com.ar\/wp-content\/uploads\/2017\/12\/line.jpg\" src=\"http:\/\/www.comuna13online.com.ar\/wp-content\/uploads\/2017\/12\/line.jpg\" alt=\"\" class=\"wp-image-99\" width=\"678\" height=\"1\" srcset=\"https:\/\/www.comuna13online.com.ar\/wp-content\/uploads\/2017\/12\/line.jpg 678w, https:\/\/www.comuna13online.com.ar\/wp-content\/uploads\/2017\/12\/line-150x1.jpg 150w, https:\/\/www.comuna13online.com.ar\/wp-content\/uploads\/2017\/12\/line-326x1.jpg 326w, https:\/\/www.comuna13online.com.ar\/wp-content\/uploads\/2017\/12\/line-80x1.jpg 80w, https:\/\/www.comuna13online.com.ar\/wp-content\/uploads\/2017\/12\/line-272x1.jpg 272w\" sizes=\"auto, (max-width: 678px) 100vw, 678px\" \/><\/figure>\n\n\n\n<figure class=\"wp-block-image size-full\"><img loading=\"lazy\" decoding=\"async\" width=\"678\" height=\"180\" data-attachment-id=\"8918\" data-permalink=\"https:\/\/www.comuna13online.com.ar\/?attachment_id=8918\" data-orig-file=\"https:\/\/www.comuna13online.com.ar\/wp-content\/uploads\/2020\/04\/corona2.jpg\" data-orig-size=\"678,180\" data-comments-opened=\"0\" data-image-meta=\"{&quot;aperture&quot;:&quot;0&quot;,&quot;credit&quot;:&quot;&quot;,&quot;camera&quot;:&quot;&quot;,&quot;caption&quot;:&quot;&quot;,&quot;created_timestamp&quot;:&quot;0&quot;,&quot;copyright&quot;:&quot;&quot;,&quot;focal_length&quot;:&quot;0&quot;,&quot;iso&quot;:&quot;0&quot;,&quot;shutter_speed&quot;:&quot;0&quot;,&quot;title&quot;:&quot;&quot;,&quot;orientation&quot;:&quot;0&quot;}\" data-image-title=\"corona2\" data-image-description=\"\" data-image-caption=\"\" data-large-file=\"https:\/\/www.comuna13online.com.ar\/wp-content\/uploads\/2020\/04\/corona2.jpg\" src=\"http:\/\/www.comuna13online.com.ar\/wp-content\/uploads\/2020\/04\/corona2.jpg\" alt=\"\" class=\"wp-image-8918\"\/><\/figure>\n","protected":false},"excerpt":{"rendered":"<div class=\"mh-excerpt\">En el marco del cierre del Festival Internacional de Cine de Mar del Plata, se proyectar\u00e1n \u201cInmortal\u201d de Fernando Spiner y \u201cEl Pa\u00eds de las \u00daltimas Cosas\u201d de Alejandro Chomski, <a class=\"mh-excerpt-more\" href=\"https:\/\/www.comuna13online.com.ar\/?p=12117\" title=\"Cine al aire libre en Parque Centenario\">[&#8230;]<\/a><\/div>\n","protected":false},"author":1,"featured_media":12121,"comment_status":"closed","ping_status":"closed","sticky":false,"template":"","format":"standard","meta":{"_uag_custom_page_level_css":"","_jetpack_memberships_contains_paid_content":false,"footnotes":"","jetpack_publicize_message":"","jetpack_publicize_feature_enabled":true,"jetpack_social_post_already_shared":true,"jetpack_social_options":{"image_generator_settings":{"template":"highway","default_image_id":0,"font":"","enabled":false},"version":2}},"categories":[88],"tags":[143,250,71],"class_list":{"0":"post-12117","1":"post","2":"type-post","3":"status-publish","4":"format-standard","5":"has-post-thumbnail","7":"category-espectaculos","8":"tag-cine","9":"tag-h2","10":"tag-tiempo-libre"},"jetpack_publicize_connections":[],"jetpack_featured_media_url":"https:\/\/www.comuna13online.com.ar\/wp-content\/uploads\/2020\/11\/20201127e.jpg","uagb_featured_image_src":{"full":["https:\/\/www.comuna13online.com.ar\/wp-content\/uploads\/2020\/11\/20201127e.jpg",678,452,false],"thumbnail":["https:\/\/www.comuna13online.com.ar\/wp-content\/uploads\/2020\/11\/20201127e-150x150.jpg",96,96,true],"medium":["https:\/\/www.comuna13online.com.ar\/wp-content\/uploads\/2020\/11\/20201127e-678x452.jpg",678,452,true],"medium_large":["https:\/\/www.comuna13online.com.ar\/wp-content\/uploads\/2020\/11\/20201127e.jpg",678,452,false],"large":["https:\/\/www.comuna13online.com.ar\/wp-content\/uploads\/2020\/11\/20201127e.jpg",678,452,false],"1536x1536":["https:\/\/www.comuna13online.com.ar\/wp-content\/uploads\/2020\/11\/20201127e.jpg",678,452,false],"2048x2048":["https:\/\/www.comuna13online.com.ar\/wp-content\/uploads\/2020\/11\/20201127e.jpg",678,452,false],"mh-magazine-slider":["https:\/\/www.comuna13online.com.ar\/wp-content\/uploads\/2020\/11\/20201127e-678x438.jpg",678,438,true],"mh-magazine-content":["https:\/\/www.comuna13online.com.ar\/wp-content\/uploads\/2020\/11\/20201127e-678x381.jpg",678,381,true],"mh-magazine-large":["https:\/\/www.comuna13online.com.ar\/wp-content\/uploads\/2020\/11\/20201127e.jpg",678,452,false],"mh-magazine-medium":["https:\/\/www.comuna13online.com.ar\/wp-content\/uploads\/2020\/11\/20201127e-326x245.jpg",326,245,true],"mh-magazine-small":["https:\/\/www.comuna13online.com.ar\/wp-content\/uploads\/2020\/11\/20201127e-80x60.jpg",80,60,true],"sow-carousel-default":["https:\/\/www.comuna13online.com.ar\/wp-content\/uploads\/2020\/11\/20201127e-272x182.jpg",272,182,true]},"uagb_author_info":{"display_name":"Comuna13","author_link":"https:\/\/www.comuna13online.com.ar\/?author=1"},"uagb_comment_info":0,"uagb_excerpt":"En el marco del cierre del Festival Internacional de Cine de Mar del Plata, se proyectar\u00e1n \u201cInmortal\u201d de Fernando Spiner y \u201cEl Pa\u00eds de las \u00daltimas Cosas\u201d de Alejandro Chomski, [...]","jetpack_sharing_enabled":true,"_links":{"self":[{"href":"https:\/\/www.comuna13online.com.ar\/index.php?rest_route=\/wp\/v2\/posts\/12117","targetHints":{"allow":["GET"]}}],"collection":[{"href":"https:\/\/www.comuna13online.com.ar\/index.php?rest_route=\/wp\/v2\/posts"}],"about":[{"href":"https:\/\/www.comuna13online.com.ar\/index.php?rest_route=\/wp\/v2\/types\/post"}],"author":[{"embeddable":true,"href":"https:\/\/www.comuna13online.com.ar\/index.php?rest_route=\/wp\/v2\/users\/1"}],"replies":[{"embeddable":true,"href":"https:\/\/www.comuna13online.com.ar\/index.php?rest_route=%2Fwp%2Fv2%2Fcomments&post=12117"}],"version-history":[{"count":0,"href":"https:\/\/www.comuna13online.com.ar\/index.php?rest_route=\/wp\/v2\/posts\/12117\/revisions"}],"wp:featuredmedia":[{"embeddable":true,"href":"https:\/\/www.comuna13online.com.ar\/index.php?rest_route=\/wp\/v2\/media\/12121"}],"wp:attachment":[{"href":"https:\/\/www.comuna13online.com.ar\/index.php?rest_route=%2Fwp%2Fv2%2Fmedia&parent=12117"}],"wp:term":[{"taxonomy":"category","embeddable":true,"href":"https:\/\/www.comuna13online.com.ar\/index.php?rest_route=%2Fwp%2Fv2%2Fcategories&post=12117"},{"taxonomy":"post_tag","embeddable":true,"href":"https:\/\/www.comuna13online.com.ar\/index.php?rest_route=%2Fwp%2Fv2%2Ftags&post=12117"}],"curies":[{"name":"wp","href":"https:\/\/api.w.org\/{rel}","templated":true}]}}