{"id":12095,"date":"2020-12-03T09:00:00","date_gmt":"2020-12-03T12:00:00","guid":{"rendered":"http:\/\/www.comuna13online.com.ar\/?p=12095"},"modified":"2020-12-03T10:24:22","modified_gmt":"2020-12-03T13:24:22","slug":"presentacion-del-libro-alejandro-por-siempre-amor","status":"publish","type":"post","link":"https:\/\/www.comuna13online.com.ar\/?p=12095","title":{"rendered":"Presentaci\u00f3n del libro \u201cAlejandro por siempre\u2026 amor\u201d"},"content":{"rendered":"\n<p><strong>Presentaci\u00f3n del Libro \u201cAlejandro por siempre&#8230; Amor\u201d de Alejandro Almeida,\u00a0militante popular detenido desaparecido por el terrorismo de Estado en junio de 1975. Sus poes\u00edas ser\u00e1n le\u00eddas por destacados personajes de la cultura.\u00a0<\/strong><\/p>\n\n\n\n<figure class=\"wp-block-image size-large\"><img loading=\"lazy\" decoding=\"async\" width=\"678\" height=\"452\" data-attachment-id=\"12096\" data-permalink=\"https:\/\/www.comuna13online.com.ar\/?attachment_id=12096\" data-orig-file=\"https:\/\/www.comuna13online.com.ar\/wp-content\/uploads\/2020\/11\/20201202z2.jpg\" data-orig-size=\"678,452\" data-comments-opened=\"0\" data-image-meta=\"{&quot;aperture&quot;:&quot;0&quot;,&quot;credit&quot;:&quot;&quot;,&quot;camera&quot;:&quot;&quot;,&quot;caption&quot;:&quot;&quot;,&quot;created_timestamp&quot;:&quot;0&quot;,&quot;copyright&quot;:&quot;&quot;,&quot;focal_length&quot;:&quot;0&quot;,&quot;iso&quot;:&quot;0&quot;,&quot;shutter_speed&quot;:&quot;0&quot;,&quot;title&quot;:&quot;&quot;,&quot;orientation&quot;:&quot;0&quot;}\" data-image-title=\"20201202z2\" data-image-description=\"\" data-image-caption=\"\" data-large-file=\"https:\/\/www.comuna13online.com.ar\/wp-content\/uploads\/2020\/11\/20201202z2.jpg\" src=\"http:\/\/www.comuna13online.com.ar\/wp-content\/uploads\/2020\/11\/20201202z2.jpg\" alt=\"\" class=\"wp-image-12096\" srcset=\"https:\/\/www.comuna13online.com.ar\/wp-content\/uploads\/2020\/11\/20201202z2.jpg 678w, https:\/\/www.comuna13online.com.ar\/wp-content\/uploads\/2020\/11\/20201202z2-272x182.jpg 272w\" sizes=\"auto, (max-width: 678px) 100vw, 678px\" \/><figcaption><b><sup>Taty Almeida<\/sup><\/b><strong><sup>, Madre de Plaza de Mayo, l\u00ednea fundadora, en el Espacio de Reconstrucci\u00f3n Popular Alejandro Almeida<\/sup><\/strong><\/figcaption><\/figure>\n\n\n\n<p>En el marco del mes de los Derechos Humanos y la Democracia, Taty Almeida, Madre de Plaza de Mayo, l\u00ednea fundadora, realizar\u00e1 un encuentro en el que se dar\u00e1n a conocer los poemas de su hijo, Alejandro Mart\u00edn Almeida, militante popular detenido desaparecido por el terrorismo de Estado en junio de 1975.\u00a0 Se contar\u00e1 con la participaci\u00f3n de personalidades de la cultura, de Fabiana Almeida, Directora de Derechos Humanos en la Cultura,\u00a0Pascual Spinelli, editor del libro; quienes reflexionar\u00e1n acerca de los poemas le\u00eddos.<\/p>\n\n\n\n<p><strong>Jueves 3 de diciembre, a las 19 horas<\/strong><\/p>\n\n\n\n<p><a href=\"https:\/\/www.youtube.com\/c\/culturaargentina\" target=\"_blank\" rel=\"noreferrer noopener\">Se trasmitir\u00e1 a trav\u00e9s del Youtube del Ministerio de Cultura de la Naci\u00f3n<\/a><\/p>\n\n\n\n<p>Taty Almeida, Madre de Plaza de Mayo L\u00ednea Fundadora afirma que no sab\u00eda de la veta po\u00e9tica de Alejandro, su hijo detenido desaparecido, y narra c\u00f3mo encontr\u00f3 los 24 poemas que \u00e9l hab\u00eda escrito en las \u00faltimas p\u00e1ginas de su agenda, al d\u00eda siguiente de su desaparici\u00f3n, aquel 17 de junio de 1975.<\/p>\n\n\n\n<div class=\"wp-block-image\"><figure class=\"alignleft size-large\"><img loading=\"lazy\" decoding=\"async\" width=\"207\" height=\"300\" data-attachment-id=\"12097\" data-permalink=\"https:\/\/www.comuna13online.com.ar\/?attachment_id=12097\" data-orig-file=\"https:\/\/www.comuna13online.com.ar\/wp-content\/uploads\/2020\/11\/20201202z3.jpg\" data-orig-size=\"207,300\" data-comments-opened=\"0\" data-image-meta=\"{&quot;aperture&quot;:&quot;0&quot;,&quot;credit&quot;:&quot;&quot;,&quot;camera&quot;:&quot;&quot;,&quot;caption&quot;:&quot;&quot;,&quot;created_timestamp&quot;:&quot;0&quot;,&quot;copyright&quot;:&quot;&quot;,&quot;focal_length&quot;:&quot;0&quot;,&quot;iso&quot;:&quot;0&quot;,&quot;shutter_speed&quot;:&quot;0&quot;,&quot;title&quot;:&quot;&quot;,&quot;orientation&quot;:&quot;0&quot;}\" data-image-title=\"20201202z3\" data-image-description=\"\" data-image-caption=\"\" data-large-file=\"https:\/\/www.comuna13online.com.ar\/wp-content\/uploads\/2020\/11\/20201202z3.jpg\" src=\"http:\/\/www.comuna13online.com.ar\/wp-content\/uploads\/2020\/11\/20201202z3.jpg\" alt=\"\" class=\"wp-image-12097\"\/><\/figure><\/div>\n\n\n\n<p><em>\u201cHace tiempo que entend\u00ed que nuestros hijos ya no nos pertenecen en el sentido de la propiedad. Ellos ya son parte de la historia de todos, por eso con Pascual Spinelli (Militante cultural, editor y director del DVD documental) hicimos este libro en 2008 y luego en 2010 le agregamos el DVD en el que participa tanta gente querida, tan importante como generosa; artistas compa\u00f1eros que pusieron su voz para que se conozcan estos textos que dej\u00f3 mi hijo como testimonio de la sensibilidad y el compromiso pol\u00edtico y social de la generaci\u00f3n del 70\u201d<\/em>; reflexiona Taty al explicar que este trabajo art\u00edstico, al rescatar la obra de un detenido desaparecido, es un homenaje a los 30 mil y parte del patrimonio cultural de Madres de Plaza de Mayo L\u00ednea Fundadora.<\/p>\n\n\n\n<p><\/p>\n\n\n\n<p><strong>Acerca de la Direcci\u00f3n de Derechos Humanos en la Cultura<\/strong><\/p>\n\n\n\n<p>Dependiente de la Direcci\u00f3n Nacional de Diversidad y Cultura Comunitaria de la Secretar\u00eda de Gesti\u00f3n Culutral del Ministerio de Cultura de la Naci\u00f3n, se cre\u00f3 teniendo en cuenta&nbsp;que los&nbsp;<strong>derechos humanos<\/strong>&nbsp;son&nbsp;<strong>derechos<\/strong>&nbsp;inherentes a todos los seres&nbsp;<strong>humanos<\/strong>, sin distinci\u00f3n alguna de raza, sexo, nacionalidad, origen \u00e9tnico, lengua, religi\u00f3n o cualquier otra condici\u00f3n.&nbsp;Tiene como objetivo el desarrollo, fomento y difusi\u00f3n de los derechos humanos en el campo de las pol\u00edticas culturales, propiciando el protagonismo de los colectivos de la diversidad cultural a trav\u00e9s del di\u00e1logo intercultural con criterio federal y perspectiva de g\u00e9nero.<\/p>\n\n\n\n<p>La DDDHHC tiene como responsabilidades contribuir con el intercambio de pensamientos y buenas pr\u00e1cticas en materia de memoria, verdad y justicia desde la perspectiva de g\u00e9nero en la regi\u00f3n; fomentar acciones de reconocimiento, visibilidad y desarrollo de los colectivos contemplados en la Convenci\u00f3n de la Diversidad Cultural; organizar acciones que impulsen el protagonismo de les portadores de identidades culturales en sus territorios y contribuir con la deconstrucci\u00f3n de los estereotipos de g\u00e9nero.<\/p>\n\n\n\n<figure class=\"wp-block-image size-large\"><img loading=\"lazy\" decoding=\"async\" width=\"1000\" height=\"1000\" data-attachment-id=\"12098\" data-permalink=\"https:\/\/www.comuna13online.com.ar\/?attachment_id=12098\" data-orig-file=\"https:\/\/www.comuna13online.com.ar\/wp-content\/uploads\/2020\/11\/20201202z1.jpg\" data-orig-size=\"1000,1000\" data-comments-opened=\"0\" data-image-meta=\"{&quot;aperture&quot;:&quot;0&quot;,&quot;credit&quot;:&quot;&quot;,&quot;camera&quot;:&quot;&quot;,&quot;caption&quot;:&quot;&quot;,&quot;created_timestamp&quot;:&quot;0&quot;,&quot;copyright&quot;:&quot;&quot;,&quot;focal_length&quot;:&quot;0&quot;,&quot;iso&quot;:&quot;0&quot;,&quot;shutter_speed&quot;:&quot;0&quot;,&quot;title&quot;:&quot;&quot;,&quot;orientation&quot;:&quot;0&quot;}\" data-image-title=\"20201202z1\" data-image-description=\"\" data-image-caption=\"\" data-large-file=\"https:\/\/www.comuna13online.com.ar\/wp-content\/uploads\/2020\/11\/20201202z1.jpg\" src=\"http:\/\/www.comuna13online.com.ar\/wp-content\/uploads\/2020\/11\/20201202z1.jpg\" alt=\"\" class=\"wp-image-12098\" srcset=\"https:\/\/www.comuna13online.com.ar\/wp-content\/uploads\/2020\/11\/20201202z1.jpg 1000w, https:\/\/www.comuna13online.com.ar\/wp-content\/uploads\/2020\/11\/20201202z1-452x452.jpg 452w, https:\/\/www.comuna13online.com.ar\/wp-content\/uploads\/2020\/11\/20201202z1-150x150.jpg 150w, https:\/\/www.comuna13online.com.ar\/wp-content\/uploads\/2020\/11\/20201202z1-768x768.jpg 768w\" sizes=\"auto, (max-width: 1000px) 100vw, 1000px\" \/><\/figure>\n\n\n\n<figure class=\"wp-block-image size-large is-resized\"><img loading=\"lazy\" decoding=\"async\" data-attachment-id=\"99\" data-permalink=\"https:\/\/www.comuna13online.com.ar\/?attachment_id=99\" data-orig-file=\"https:\/\/www.comuna13online.com.ar\/wp-content\/uploads\/2017\/12\/line.jpg\" data-orig-size=\"678,1\" data-comments-opened=\"0\" data-image-meta=\"{&quot;aperture&quot;:&quot;0&quot;,&quot;credit&quot;:&quot;&quot;,&quot;camera&quot;:&quot;&quot;,&quot;caption&quot;:&quot;&quot;,&quot;created_timestamp&quot;:&quot;0&quot;,&quot;copyright&quot;:&quot;&quot;,&quot;focal_length&quot;:&quot;0&quot;,&quot;iso&quot;:&quot;0&quot;,&quot;shutter_speed&quot;:&quot;0&quot;,&quot;title&quot;:&quot;&quot;,&quot;orientation&quot;:&quot;0&quot;}\" data-image-title=\"line\" data-image-description=\"\" data-image-caption=\"\" data-large-file=\"https:\/\/www.comuna13online.com.ar\/wp-content\/uploads\/2017\/12\/line.jpg\" src=\"http:\/\/www.comuna13online.com.ar\/wp-content\/uploads\/2017\/12\/line.jpg\" alt=\"\" class=\"wp-image-99\" width=\"678\" height=\"1\" srcset=\"https:\/\/www.comuna13online.com.ar\/wp-content\/uploads\/2017\/12\/line.jpg 678w, https:\/\/www.comuna13online.com.ar\/wp-content\/uploads\/2017\/12\/line-150x1.jpg 150w, https:\/\/www.comuna13online.com.ar\/wp-content\/uploads\/2017\/12\/line-326x1.jpg 326w, https:\/\/www.comuna13online.com.ar\/wp-content\/uploads\/2017\/12\/line-80x1.jpg 80w, https:\/\/www.comuna13online.com.ar\/wp-content\/uploads\/2017\/12\/line-272x1.jpg 272w\" sizes=\"auto, (max-width: 678px) 100vw, 678px\" \/><\/figure>\n\n\n\n<figure class=\"wp-block-image size-full\"><img loading=\"lazy\" decoding=\"async\" width=\"678\" height=\"180\" data-attachment-id=\"8918\" data-permalink=\"https:\/\/www.comuna13online.com.ar\/?attachment_id=8918\" data-orig-file=\"https:\/\/www.comuna13online.com.ar\/wp-content\/uploads\/2020\/04\/corona2.jpg\" data-orig-size=\"678,180\" data-comments-opened=\"0\" data-image-meta=\"{&quot;aperture&quot;:&quot;0&quot;,&quot;credit&quot;:&quot;&quot;,&quot;camera&quot;:&quot;&quot;,&quot;caption&quot;:&quot;&quot;,&quot;created_timestamp&quot;:&quot;0&quot;,&quot;copyright&quot;:&quot;&quot;,&quot;focal_length&quot;:&quot;0&quot;,&quot;iso&quot;:&quot;0&quot;,&quot;shutter_speed&quot;:&quot;0&quot;,&quot;title&quot;:&quot;&quot;,&quot;orientation&quot;:&quot;0&quot;}\" data-image-title=\"corona2\" data-image-description=\"\" data-image-caption=\"\" data-large-file=\"https:\/\/www.comuna13online.com.ar\/wp-content\/uploads\/2020\/04\/corona2.jpg\" src=\"http:\/\/www.comuna13online.com.ar\/wp-content\/uploads\/2020\/04\/corona2.jpg\" alt=\"\" class=\"wp-image-8918\"\/><\/figure>\n","protected":false},"excerpt":{"rendered":"<div class=\"mh-excerpt\">Presentaci\u00f3n del Libro \u201cAlejandro por siempre&#8230; Amor\u201d de Alejandro Almeida,\u00a0militante popular detenido desaparecido por el terrorismo de Estado en junio de 1975. Sus poes\u00edas ser\u00e1n le\u00eddas por destacados personajes de <a class=\"mh-excerpt-more\" href=\"https:\/\/www.comuna13online.com.ar\/?p=12095\" title=\"Presentaci\u00f3n del libro \u201cAlejandro por siempre\u2026 amor\u201d\">[&#8230;]<\/a><\/div>\n","protected":false},"author":1,"featured_media":12099,"comment_status":"closed","ping_status":"closed","sticky":false,"template":"","format":"standard","meta":{"_uag_custom_page_level_css":"","_jetpack_memberships_contains_paid_content":false,"footnotes":"","jetpack_publicize_message":"","jetpack_publicize_feature_enabled":true,"jetpack_social_post_already_shared":true,"jetpack_social_options":{"image_generator_settings":{"template":"highway","default_image_id":0,"font":"","enabled":false},"version":2}},"categories":[207],"tags":[131,250,162],"class_list":{"0":"post-12095","1":"post","2":"type-post","3":"status-publish","4":"format-standard","5":"has-post-thumbnail","7":"category-derechos-humanos","8":"tag-derechos","9":"tag-h2","10":"tag-libros"},"jetpack_publicize_connections":[],"jetpack_featured_media_url":"https:\/\/www.comuna13online.com.ar\/wp-content\/uploads\/2020\/11\/20201202z.jpg","uagb_featured_image_src":{"full":["https:\/\/www.comuna13online.com.ar\/wp-content\/uploads\/2020\/11\/20201202z.jpg",678,452,false],"thumbnail":["https:\/\/www.comuna13online.com.ar\/wp-content\/uploads\/2020\/11\/20201202z-150x150.jpg",96,96,true],"medium":["https:\/\/www.comuna13online.com.ar\/wp-content\/uploads\/2020\/11\/20201202z-678x452.jpg",678,452,true],"medium_large":["https:\/\/www.comuna13online.com.ar\/wp-content\/uploads\/2020\/11\/20201202z.jpg",678,452,false],"large":["https:\/\/www.comuna13online.com.ar\/wp-content\/uploads\/2020\/11\/20201202z.jpg",678,452,false],"1536x1536":["https:\/\/www.comuna13online.com.ar\/wp-content\/uploads\/2020\/11\/20201202z.jpg",678,452,false],"2048x2048":["https:\/\/www.comuna13online.com.ar\/wp-content\/uploads\/2020\/11\/20201202z.jpg",678,452,false],"mh-magazine-slider":["https:\/\/www.comuna13online.com.ar\/wp-content\/uploads\/2020\/11\/20201202z-678x438.jpg",678,438,true],"mh-magazine-content":["https:\/\/www.comuna13online.com.ar\/wp-content\/uploads\/2020\/11\/20201202z-678x381.jpg",678,381,true],"mh-magazine-large":["https:\/\/www.comuna13online.com.ar\/wp-content\/uploads\/2020\/11\/20201202z.jpg",678,452,false],"mh-magazine-medium":["https:\/\/www.comuna13online.com.ar\/wp-content\/uploads\/2020\/11\/20201202z-326x245.jpg",326,245,true],"mh-magazine-small":["https:\/\/www.comuna13online.com.ar\/wp-content\/uploads\/2020\/11\/20201202z-80x60.jpg",80,60,true],"sow-carousel-default":["https:\/\/www.comuna13online.com.ar\/wp-content\/uploads\/2020\/11\/20201202z-272x182.jpg",272,182,true]},"uagb_author_info":{"display_name":"Comuna13","author_link":"https:\/\/www.comuna13online.com.ar\/?author=1"},"uagb_comment_info":0,"uagb_excerpt":"Presentaci\u00f3n del Libro \u201cAlejandro por siempre&#8230; Amor\u201d de Alejandro Almeida,\u00a0militante popular detenido desaparecido por el terrorismo de Estado en junio de 1975. Sus poes\u00edas ser\u00e1n le\u00eddas por destacados personajes de [...]","jetpack_sharing_enabled":true,"_links":{"self":[{"href":"https:\/\/www.comuna13online.com.ar\/index.php?rest_route=\/wp\/v2\/posts\/12095","targetHints":{"allow":["GET"]}}],"collection":[{"href":"https:\/\/www.comuna13online.com.ar\/index.php?rest_route=\/wp\/v2\/posts"}],"about":[{"href":"https:\/\/www.comuna13online.com.ar\/index.php?rest_route=\/wp\/v2\/types\/post"}],"author":[{"embeddable":true,"href":"https:\/\/www.comuna13online.com.ar\/index.php?rest_route=\/wp\/v2\/users\/1"}],"replies":[{"embeddable":true,"href":"https:\/\/www.comuna13online.com.ar\/index.php?rest_route=%2Fwp%2Fv2%2Fcomments&post=12095"}],"version-history":[{"count":0,"href":"https:\/\/www.comuna13online.com.ar\/index.php?rest_route=\/wp\/v2\/posts\/12095\/revisions"}],"wp:featuredmedia":[{"embeddable":true,"href":"https:\/\/www.comuna13online.com.ar\/index.php?rest_route=\/wp\/v2\/media\/12099"}],"wp:attachment":[{"href":"https:\/\/www.comuna13online.com.ar\/index.php?rest_route=%2Fwp%2Fv2%2Fmedia&parent=12095"}],"wp:term":[{"taxonomy":"category","embeddable":true,"href":"https:\/\/www.comuna13online.com.ar\/index.php?rest_route=%2Fwp%2Fv2%2Fcategories&post=12095"},{"taxonomy":"post_tag","embeddable":true,"href":"https:\/\/www.comuna13online.com.ar\/index.php?rest_route=%2Fwp%2Fv2%2Ftags&post=12095"}],"curies":[{"name":"wp","href":"https:\/\/api.w.org\/{rel}","templated":true}]}}