{"id":11780,"date":"2020-10-29T10:00:31","date_gmt":"2020-10-29T13:00:31","guid":{"rendered":"http:\/\/www.comuna13online.com.ar\/?p=11780"},"modified":"2020-10-29T12:54:35","modified_gmt":"2020-10-29T15:54:35","slug":"los-museos-de-la-ciudad-reabren-sus-puertas-al-publico","status":"publish","type":"post","link":"https:\/\/www.comuna13online.com.ar\/?p=11780","title":{"rendered":"Los Museos de la Ciudad reabren sus puertas al p\u00fablico"},"content":{"rendered":"\n<p><strong>Bajo un estricto protocolo de higiene por la pandemia, los museos porte\u00f1os abrir\u00e1n de manera escalonada, con capacidad limitada de p\u00fablico y con turnos previos.  <\/strong><\/p>\n\n\n\n<figure class=\"wp-block-image size-large\"><img loading=\"lazy\" decoding=\"async\" width=\"678\" height=\"480\" data-attachment-id=\"11781\" data-permalink=\"https:\/\/www.comuna13online.com.ar\/?attachment_id=11781\" data-orig-file=\"https:\/\/www.comuna13online.com.ar\/wp-content\/uploads\/2020\/10\/20201029a1.jpg\" data-orig-size=\"678,480\" data-comments-opened=\"0\" data-image-meta=\"{&quot;aperture&quot;:&quot;0&quot;,&quot;credit&quot;:&quot;&quot;,&quot;camera&quot;:&quot;&quot;,&quot;caption&quot;:&quot;&quot;,&quot;created_timestamp&quot;:&quot;0&quot;,&quot;copyright&quot;:&quot;&quot;,&quot;focal_length&quot;:&quot;0&quot;,&quot;iso&quot;:&quot;0&quot;,&quot;shutter_speed&quot;:&quot;0&quot;,&quot;title&quot;:&quot;&quot;,&quot;orientation&quot;:&quot;0&quot;}\" data-image-title=\"20201029a1\" data-image-description=\"\" data-image-caption=\"\" data-large-file=\"https:\/\/www.comuna13online.com.ar\/wp-content\/uploads\/2020\/10\/20201029a1.jpg\" src=\"http:\/\/www.comuna13online.com.ar\/wp-content\/uploads\/2020\/10\/20201029a1.jpg\" alt=\"\" class=\"wp-image-11781\" srcset=\"https:\/\/www.comuna13online.com.ar\/wp-content\/uploads\/2020\/10\/20201029a1.jpg 678w, https:\/\/www.comuna13online.com.ar\/wp-content\/uploads\/2020\/10\/20201029a1-638x452.jpg 638w\" sizes=\"auto, (max-width: 678px) 100vw, 678px\" \/><\/figure>\n\n\n\n<p><strong><em>\u201cYa est\u00e1 listo el protocolo para que, en estos d\u00edas, los vecinos puedan volver a disfrutar de los museos de la Ciudad. Es una oportunidad para volver a conectar con la enorme oferta cultural de Buenos Aires y hacer un plan entretenido. Adem\u00e1s, es una buena noticia para los artistas que dependen de los espacios culturales para trabajar y mostrar su arte. En la Ciudad ya estamos pensando el futuro de la cultura que va a seguir siendo parte de la identidad de todos los porte\u00f1os\u201d<\/em><\/strong>, expres\u00f3 el Jefe de Gabinete de la Ciudad Felipe Miguel durante una recorrida en el Museo de Arte Moderno.<\/p>\n\n\n\n<p>El protocolo establece pautas generales. Entre ellas, que las visitas ser\u00e1n de lunes a domingos con horario m\u00e1ximo entre las 10 y las 20 horas. Y con reserva previa por v\u00eda digital y anticipada, no en el lugar. En la medida de lo posible, se recomienda el uso de mamparas o pantallas en las cajas de cobro que aseguren la protecci\u00f3n de vendedor\/cliente.<\/p>\n\n\n\n<p>Se establecer\u00e1n circuitos de recorrido en sentido \u00fanico para impedir acercamientos imprevistos; las puertas interiores deben mantenerse abiertas (para no ser tocadas) o ser higienizadas constantemente.<\/p>\n\n\n\n<p><br><\/p>\n<div align=\"center\">\n<blockquote class=\"twitter-tweet\"><p lang=\"es\" dir=\"ltr\">\u00a1Reabrimos! \u00bfYa reservaste tu entrada?<a href=\"https:\/\/t.co\/JRAkpcLT9I\">https:\/\/t.co\/JRAkpcLT9I<\/a> <a href=\"https:\/\/t.co\/bP4v3BicLG\">pic.twitter.com\/bP4v3BicLG<\/a><\/p>&mdash; MODERNO (@modernoba) <a href=\"https:\/\/twitter.com\/modernoba\/status\/1321194964760612867?ref_src=twsrc%5Etfw\">October 27, 2020<\/a><\/blockquote> <script async src=\"https:\/\/platform.twitter.com\/widgets.js\" charset=\"utf-8\"><\/script>\n<\/div><p><br><\/p>\n\n\n\n<p>El factor de ocupaci\u00f3n ser\u00e1 de 1 persona cada 15 m2, a tal fin deber\u00e1 tenerse en cuenta \u00fanicamente la superficie libre destinada a la exhibici\u00f3n de obras. El establecimiento se obliga al control estricto de dicha capacidad. Se recomienda que en cada sala de exposici\u00f3n se coloque un cartel en lugar visible indicando su capacidad m\u00e1xima o aforo. El museo deber\u00e1 controlar estrictamente la capacidad.<\/p>\n\n\n\n<p>Visita individual (eso es una persona o un grupo de convivientes que no superen las 4 personas y que se deben mantener juntos y si se separan respetar el distanciamiento social).<\/p>\n\n\n\n<p>No se permitir\u00e1n instalaciones art\u00edsticas participativas ni tocar las obras. Se reemplazar\u00e1 la entrega de tarjetas, textos de sala y cat\u00e1logos por sus versiones digitales. S\u00f3lo estar\u00e1 permitida la visita contemplativa al museo, no la celebraci\u00f3n de actividades culturales y educativas.<\/p>\n\n\n\n<p>Se podr\u00e1n utilizar dispositivos como audiogu\u00edas, auriculares, tablets o pantallas (que requieran manipulaci\u00f3n), siempre que se realice una desinfecci\u00f3n sistem\u00e1tica despu\u00e9s de cada uso.<\/p>\n\n\n\n<p>Se permite el servicio gastron\u00f3mico de locales que se encuentren en terrazas o patios internos al libre, los cuales deber\u00e1n adecuar su funcionamiento a lo establecido en los protocolos aprobados para el desarrollo de su actividad. En particular el protocolo para el funcionamiento de locales gastron\u00f3micos al aire libre para prevenci\u00f3n y manejo de casos de covid19.<\/p>\n\n\n\n<p>Se realizar\u00e1 en forma regular la ventilaci\u00f3n de todos los ambientes para permitir el recambio de aire. Las salas y los lugares de circulaci\u00f3n del p\u00fablico as\u00ed como los espacios de trabajo del personal se mantendr\u00e1n en condiciones adecuadas de limpieza y desinfecci\u00f3n.<\/p>\n\n\n\n<p>En cuanto a los museos dependientes del Ministerio de Cultura de la Ciudad, su reapertura ser\u00e1 de forma escalonada comenzando este mi\u00e9rcoles 28 de octubre con el Museo de Arte Moderno, av. San Juan 350, C.A.B.A; el Museo Hispanoamericano Isaac Fern\u00e1ndez Blanco (sede Palacio Noel), Suipacha 1422, C.A.B.A;&nbsp; y el Museo de Arte Espa\u00f1ol Enrique Larreta, av. Juramento 2291, C.A.B.A.<\/p>\n\n\n\n<p>En el Museo de Arte Moderno podr\u00e1n verse las muestras de Sergio De Loof: \u00bfSentiste hablar de m\u00ed?, Mildred Burton: Fauna del pa\u00eds y Santiago Iurralde: La pintura desnuda, y la exposici\u00f3n permanente Una llamarada pertinaz: La intr\u00e9pida marcha de la colecci\u00f3n del Moderno. Y a partir del pr\u00f3ximo viernes 30 de octubre a las 15 hs se inaugurar\u00e1 la muestra de Nicanor Ar\u00e1oz: Sue\u00f1o s\u00f3lido.<\/p>\n\n\n\n<p>En el Museo Hispanoamericano Isaac Fern\u00e1ndez Blanco (sede Palacio Noel) podr\u00e1 visitarse la exhibici\u00f3n de esculturas en el jard\u00edn, de Vivianne Duchini y la colecci\u00f3n permanente. Tambi\u00e9n reabrir\u00e1 sus puertas al p\u00fablico, en esta primera instancia, el Museo Museo de Arte Espa\u00f1ol Enrique Larreta, con su tradicional jard\u00edn estilo andaluz y la colecci\u00f3n permanente.<\/p>\n\n\n\n<figure class=\"wp-block-image size-large\"><img loading=\"lazy\" decoding=\"async\" width=\"678\" height=\"965\" data-attachment-id=\"11782\" data-permalink=\"https:\/\/www.comuna13online.com.ar\/?attachment_id=11782\" data-orig-file=\"https:\/\/www.comuna13online.com.ar\/wp-content\/uploads\/2020\/10\/20201029a2.jpg\" data-orig-size=\"678,965\" data-comments-opened=\"0\" data-image-meta=\"{&quot;aperture&quot;:&quot;0&quot;,&quot;credit&quot;:&quot;&quot;,&quot;camera&quot;:&quot;&quot;,&quot;caption&quot;:&quot;&quot;,&quot;created_timestamp&quot;:&quot;0&quot;,&quot;copyright&quot;:&quot;&quot;,&quot;focal_length&quot;:&quot;0&quot;,&quot;iso&quot;:&quot;0&quot;,&quot;shutter_speed&quot;:&quot;0&quot;,&quot;title&quot;:&quot;&quot;,&quot;orientation&quot;:&quot;0&quot;}\" data-image-title=\"20201029a2\" data-image-description=\"\" data-image-caption=\"\" data-large-file=\"https:\/\/www.comuna13online.com.ar\/wp-content\/uploads\/2020\/10\/20201029a2.jpg\" src=\"http:\/\/www.comuna13online.com.ar\/wp-content\/uploads\/2020\/10\/20201029a2.jpg\" alt=\"\" class=\"wp-image-11782\" srcset=\"https:\/\/www.comuna13online.com.ar\/wp-content\/uploads\/2020\/10\/20201029a2.jpg 678w, https:\/\/www.comuna13online.com.ar\/wp-content\/uploads\/2020\/10\/20201029a2-318x452.jpg 318w\" sizes=\"auto, (max-width: 678px) 100vw, 678px\" \/><\/figure>\n\n\n\n<figure class=\"wp-block-image size-large is-resized\"><img loading=\"lazy\" decoding=\"async\" data-attachment-id=\"99\" data-permalink=\"https:\/\/www.comuna13online.com.ar\/?attachment_id=99\" data-orig-file=\"https:\/\/www.comuna13online.com.ar\/wp-content\/uploads\/2017\/12\/line.jpg\" data-orig-size=\"678,1\" data-comments-opened=\"0\" data-image-meta=\"{&quot;aperture&quot;:&quot;0&quot;,&quot;credit&quot;:&quot;&quot;,&quot;camera&quot;:&quot;&quot;,&quot;caption&quot;:&quot;&quot;,&quot;created_timestamp&quot;:&quot;0&quot;,&quot;copyright&quot;:&quot;&quot;,&quot;focal_length&quot;:&quot;0&quot;,&quot;iso&quot;:&quot;0&quot;,&quot;shutter_speed&quot;:&quot;0&quot;,&quot;title&quot;:&quot;&quot;,&quot;orientation&quot;:&quot;0&quot;}\" data-image-title=\"line\" data-image-description=\"\" data-image-caption=\"\" data-large-file=\"https:\/\/www.comuna13online.com.ar\/wp-content\/uploads\/2017\/12\/line.jpg\" src=\"http:\/\/www.comuna13online.com.ar\/wp-content\/uploads\/2017\/12\/line.jpg\" alt=\"\" class=\"wp-image-99\" width=\"678\" height=\"1\" srcset=\"https:\/\/www.comuna13online.com.ar\/wp-content\/uploads\/2017\/12\/line.jpg 678w, https:\/\/www.comuna13online.com.ar\/wp-content\/uploads\/2017\/12\/line-150x1.jpg 150w, https:\/\/www.comuna13online.com.ar\/wp-content\/uploads\/2017\/12\/line-326x1.jpg 326w, https:\/\/www.comuna13online.com.ar\/wp-content\/uploads\/2017\/12\/line-80x1.jpg 80w, https:\/\/www.comuna13online.com.ar\/wp-content\/uploads\/2017\/12\/line-272x1.jpg 272w\" sizes=\"auto, (max-width: 678px) 100vw, 678px\" \/><\/figure>\n\n\n\n<figure class=\"wp-block-image size-full\"><img loading=\"lazy\" decoding=\"async\" width=\"678\" height=\"180\" data-attachment-id=\"8918\" data-permalink=\"https:\/\/www.comuna13online.com.ar\/?attachment_id=8918\" data-orig-file=\"https:\/\/www.comuna13online.com.ar\/wp-content\/uploads\/2020\/04\/corona2.jpg\" data-orig-size=\"678,180\" data-comments-opened=\"0\" data-image-meta=\"{&quot;aperture&quot;:&quot;0&quot;,&quot;credit&quot;:&quot;&quot;,&quot;camera&quot;:&quot;&quot;,&quot;caption&quot;:&quot;&quot;,&quot;created_timestamp&quot;:&quot;0&quot;,&quot;copyright&quot;:&quot;&quot;,&quot;focal_length&quot;:&quot;0&quot;,&quot;iso&quot;:&quot;0&quot;,&quot;shutter_speed&quot;:&quot;0&quot;,&quot;title&quot;:&quot;&quot;,&quot;orientation&quot;:&quot;0&quot;}\" data-image-title=\"corona2\" data-image-description=\"\" data-image-caption=\"\" data-large-file=\"https:\/\/www.comuna13online.com.ar\/wp-content\/uploads\/2020\/04\/corona2.jpg\" src=\"http:\/\/www.comuna13online.com.ar\/wp-content\/uploads\/2020\/04\/corona2.jpg\" alt=\"\" class=\"wp-image-8918\"\/><\/figure>\n","protected":false},"excerpt":{"rendered":"<div class=\"mh-excerpt\">Bajo un estricto protocolo de higiene por la pandemia, los museos porte\u00f1os abrir\u00e1n de manera escalonada, con capacidad limitada de p\u00fablico y con turnos previos. \u201cYa est\u00e1 listo el protocolo <a class=\"mh-excerpt-more\" href=\"https:\/\/www.comuna13online.com.ar\/?p=11780\" title=\"Los Museos de la Ciudad reabren sus puertas al p\u00fablico\">[&#8230;]<\/a><\/div>\n","protected":false},"author":1,"featured_media":11783,"comment_status":"closed","ping_status":"closed","sticky":false,"template":"","format":"standard","meta":{"_uag_custom_page_level_css":"","_jetpack_memberships_contains_paid_content":false,"footnotes":"","jetpack_publicize_message":"","jetpack_publicize_feature_enabled":true,"jetpack_social_post_already_shared":true,"jetpack_social_options":{"image_generator_settings":{"template":"highway","default_image_id":0,"font":"","enabled":false},"version":2}},"categories":[76],"tags":[271,60,246,250,127],"class_list":{"0":"post-11780","1":"post","2":"type-post","3":"status-publish","4":"format-standard","5":"has-post-thumbnail","7":"category-museos","8":"tag-coronavirus","9":"tag-cultura","10":"tag-h1","11":"tag-h2","12":"tag-museos"},"jetpack_publicize_connections":[],"jetpack_featured_media_url":"https:\/\/www.comuna13online.com.ar\/wp-content\/uploads\/2020\/10\/20201029a.jpg","uagb_featured_image_src":{"full":["https:\/\/www.comuna13online.com.ar\/wp-content\/uploads\/2020\/10\/20201029a.jpg",1030,438,false],"thumbnail":["https:\/\/www.comuna13online.com.ar\/wp-content\/uploads\/2020\/10\/20201029a-150x150.jpg",96,96,true],"medium":["https:\/\/www.comuna13online.com.ar\/wp-content\/uploads\/2020\/10\/20201029a-678x288.jpg",678,288,true],"medium_large":["https:\/\/www.comuna13online.com.ar\/wp-content\/uploads\/2020\/10\/20201029a-768x327.jpg",768,327,true],"large":["https:\/\/www.comuna13online.com.ar\/wp-content\/uploads\/2020\/10\/20201029a.jpg",1030,438,false],"1536x1536":["https:\/\/www.comuna13online.com.ar\/wp-content\/uploads\/2020\/10\/20201029a.jpg",1030,438,false],"2048x2048":["https:\/\/www.comuna13online.com.ar\/wp-content\/uploads\/2020\/10\/20201029a.jpg",1030,438,false],"mh-magazine-slider":["https:\/\/www.comuna13online.com.ar\/wp-content\/uploads\/2020\/10\/20201029a-1030x438.jpg",1030,438,true],"mh-magazine-content":["https:\/\/www.comuna13online.com.ar\/wp-content\/uploads\/2020\/10\/20201029a-678x381.jpg",678,381,true],"mh-magazine-large":["https:\/\/www.comuna13online.com.ar\/wp-content\/uploads\/2020\/10\/20201029a-678x438.jpg",678,438,true],"mh-magazine-medium":["https:\/\/www.comuna13online.com.ar\/wp-content\/uploads\/2020\/10\/20201029a-326x245.jpg",326,245,true],"mh-magazine-small":["https:\/\/www.comuna13online.com.ar\/wp-content\/uploads\/2020\/10\/20201029a-80x60.jpg",80,60,true],"sow-carousel-default":["https:\/\/www.comuna13online.com.ar\/wp-content\/uploads\/2020\/10\/20201029a-272x182.jpg",272,182,true]},"uagb_author_info":{"display_name":"Comuna13","author_link":"https:\/\/www.comuna13online.com.ar\/?author=1"},"uagb_comment_info":0,"uagb_excerpt":"Bajo un estricto protocolo de higiene por la pandemia, los museos porte\u00f1os abrir\u00e1n de manera escalonada, con capacidad limitada de p\u00fablico y con turnos previos. \u201cYa est\u00e1 listo el protocolo [...]","jetpack_sharing_enabled":true,"_links":{"self":[{"href":"https:\/\/www.comuna13online.com.ar\/index.php?rest_route=\/wp\/v2\/posts\/11780","targetHints":{"allow":["GET"]}}],"collection":[{"href":"https:\/\/www.comuna13online.com.ar\/index.php?rest_route=\/wp\/v2\/posts"}],"about":[{"href":"https:\/\/www.comuna13online.com.ar\/index.php?rest_route=\/wp\/v2\/types\/post"}],"author":[{"embeddable":true,"href":"https:\/\/www.comuna13online.com.ar\/index.php?rest_route=\/wp\/v2\/users\/1"}],"replies":[{"embeddable":true,"href":"https:\/\/www.comuna13online.com.ar\/index.php?rest_route=%2Fwp%2Fv2%2Fcomments&post=11780"}],"version-history":[{"count":0,"href":"https:\/\/www.comuna13online.com.ar\/index.php?rest_route=\/wp\/v2\/posts\/11780\/revisions"}],"wp:featuredmedia":[{"embeddable":true,"href":"https:\/\/www.comuna13online.com.ar\/index.php?rest_route=\/wp\/v2\/media\/11783"}],"wp:attachment":[{"href":"https:\/\/www.comuna13online.com.ar\/index.php?rest_route=%2Fwp%2Fv2%2Fmedia&parent=11780"}],"wp:term":[{"taxonomy":"category","embeddable":true,"href":"https:\/\/www.comuna13online.com.ar\/index.php?rest_route=%2Fwp%2Fv2%2Fcategories&post=11780"},{"taxonomy":"post_tag","embeddable":true,"href":"https:\/\/www.comuna13online.com.ar\/index.php?rest_route=%2Fwp%2Fv2%2Ftags&post=11780"}],"curies":[{"name":"wp","href":"https:\/\/api.w.org\/{rel}","templated":true}]}}