{"id":11769,"date":"2020-10-26T20:46:56","date_gmt":"2020-10-26T23:46:56","guid":{"rendered":"http:\/\/www.comuna13online.com.ar\/?p=11769"},"modified":"2020-10-26T20:47:00","modified_gmt":"2020-10-26T23:47:00","slug":"la-ciudad-celebra-el-dia-de-los-cafes","status":"publish","type":"post","link":"https:\/\/www.comuna13online.com.ar\/?p=11769","title":{"rendered":"La Ciudad celebra El D\u00eda de los Caf\u00e9s"},"content":{"rendered":"\n<p><strong>El\u00a0Ministerio de Cultura de la Ciudad de Buenos Aires\u00a0presenta la\u00a0Semana de los Caf\u00e9s\u00a0convocada por la\u00a0Direcci\u00f3n General de\u00a0Patrimonio, Museos y Casco Hist\u00f3rico desde el 26 al 30 de octubre\u00a0en conmemoraci\u00f3n al\u00a0D\u00eda de los Caf\u00e9s de Buenos Aires, fecha instituida por la\u00a0Legislatura porte\u00f1a por Ley N\u00ba 511 del a\u00f1o 2000, en honor a la apertura del\u00a0Caf\u00e9 Tortoni el 26 de octubre de 1858.<\/strong><\/p>\n\n\n\n<figure class=\"wp-block-image size-large\"><img loading=\"lazy\" decoding=\"async\" width=\"678\" height=\"447\" data-attachment-id=\"11770\" data-permalink=\"https:\/\/www.comuna13online.com.ar\/?attachment_id=11770\" data-orig-file=\"https:\/\/www.comuna13online.com.ar\/wp-content\/uploads\/2020\/10\/20201026c1.jpg\" data-orig-size=\"678,447\" data-comments-opened=\"0\" data-image-meta=\"{&quot;aperture&quot;:&quot;0&quot;,&quot;credit&quot;:&quot;&quot;,&quot;camera&quot;:&quot;&quot;,&quot;caption&quot;:&quot;&quot;,&quot;created_timestamp&quot;:&quot;0&quot;,&quot;copyright&quot;:&quot;&quot;,&quot;focal_length&quot;:&quot;0&quot;,&quot;iso&quot;:&quot;0&quot;,&quot;shutter_speed&quot;:&quot;0&quot;,&quot;title&quot;:&quot;&quot;,&quot;orientation&quot;:&quot;0&quot;}\" data-image-title=\"20201026c1\" data-image-description=\"\" data-image-caption=\"\" data-large-file=\"https:\/\/www.comuna13online.com.ar\/wp-content\/uploads\/2020\/10\/20201026c1.jpg\" src=\"http:\/\/www.comuna13online.com.ar\/wp-content\/uploads\/2020\/10\/20201026c1.jpg\" alt=\"\" class=\"wp-image-11770\"\/><\/figure>\n\n\n\n<p>\u201cLos Bares Notables son un s\u00edmbolo de nuestra identidad y patrimonio, por eso desde el 26 al 30 de octubre los estaremos homenajeando con la Semana de los Caf\u00e9s convocada por la Direcci\u00f3n General de Patrimonio, Museos y Casco Hist\u00f3rico. Los 86 Caf\u00e9s, Bares, Billares y Confiter\u00edas Notables ubicados en 25 barrios, guardan historias, an\u00e9cdotas, sabores y aromas que miles de personas disfrutan hace decenas de a\u00f1os. Cuidar nuestro patrimonio hist\u00f3rico es una de nuestras prioridades, al mismo tiempo que buscamos seguir d\u00e1ndole nuevas herramientas y recursos para que se renueven a los tiempos que nos tocan vivir. Continuamos trabajando para que cada vez haya m\u00e1s cultura en nuestra Ciudad.\u201d<em>&nbsp;&#8211;&nbsp;<\/em><strong>Enrique Avogadro, ministro de Cultura de la Ciudad de Buenos Aires.<\/strong><\/p>\n\n\n\n<p>Los&nbsp;<strong>86 Caf\u00e9s, Bares, Billares y Confiter\u00edas Notables<\/strong>&nbsp;son un emblema del patrimonio cultural de la Ciudad de Buenos Aires. Ubicados en 25 barrios porte\u00f1os, guardan historias, an\u00e9cdotas, sabores y olores que tanto vecinos como turistas disfrutan hace decenas de a\u00f1os. Desde la&nbsp;<strong>Direcci\u00f3n General de Patrimonio, Museos y Casco Hist\u00f3rico<\/strong>, homenajear\u00e1n a estos establecimientos organizando cuatro diferentes acciones.<\/p>\n\n\n\n<p>El&nbsp;<strong>mi\u00e9rcoles 28 de octubre desde las<\/strong>&nbsp;<strong>12 hasta las 15<\/strong>, en conjunto con la&nbsp;<strong>Direcci\u00f3n General de Bibliotecas y Promoci\u00f3n Cultural<\/strong>, realizar\u00e1n la&nbsp;<strong>Suelta de Libros<\/strong>, una visita a&nbsp;<strong>Bares Notables de las Comunas 3, 5 y 6<\/strong>&nbsp;donde se apuntar\u00e1 a generar un acercamiento y conversaci\u00f3n con los due\u00f1os de los bares, con los comensales que se encuentren disfrutando de alguna comida o caf\u00e9 y entregarles de regalo el libro&nbsp;<strong>Caf\u00e9s de Buenos Aires, imagen de un cuento&nbsp;<\/strong>provisto por la&nbsp;<strong>Direcci\u00f3n General de Patrimonio, Museos y Casco Hist\u00f3rico<\/strong>&nbsp;y enmarcados en el packaging del programa&nbsp;<strong>\u201cLibros puerta a puerta\u201d<\/strong>. El recorrido ser\u00e1 por:&nbsp;<strong>El Viejo Buz\u00f3n<\/strong>&nbsp;(Neuqu\u00e9n 1100, Caballito),&nbsp;<strong>Las Violetas<\/strong>&nbsp;(Av. Rivadavia 3899, Almagro),&nbsp;<strong>Caf\u00e9 Margot<\/strong>&nbsp;(Av. Boedo 857, Boedo),&nbsp;<strong>Esquina Homero Manzi<\/strong>&nbsp;(San Juan 3601, Boedo),<strong>&nbsp;Miramar<\/strong>&nbsp;(Sarand\u00ed 1190, San Crist\u00f3bal) y&nbsp;<strong>Bar de Cao<\/strong>&nbsp;(Av. Independencia 2400, San Crist\u00f3bal).<\/p>\n\n\n\n<p>Adem\u00e1s, la&nbsp;<strong>Direcci\u00f3n General de Bibliotecas y Promoci\u00f3n Cultural&nbsp;<\/strong>estar\u00e1 presente en la celebraci\u00f3n, acercando su&nbsp;<strong>Bibliom\u00f3vil&nbsp;<\/strong>(biblioteca rodante) a&nbsp;<strong>El Viejo Buz\u00f3n<\/strong>, el primer bar notable que se visite y estacion\u00e1ndolo en el deck pintado por el&nbsp;<strong>Ministerio de Espacio P\u00fablico e Higiene Urbana<\/strong>. Desde el&nbsp;<strong>Bibliom\u00f3vil&nbsp;<\/strong>estacionado, se entregar\u00e1n libros a los vecinos y se comentar\u00e1 acerca de la acci\u00f3n que se est\u00e1 llevando a cabo durante la jornada, adem\u00e1s de promocionar las aperturas de bibliotecas.<\/p>\n\n\n\n<p>Por \u00faltimo, durante la\u00a0<strong>Semana de los Caf\u00e9s<\/strong>,\u00a0<strong>del 26 al 30 de octubre<\/strong>\u00a0desde la cuenta de Instagram\u00a0<strong>@patrimonioba<\/strong>\u00a0se compartir\u00e1 el\u00a0<strong>Recorrido de Bares en Barrios<\/strong>, tres publicaciones audiovisuales en los cuales presentar\u00e1, en cada uno de ellos, un barrio de la ciudad y tres\u00a0<strong>Bares Notables<\/strong>\u00a0ubicados en esa zona. Con fotos y videos de estos bares se relatar\u00e1 su historia, curiosidades de cada establecimiento y testimonios de los due\u00f1os de los caf\u00e9s presentados. Adem\u00e1s, se compartir\u00e1\u00a0<strong>Trivias notables<\/strong>\u00a0cuyas preguntas tendr\u00e1n como protagonistas a los\u00a0<strong>Bares Notables<\/strong>: historia, pel\u00edculas, tangos y an\u00e9cdotas son algunas de las tem\u00e1ticas que abordar\u00e1n las trivias.<\/p>\n\n\n\n<figure class=\"wp-block-image size-large is-resized\"><img loading=\"lazy\" decoding=\"async\" data-attachment-id=\"99\" data-permalink=\"https:\/\/www.comuna13online.com.ar\/?attachment_id=99\" data-orig-file=\"https:\/\/www.comuna13online.com.ar\/wp-content\/uploads\/2017\/12\/line.jpg\" data-orig-size=\"678,1\" data-comments-opened=\"0\" data-image-meta=\"{&quot;aperture&quot;:&quot;0&quot;,&quot;credit&quot;:&quot;&quot;,&quot;camera&quot;:&quot;&quot;,&quot;caption&quot;:&quot;&quot;,&quot;created_timestamp&quot;:&quot;0&quot;,&quot;copyright&quot;:&quot;&quot;,&quot;focal_length&quot;:&quot;0&quot;,&quot;iso&quot;:&quot;0&quot;,&quot;shutter_speed&quot;:&quot;0&quot;,&quot;title&quot;:&quot;&quot;,&quot;orientation&quot;:&quot;0&quot;}\" data-image-title=\"line\" data-image-description=\"\" data-image-caption=\"\" data-large-file=\"https:\/\/www.comuna13online.com.ar\/wp-content\/uploads\/2017\/12\/line.jpg\" src=\"http:\/\/www.comuna13online.com.ar\/wp-content\/uploads\/2017\/12\/line.jpg\" alt=\"\" class=\"wp-image-99\" width=\"678\" height=\"1\" srcset=\"https:\/\/www.comuna13online.com.ar\/wp-content\/uploads\/2017\/12\/line.jpg 678w, https:\/\/www.comuna13online.com.ar\/wp-content\/uploads\/2017\/12\/line-150x1.jpg 150w, https:\/\/www.comuna13online.com.ar\/wp-content\/uploads\/2017\/12\/line-326x1.jpg 326w, https:\/\/www.comuna13online.com.ar\/wp-content\/uploads\/2017\/12\/line-80x1.jpg 80w, https:\/\/www.comuna13online.com.ar\/wp-content\/uploads\/2017\/12\/line-272x1.jpg 272w\" sizes=\"auto, (max-width: 678px) 100vw, 678px\" \/><\/figure>\n\n\n\n<figure class=\"wp-block-image size-full\"><img loading=\"lazy\" decoding=\"async\" width=\"678\" height=\"180\" data-attachment-id=\"8918\" data-permalink=\"https:\/\/www.comuna13online.com.ar\/?attachment_id=8918\" data-orig-file=\"https:\/\/www.comuna13online.com.ar\/wp-content\/uploads\/2020\/04\/corona2.jpg\" data-orig-size=\"678,180\" data-comments-opened=\"0\" data-image-meta=\"{&quot;aperture&quot;:&quot;0&quot;,&quot;credit&quot;:&quot;&quot;,&quot;camera&quot;:&quot;&quot;,&quot;caption&quot;:&quot;&quot;,&quot;created_timestamp&quot;:&quot;0&quot;,&quot;copyright&quot;:&quot;&quot;,&quot;focal_length&quot;:&quot;0&quot;,&quot;iso&quot;:&quot;0&quot;,&quot;shutter_speed&quot;:&quot;0&quot;,&quot;title&quot;:&quot;&quot;,&quot;orientation&quot;:&quot;0&quot;}\" data-image-title=\"corona2\" data-image-description=\"\" data-image-caption=\"\" data-large-file=\"https:\/\/www.comuna13online.com.ar\/wp-content\/uploads\/2020\/04\/corona2.jpg\" src=\"http:\/\/www.comuna13online.com.ar\/wp-content\/uploads\/2020\/04\/corona2.jpg\" alt=\"\" class=\"wp-image-8918\"\/><\/figure>\n","protected":false},"excerpt":{"rendered":"<div class=\"mh-excerpt\">El\u00a0Ministerio de Cultura de la Ciudad de Buenos Aires\u00a0presenta la\u00a0Semana de los Caf\u00e9s\u00a0convocada por la\u00a0Direcci\u00f3n General de\u00a0Patrimonio, Museos y Casco Hist\u00f3rico desde el 26 al 30 de octubre\u00a0en conmemoraci\u00f3n al\u00a0D\u00eda <a class=\"mh-excerpt-more\" href=\"https:\/\/www.comuna13online.com.ar\/?p=11769\" title=\"La Ciudad celebra El D\u00eda de los Caf\u00e9s\">[&#8230;]<\/a><\/div>\n","protected":false},"author":1,"featured_media":11771,"comment_status":"closed","ping_status":"closed","sticky":false,"template":"","format":"standard","meta":{"_uag_custom_page_level_css":"","_jetpack_memberships_contains_paid_content":false,"footnotes":"","jetpack_publicize_message":"","jetpack_publicize_feature_enabled":true,"jetpack_social_post_already_shared":true,"jetpack_social_options":{"image_generator_settings":{"template":"highway","default_image_id":0,"font":"","enabled":false},"version":2}},"categories":[288],"tags":[250,286,71],"class_list":{"0":"post-11769","1":"post","2":"type-post","3":"status-publish","4":"format-standard","5":"has-post-thumbnail","7":"category-patrimonio","8":"tag-h2","9":"tag-patrimonio","10":"tag-tiempo-libre"},"jetpack_publicize_connections":[],"jetpack_featured_media_url":"https:\/\/www.comuna13online.com.ar\/wp-content\/uploads\/2020\/10\/20201026c.jpg","uagb_featured_image_src":{"full":["https:\/\/www.comuna13online.com.ar\/wp-content\/uploads\/2020\/10\/20201026c.jpg",678,452,false],"thumbnail":["https:\/\/www.comuna13online.com.ar\/wp-content\/uploads\/2020\/10\/20201026c-150x150.jpg",96,96,true],"medium":["https:\/\/www.comuna13online.com.ar\/wp-content\/uploads\/2020\/10\/20201026c-678x452.jpg",678,452,true],"medium_large":["https:\/\/www.comuna13online.com.ar\/wp-content\/uploads\/2020\/10\/20201026c.jpg",678,452,false],"large":["https:\/\/www.comuna13online.com.ar\/wp-content\/uploads\/2020\/10\/20201026c.jpg",678,452,false],"1536x1536":["https:\/\/www.comuna13online.com.ar\/wp-content\/uploads\/2020\/10\/20201026c.jpg",678,452,false],"2048x2048":["https:\/\/www.comuna13online.com.ar\/wp-content\/uploads\/2020\/10\/20201026c.jpg",678,452,false],"mh-magazine-slider":["https:\/\/www.comuna13online.com.ar\/wp-content\/uploads\/2020\/10\/20201026c-678x438.jpg",678,438,true],"mh-magazine-content":["https:\/\/www.comuna13online.com.ar\/wp-content\/uploads\/2020\/10\/20201026c-678x381.jpg",678,381,true],"mh-magazine-large":["https:\/\/www.comuna13online.com.ar\/wp-content\/uploads\/2020\/10\/20201026c.jpg",678,452,false],"mh-magazine-medium":["https:\/\/www.comuna13online.com.ar\/wp-content\/uploads\/2020\/10\/20201026c-326x245.jpg",326,245,true],"mh-magazine-small":["https:\/\/www.comuna13online.com.ar\/wp-content\/uploads\/2020\/10\/20201026c-80x60.jpg",80,60,true],"sow-carousel-default":["https:\/\/www.comuna13online.com.ar\/wp-content\/uploads\/2020\/10\/20201026c-272x182.jpg",272,182,true]},"uagb_author_info":{"display_name":"Comuna13","author_link":"https:\/\/www.comuna13online.com.ar\/?author=1"},"uagb_comment_info":0,"uagb_excerpt":"El\u00a0Ministerio de Cultura de la Ciudad de Buenos Aires\u00a0presenta la\u00a0Semana de los Caf\u00e9s\u00a0convocada por la\u00a0Direcci\u00f3n General de\u00a0Patrimonio, Museos y Casco Hist\u00f3rico desde el 26 al 30 de octubre\u00a0en conmemoraci\u00f3n al\u00a0D\u00eda [...]","jetpack_sharing_enabled":true,"_links":{"self":[{"href":"https:\/\/www.comuna13online.com.ar\/index.php?rest_route=\/wp\/v2\/posts\/11769","targetHints":{"allow":["GET"]}}],"collection":[{"href":"https:\/\/www.comuna13online.com.ar\/index.php?rest_route=\/wp\/v2\/posts"}],"about":[{"href":"https:\/\/www.comuna13online.com.ar\/index.php?rest_route=\/wp\/v2\/types\/post"}],"author":[{"embeddable":true,"href":"https:\/\/www.comuna13online.com.ar\/index.php?rest_route=\/wp\/v2\/users\/1"}],"replies":[{"embeddable":true,"href":"https:\/\/www.comuna13online.com.ar\/index.php?rest_route=%2Fwp%2Fv2%2Fcomments&post=11769"}],"version-history":[{"count":0,"href":"https:\/\/www.comuna13online.com.ar\/index.php?rest_route=\/wp\/v2\/posts\/11769\/revisions"}],"wp:featuredmedia":[{"embeddable":true,"href":"https:\/\/www.comuna13online.com.ar\/index.php?rest_route=\/wp\/v2\/media\/11771"}],"wp:attachment":[{"href":"https:\/\/www.comuna13online.com.ar\/index.php?rest_route=%2Fwp%2Fv2%2Fmedia&parent=11769"}],"wp:term":[{"taxonomy":"category","embeddable":true,"href":"https:\/\/www.comuna13online.com.ar\/index.php?rest_route=%2Fwp%2Fv2%2Fcategories&post=11769"},{"taxonomy":"post_tag","embeddable":true,"href":"https:\/\/www.comuna13online.com.ar\/index.php?rest_route=%2Fwp%2Fv2%2Ftags&post=11769"}],"curies":[{"name":"wp","href":"https:\/\/api.w.org\/{rel}","templated":true}]}}