{"id":11591,"date":"2020-09-30T10:34:13","date_gmt":"2020-09-30T13:34:13","guid":{"rendered":"http:\/\/www.comuna13online.com.ar\/?p=11591"},"modified":"2020-09-30T10:34:18","modified_gmt":"2020-09-30T13:34:18","slug":"proponen-triplicar-los-espacios-verdes-de-la-ciudad-de-buenos-aires","status":"publish","type":"post","link":"https:\/\/www.comuna13online.com.ar\/?p=11591","title":{"rendered":"Proponen triplicar los espacios verdes de la Ciudad de Buenos Aires"},"content":{"rendered":"\n<p>El Legislador del Frente de Todos, Juan Manuel Vald\u00e9s, present\u00f3 un proyecto de Ley para crear un Fondo Verde de la Ciudad de Buenos Aires (FOVCABA) destinado a contribuir al acceso y promoci\u00f3n de Espacios Verdes.<\/p>\n\n\n\n<p><strong><em>\u201cQueremos que haya m\u00e1s plazas, m\u00e1s huertas, parques recreativos. La nueva normalidad va a requerir m\u00e1s espacios al aire libre donde se respete el distanciamiento\u201d<\/em><\/strong> sostuvo Vald\u00e9s.<\/p>\n\n\n\n<p>La iniciativa contempla, adem\u00e1s, la creaci\u00f3n del <strong>\u201cPrograma de Puesta en Valor de Terrenos Bald\u00edos\u201d<\/strong> destinado a la generaci\u00f3n de espacios verdes all\u00ed e incentivar a los propietarios a la explotaci\u00f3n, puesta en valor y utilizaci\u00f3n de dichos inmuebles. Tambi\u00e9n propone el <strong>\u201cPrograma de Incentivo al Sector Privado para el Desarrollo del Espacio Verde\u201d<\/strong>.<\/p>\n\n\n\n<p><br><\/p>\n<div align=\"center\">\n<blockquote class=\"twitter-tweet\"><p lang=\"es\" dir=\"ltr\">Terminamos la presentaci\u00f3n del <a href=\"https:\/\/twitter.com\/hashtag\/FondoVerdeParaCABA?src=hash&amp;ref_src=twsrc%5Etfw\">#FondoVerdeParaCABA<\/a> con la alegr\u00eda de construir una propuesta para mejorar la Ciudad que habitamos.<br><br>No nos resignamos al cemento que nos proponen, queremos cambiar las prioridades. <br><br>\u00a1Gracias a todos y todas por participar! <a href=\"https:\/\/t.co\/bfoESCcHAo\">pic.twitter.com\/bfoESCcHAo<\/a><\/p>&mdash; Juan Manuel Vald\u00e9s (@jmvaldesre) <a href=\"https:\/\/twitter.com\/jmvaldesre\/status\/1311083552990212096?ref_src=twsrc%5Etfw\">September 29, 2020<\/a><\/blockquote> <script async src=\"https:\/\/platform.twitter.com\/widgets.js\" charset=\"utf-8\"><\/script>\n<\/div><p><br><\/p>\n\n\n\n<p>Sobre el proyecto, Juan Manuel Vald\u00e9s expres\u00f3, <strong><em>\u201ccon el objetivo de establecer una pol\u00edtica de Estado en cuanto a la construcci\u00f3n de una Ciudad sustentable y con espacios verdes creamos el Fondo Verde. Un fondo de ejecuci\u00f3n autom\u00e1tica que todos los a\u00f1os la Ciudad deber\u00e1 cumplimentar para la ampliaci\u00f3n de los espacios p\u00fablicos verdes. Para la Organizaci\u00f3n Mundial de la Salud cualquier ciudad tiene que tener entre quince y veinte metros cuadrados de espacio verde por habitante, la suma que tiene la Ciudad de Buenos Aires no llega a los tres metros cuadrados\u201d<\/em><\/strong>.\u00a0<\/p>\n\n\n\n<p><strong><em>\u201cNuestro distrito est\u00e1 muy atrasado en cuanto a las metas internacionales de lo que se considera una ciudad verde y las metas de desarrollo sustentable. Un espacio verde es importante no solo\u00a0 porque es lindo, sino porque previene inundaciones absorbiendo agua, reduce ruidos, produce ox\u00edgeno, es un espacio de paseo. No estamos pidiendo importar pol\u00edticas de ciudades cuya riqueza dista de la nuestra, al contrario, ciudades como Rosario, Bogot\u00e1 cuentan con mayor cantidad de espacios verdes que la Ciudad de Buenos Aires\u201d<\/em><\/strong> agreg\u00f3 el legislador del Frente de Todos.<\/p>\n\n\n\n<p>Para finalizar, Vald\u00e9s sostuvo <strong><em>\u201cEs muy importante tomar en cuenta estas pol\u00edticas, no puede ser que la ciudad deseada sea la del cemento y la densificaci\u00f3n que propone el macrismo hace diecis\u00e9is a\u00f1os. Creemos que la ciudad tiene que ser sustentable y ecol\u00f3gica. La pandemia nos demostr\u00f3 que los lugares de esparcimiento tienen que estar al aire libre. Los runners no tienen la culpa, el problema es que en los \u00faltimos a\u00f1os se prioriza la construcci\u00f3n de torres en lugar de garantizar una vida saludable. Por todo esto queremos que se sancione la Ley del Fondo Verde que venimos trabajando junto a distintas organizaciones ambientales y activistas j\u00f3venes que no hacen otra cosa que nos recuerdan la importancia de pensar en nuestro futuro\u201d<\/em><\/strong>.\u00a0\u00a0\u00a0\u00a0\u00a0<\/p>\n\n\n\n<p><br><\/p>\n<div align=\"center\">\n<iframe loading=\"lazy\" width=\"678\" height=\"381\" src=\"https:\/\/www.youtube.com\/embed\/I3qFO6azhhs\" frameborder=\"0\" allow=\"accelerometer; autoplay; clipboard-write; encrypted-media; gyroscope; picture-in-picture\" allowfullscreen><\/iframe>\n<\/div><p><br><\/p>\n\n\n\n<p>El proyecto fue acompa\u00f1ado por Luc\u00eda C\u00e1mpora y Santiago Roberto.<\/p>\n\n\n\n<figure class=\"wp-block-image size-large is-resized\"><img loading=\"lazy\" decoding=\"async\" data-attachment-id=\"99\" data-permalink=\"https:\/\/www.comuna13online.com.ar\/?attachment_id=99\" data-orig-file=\"https:\/\/www.comuna13online.com.ar\/wp-content\/uploads\/2017\/12\/line.jpg\" data-orig-size=\"678,1\" data-comments-opened=\"0\" data-image-meta=\"{&quot;aperture&quot;:&quot;0&quot;,&quot;credit&quot;:&quot;&quot;,&quot;camera&quot;:&quot;&quot;,&quot;caption&quot;:&quot;&quot;,&quot;created_timestamp&quot;:&quot;0&quot;,&quot;copyright&quot;:&quot;&quot;,&quot;focal_length&quot;:&quot;0&quot;,&quot;iso&quot;:&quot;0&quot;,&quot;shutter_speed&quot;:&quot;0&quot;,&quot;title&quot;:&quot;&quot;,&quot;orientation&quot;:&quot;0&quot;}\" data-image-title=\"line\" data-image-description=\"\" data-image-caption=\"\" data-large-file=\"https:\/\/www.comuna13online.com.ar\/wp-content\/uploads\/2017\/12\/line.jpg\" src=\"http:\/\/www.comuna13online.com.ar\/wp-content\/uploads\/2017\/12\/line.jpg\" alt=\"\" class=\"wp-image-99\" width=\"678\" height=\"1\" srcset=\"https:\/\/www.comuna13online.com.ar\/wp-content\/uploads\/2017\/12\/line.jpg 678w, https:\/\/www.comuna13online.com.ar\/wp-content\/uploads\/2017\/12\/line-150x1.jpg 150w, https:\/\/www.comuna13online.com.ar\/wp-content\/uploads\/2017\/12\/line-326x1.jpg 326w, https:\/\/www.comuna13online.com.ar\/wp-content\/uploads\/2017\/12\/line-80x1.jpg 80w, https:\/\/www.comuna13online.com.ar\/wp-content\/uploads\/2017\/12\/line-272x1.jpg 272w\" sizes=\"auto, (max-width: 678px) 100vw, 678px\" \/><\/figure>\n\n\n\n<figure class=\"wp-block-image size-full\"><img loading=\"lazy\" decoding=\"async\" width=\"678\" height=\"180\" data-attachment-id=\"8918\" data-permalink=\"https:\/\/www.comuna13online.com.ar\/?attachment_id=8918\" data-orig-file=\"https:\/\/www.comuna13online.com.ar\/wp-content\/uploads\/2020\/04\/corona2.jpg\" data-orig-size=\"678,180\" data-comments-opened=\"0\" data-image-meta=\"{&quot;aperture&quot;:&quot;0&quot;,&quot;credit&quot;:&quot;&quot;,&quot;camera&quot;:&quot;&quot;,&quot;caption&quot;:&quot;&quot;,&quot;created_timestamp&quot;:&quot;0&quot;,&quot;copyright&quot;:&quot;&quot;,&quot;focal_length&quot;:&quot;0&quot;,&quot;iso&quot;:&quot;0&quot;,&quot;shutter_speed&quot;:&quot;0&quot;,&quot;title&quot;:&quot;&quot;,&quot;orientation&quot;:&quot;0&quot;}\" data-image-title=\"corona2\" data-image-description=\"\" data-image-caption=\"\" data-large-file=\"https:\/\/www.comuna13online.com.ar\/wp-content\/uploads\/2020\/04\/corona2.jpg\" src=\"http:\/\/www.comuna13online.com.ar\/wp-content\/uploads\/2020\/04\/corona2.jpg\" alt=\"\" class=\"wp-image-8918\"\/><\/figure>\n","protected":false},"excerpt":{"rendered":"<div class=\"mh-excerpt\">El Legislador del Frente de Todos, Juan Manuel Vald\u00e9s, present\u00f3 un proyecto de Ley para crear un Fondo Verde de la Ciudad de Buenos Aires (FOVCABA) destinado a contribuir al <a class=\"mh-excerpt-more\" href=\"https:\/\/www.comuna13online.com.ar\/?p=11591\" title=\"Proponen triplicar los espacios verdes de la Ciudad de Buenos Aires\">[&#8230;]<\/a><\/div>\n","protected":false},"author":1,"featured_media":11592,"comment_status":"closed","ping_status":"closed","sticky":false,"template":"","format":"standard","meta":{"_uag_custom_page_level_css":"","_jetpack_memberships_contains_paid_content":false,"footnotes":"","jetpack_publicize_message":"","jetpack_publicize_feature_enabled":true,"jetpack_social_post_already_shared":true,"jetpack_social_options":{"image_generator_settings":{"template":"highway","default_image_id":0,"font":"","enabled":false},"version":2}},"categories":[22],"tags":[250,37],"class_list":{"0":"post-11591","1":"post","2":"type-post","3":"status-publish","4":"format-standard","5":"has-post-thumbnail","7":"category-medio-ambiente","8":"tag-h2","9":"tag-medio-ambiente"},"jetpack_publicize_connections":[],"jetpack_featured_media_url":"https:\/\/www.comuna13online.com.ar\/wp-content\/uploads\/2020\/09\/20200930c.jpg","uagb_featured_image_src":{"full":["https:\/\/www.comuna13online.com.ar\/wp-content\/uploads\/2020\/09\/20200930c.jpg",678,452,false],"thumbnail":["https:\/\/www.comuna13online.com.ar\/wp-content\/uploads\/2020\/09\/20200930c-150x150.jpg",96,96,true],"medium":["https:\/\/www.comuna13online.com.ar\/wp-content\/uploads\/2020\/09\/20200930c-678x452.jpg",678,452,true],"medium_large":["https:\/\/www.comuna13online.com.ar\/wp-content\/uploads\/2020\/09\/20200930c.jpg",678,452,false],"large":["https:\/\/www.comuna13online.com.ar\/wp-content\/uploads\/2020\/09\/20200930c.jpg",678,452,false],"1536x1536":["https:\/\/www.comuna13online.com.ar\/wp-content\/uploads\/2020\/09\/20200930c.jpg",678,452,false],"2048x2048":["https:\/\/www.comuna13online.com.ar\/wp-content\/uploads\/2020\/09\/20200930c.jpg",678,452,false],"mh-magazine-slider":["https:\/\/www.comuna13online.com.ar\/wp-content\/uploads\/2020\/09\/20200930c-678x438.jpg",678,438,true],"mh-magazine-content":["https:\/\/www.comuna13online.com.ar\/wp-content\/uploads\/2020\/09\/20200930c-678x381.jpg",678,381,true],"mh-magazine-large":["https:\/\/www.comuna13online.com.ar\/wp-content\/uploads\/2020\/09\/20200930c.jpg",678,452,false],"mh-magazine-medium":["https:\/\/www.comuna13online.com.ar\/wp-content\/uploads\/2020\/09\/20200930c-326x245.jpg",326,245,true],"mh-magazine-small":["https:\/\/www.comuna13online.com.ar\/wp-content\/uploads\/2020\/09\/20200930c-80x60.jpg",80,60,true],"sow-carousel-default":["https:\/\/www.comuna13online.com.ar\/wp-content\/uploads\/2020\/09\/20200930c-272x182.jpg",272,182,true]},"uagb_author_info":{"display_name":"Comuna13","author_link":"https:\/\/www.comuna13online.com.ar\/?author=1"},"uagb_comment_info":0,"uagb_excerpt":"El Legislador del Frente de Todos, Juan Manuel Vald\u00e9s, present\u00f3 un proyecto de Ley para crear un Fondo Verde de la Ciudad de Buenos Aires (FOVCABA) destinado a contribuir al [...]","jetpack_sharing_enabled":true,"_links":{"self":[{"href":"https:\/\/www.comuna13online.com.ar\/index.php?rest_route=\/wp\/v2\/posts\/11591","targetHints":{"allow":["GET"]}}],"collection":[{"href":"https:\/\/www.comuna13online.com.ar\/index.php?rest_route=\/wp\/v2\/posts"}],"about":[{"href":"https:\/\/www.comuna13online.com.ar\/index.php?rest_route=\/wp\/v2\/types\/post"}],"author":[{"embeddable":true,"href":"https:\/\/www.comuna13online.com.ar\/index.php?rest_route=\/wp\/v2\/users\/1"}],"replies":[{"embeddable":true,"href":"https:\/\/www.comuna13online.com.ar\/index.php?rest_route=%2Fwp%2Fv2%2Fcomments&post=11591"}],"version-history":[{"count":0,"href":"https:\/\/www.comuna13online.com.ar\/index.php?rest_route=\/wp\/v2\/posts\/11591\/revisions"}],"wp:featuredmedia":[{"embeddable":true,"href":"https:\/\/www.comuna13online.com.ar\/index.php?rest_route=\/wp\/v2\/media\/11592"}],"wp:attachment":[{"href":"https:\/\/www.comuna13online.com.ar\/index.php?rest_route=%2Fwp%2Fv2%2Fmedia&parent=11591"}],"wp:term":[{"taxonomy":"category","embeddable":true,"href":"https:\/\/www.comuna13online.com.ar\/index.php?rest_route=%2Fwp%2Fv2%2Fcategories&post=11591"},{"taxonomy":"post_tag","embeddable":true,"href":"https:\/\/www.comuna13online.com.ar\/index.php?rest_route=%2Fwp%2Fv2%2Ftags&post=11591"}],"curies":[{"name":"wp","href":"https:\/\/api.w.org\/{rel}","templated":true}]}}