{"id":11587,"date":"2020-09-30T10:02:04","date_gmt":"2020-09-30T13:02:04","guid":{"rendered":"http:\/\/www.comuna13online.com.ar\/?p=11587"},"modified":"2020-09-30T10:02:10","modified_gmt":"2020-09-30T13:02:10","slug":"habilitaron-el-jardin-botanicoy-las-reservas-ecologica-costanera-sur-y-lago-lugano","status":"publish","type":"post","link":"https:\/\/www.comuna13online.com.ar\/?p=11587","title":{"rendered":"Habilitaron el Jard\u00edn Bot\u00e1nicoy las Reservas Ecol\u00f3gica Costanera Sur y Lago Lugano"},"content":{"rendered":"\n<p><strong>La Secretar\u00eda de Ambiente porte\u00f1a aprob\u00f3 la apertura de los espacios verdes para el esparcimiento de los vecinos durante la pandemia. Los lugares abren con un estricto protocolo sanitario.<\/strong><\/p>\n\n\n\n<figure class=\"wp-block-image size-large\"><img loading=\"lazy\" decoding=\"async\" width=\"678\" height=\"381\" data-attachment-id=\"11588\" data-permalink=\"https:\/\/www.comuna13online.com.ar\/?attachment_id=11588\" data-orig-file=\"https:\/\/www.comuna13online.com.ar\/wp-content\/uploads\/2020\/09\/20200930b1.jpg\" data-orig-size=\"678,381\" data-comments-opened=\"0\" data-image-meta=\"{&quot;aperture&quot;:&quot;0&quot;,&quot;credit&quot;:&quot;&quot;,&quot;camera&quot;:&quot;&quot;,&quot;caption&quot;:&quot;&quot;,&quot;created_timestamp&quot;:&quot;0&quot;,&quot;copyright&quot;:&quot;&quot;,&quot;focal_length&quot;:&quot;0&quot;,&quot;iso&quot;:&quot;0&quot;,&quot;shutter_speed&quot;:&quot;0&quot;,&quot;title&quot;:&quot;&quot;,&quot;orientation&quot;:&quot;0&quot;}\" data-image-title=\"20200930b1\" data-image-description=\"\" data-image-caption=\"\" data-large-file=\"https:\/\/www.comuna13online.com.ar\/wp-content\/uploads\/2020\/09\/20200930b1.jpg\" src=\"http:\/\/www.comuna13online.com.ar\/wp-content\/uploads\/2020\/09\/20200930b1.jpg\" alt=\"\" class=\"wp-image-11588\"\/><figcaption><sup><strong>Reserva Ecol\u00f3gica Lago Lugano<\/strong>.<\/sup><\/figcaption><\/figure>\n\n\n\n<p>La apertura de estas \u00e1reas de conservaci\u00f3n se realizar\u00e1 en forma paulatina a partir del viernes 25 de septiembre, con capacidad limitada y bajo un estricto control al ingreso de cada espacio. En todos los casos el uso de tapabocas ser\u00e1 obligatorio, se realizar\u00e1 el control de temperatura pertinente y no estar\u00e1 permitido sentarse en los bancos ni consumir alimentos dentro de los predios.<\/p>\n\n\n\n<p>En cada lugar se dispondr\u00e1 de alcohol en gel y\/o soluci\u00f3n de alcohol al 70% en diferentes puntos de las instalaciones y todo el personal usar\u00e1 tapabocas. Tambi\u00e9n estar\u00e1 marcado el distanciamiento establecido de 1,5 m, y se clausurar\u00e1n los bancos y zonas comunes como las fuentes.<\/p>\n\n\n\n<p>En la entrada de cada espacio, el personal de recepci\u00f3n explicar\u00e1 las normas de convivencia y asegurar\u00e1 el distanciamiento social. En caso de que la cantidad de vecinos supere a la permitida para cada recorrido, deber\u00e1n esperar en el sector de ingreso hasta que el personal lo habilite.<\/p>\n\n\n\n<h4 class=\"wp-block-heading\">Jard\u00edn Bot\u00e1nico Carlos Thays<\/h4>\n\n\n\n<p>El Jard\u00edn Bot\u00e1nico abrir\u00e1 sus puertas de la Avenida Santa Fe 3951, de martes a domingos de 10 a 12.30h y de 14 a 16.30h, y permanecer\u00e1 cerrado en caso de lluvia. Solo podr\u00e1n permanecer 100 personas en cada turno y la estad\u00eda m\u00e1xima ser\u00e1 de dos horas y media.<\/p>\n\n\n\n<p>Las actividades que se encuentran permitidas son las caminatas de esparcimiento por los senderos, la toma de fotograf\u00eda y los fines de semana se realizar\u00e1n las visitas guiadas con un m\u00e1ximo de 4 personas. Tambi\u00e9n se realizar\u00e1n las expediciones bot\u00e1nicas para ni\u00f1os mayores de cinco a\u00f1os acompa\u00f1ados de un familiar.<\/p>\n\n\n\n<h4 class=\"wp-block-heading\">Reserva Ecol\u00f3gica Costanera Sur<\/h4>\n\n\n\n<p>La Reserva Ecol\u00f3gica Costanera Sur abrir\u00e1 sus dos entradas, por Avenida Brasil y por Viamonte, de martes a domingo de 10 a 12.30 h y de 14 a 16.30 h, y permanecer\u00e1 cerrada en caso de lluvia. Solo podr\u00e1n permanecer 665 personas por turno y la estad\u00eda m\u00e1xima ser\u00e1 de dos horas y media.<\/p>\n\n\n\n<p>En esta primera etapa, los vecinos podr\u00e1n realizar las caminatas por el Camino de los Alisos y el Camino de los Plumerillos, sin gu\u00eda para observar la flora y la fauna, realizar safaris fotogr\u00e1ficos y entrenamientos de acuerdo a la normativa vigente. Por el momento, no se permiten los recorridos en bicicleta. Las zonas de permanencia, descanso, postas aer\u00f3bicas, miradores y la playa permanecer\u00e1n cerradas.<br><\/p>\n\n\n\n<h4 class=\"wp-block-heading\">Reserva Ecol\u00f3gica Lago Lugano<\/h4>\n\n\n\n<p>La Reserva Ecol\u00f3gica Lago Lugano abrir\u00e1 sus puertas de martes a viernes, de 10:00 h a 12:00 h, con un m\u00e1ximo de 30 visitantes en el predio, con recambio de visitantes. Los vecinos podr\u00e1n recorrer el predio, tomar fotos sumarse a las actividades voluntariado con el distanciamiento adecuado.<\/p>\n","protected":false},"excerpt":{"rendered":"<div class=\"mh-excerpt\">La Secretar\u00eda de Ambiente porte\u00f1a aprob\u00f3 la apertura de los espacios verdes para el esparcimiento de los vecinos durante la pandemia. Los lugares abren con un estricto protocolo sanitario. La <a class=\"mh-excerpt-more\" href=\"https:\/\/www.comuna13online.com.ar\/?p=11587\" title=\"Habilitaron el Jard\u00edn Bot\u00e1nicoy las Reservas Ecol\u00f3gica Costanera Sur y Lago Lugano\">[&#8230;]<\/a><\/div>\n","protected":false},"author":1,"featured_media":11589,"comment_status":"closed","ping_status":"closed","sticky":false,"template":"","format":"standard","meta":{"_uag_custom_page_level_css":"","_jetpack_memberships_contains_paid_content":false,"footnotes":"","jetpack_publicize_message":"","jetpack_publicize_feature_enabled":true,"jetpack_social_post_already_shared":true,"jetpack_social_options":{"image_generator_settings":{"template":"highway","default_image_id":0,"font":"","enabled":false},"version":2}},"categories":[279],"tags":[271,246,250,37,71],"class_list":{"0":"post-11587","1":"post","2":"type-post","3":"status-publish","4":"format-standard","5":"has-post-thumbnail","7":"category-cuarentena","8":"tag-coronavirus","9":"tag-h1","10":"tag-h2","11":"tag-medio-ambiente","12":"tag-tiempo-libre"},"jetpack_publicize_connections":[],"jetpack_featured_media_url":"https:\/\/www.comuna13online.com.ar\/wp-content\/uploads\/2020\/09\/20200930b.jpg","uagb_featured_image_src":{"full":["https:\/\/www.comuna13online.com.ar\/wp-content\/uploads\/2020\/09\/20200930b.jpg",1030,438,false],"thumbnail":["https:\/\/www.comuna13online.com.ar\/wp-content\/uploads\/2020\/09\/20200930b-150x150.jpg",96,96,true],"medium":["https:\/\/www.comuna13online.com.ar\/wp-content\/uploads\/2020\/09\/20200930b-678x288.jpg",678,288,true],"medium_large":["https:\/\/www.comuna13online.com.ar\/wp-content\/uploads\/2020\/09\/20200930b-768x327.jpg",768,327,true],"large":["https:\/\/www.comuna13online.com.ar\/wp-content\/uploads\/2020\/09\/20200930b.jpg",1030,438,false],"1536x1536":["https:\/\/www.comuna13online.com.ar\/wp-content\/uploads\/2020\/09\/20200930b.jpg",1030,438,false],"2048x2048":["https:\/\/www.comuna13online.com.ar\/wp-content\/uploads\/2020\/09\/20200930b.jpg",1030,438,false],"mh-magazine-slider":["https:\/\/www.comuna13online.com.ar\/wp-content\/uploads\/2020\/09\/20200930b-1030x438.jpg",1030,438,true],"mh-magazine-content":["https:\/\/www.comuna13online.com.ar\/wp-content\/uploads\/2020\/09\/20200930b-678x381.jpg",678,381,true],"mh-magazine-large":["https:\/\/www.comuna13online.com.ar\/wp-content\/uploads\/2020\/09\/20200930b-678x438.jpg",678,438,true],"mh-magazine-medium":["https:\/\/www.comuna13online.com.ar\/wp-content\/uploads\/2020\/09\/20200930b-326x245.jpg",326,245,true],"mh-magazine-small":["https:\/\/www.comuna13online.com.ar\/wp-content\/uploads\/2020\/09\/20200930b-80x60.jpg",80,60,true],"sow-carousel-default":["https:\/\/www.comuna13online.com.ar\/wp-content\/uploads\/2020\/09\/20200930b-272x182.jpg",272,182,true]},"uagb_author_info":{"display_name":"Comuna13","author_link":"https:\/\/www.comuna13online.com.ar\/?author=1"},"uagb_comment_info":0,"uagb_excerpt":"La Secretar\u00eda de Ambiente porte\u00f1a aprob\u00f3 la apertura de los espacios verdes para el esparcimiento de los vecinos durante la pandemia. Los lugares abren con un estricto protocolo sanitario. La [...]","jetpack_sharing_enabled":true,"_links":{"self":[{"href":"https:\/\/www.comuna13online.com.ar\/index.php?rest_route=\/wp\/v2\/posts\/11587","targetHints":{"allow":["GET"]}}],"collection":[{"href":"https:\/\/www.comuna13online.com.ar\/index.php?rest_route=\/wp\/v2\/posts"}],"about":[{"href":"https:\/\/www.comuna13online.com.ar\/index.php?rest_route=\/wp\/v2\/types\/post"}],"author":[{"embeddable":true,"href":"https:\/\/www.comuna13online.com.ar\/index.php?rest_route=\/wp\/v2\/users\/1"}],"replies":[{"embeddable":true,"href":"https:\/\/www.comuna13online.com.ar\/index.php?rest_route=%2Fwp%2Fv2%2Fcomments&post=11587"}],"version-history":[{"count":0,"href":"https:\/\/www.comuna13online.com.ar\/index.php?rest_route=\/wp\/v2\/posts\/11587\/revisions"}],"wp:featuredmedia":[{"embeddable":true,"href":"https:\/\/www.comuna13online.com.ar\/index.php?rest_route=\/wp\/v2\/media\/11589"}],"wp:attachment":[{"href":"https:\/\/www.comuna13online.com.ar\/index.php?rest_route=%2Fwp%2Fv2%2Fmedia&parent=11587"}],"wp:term":[{"taxonomy":"category","embeddable":true,"href":"https:\/\/www.comuna13online.com.ar\/index.php?rest_route=%2Fwp%2Fv2%2Fcategories&post=11587"},{"taxonomy":"post_tag","embeddable":true,"href":"https:\/\/www.comuna13online.com.ar\/index.php?rest_route=%2Fwp%2Fv2%2Ftags&post=11587"}],"curies":[{"name":"wp","href":"https:\/\/api.w.org\/{rel}","templated":true}]}}