{"id":11568,"date":"2020-09-28T13:25:00","date_gmt":"2020-09-28T16:25:00","guid":{"rendered":"http:\/\/www.comuna13online.com.ar\/?p=11568"},"modified":"2020-09-28T14:04:54","modified_gmt":"2020-09-28T17:04:54","slug":"comienza-en-la-legislatura-el-debate-acerca-del-cannabis-medicinal","status":"publish","type":"post","link":"https:\/\/www.comuna13online.com.ar\/?p=11568","title":{"rendered":"Comienza en la Legislatura el debate acerca del cannabis medicinal"},"content":{"rendered":"\n<p><strong>La Comisi\u00f3n de Salud tratar\u00e1 desde hoy una norma que busca brindar un marco regulatorio para el acceso informado y seguro, la investigaci\u00f3n, uso y producci\u00f3n p\u00fablica del cannabis.<\/strong><\/p>\n\n\n\n<figure class=\"wp-block-image size-large\"><img loading=\"lazy\" decoding=\"async\" width=\"678\" height=\"452\" data-attachment-id=\"11573\" data-permalink=\"https:\/\/www.comuna13online.com.ar\/?attachment_id=11573\" data-orig-file=\"https:\/\/www.comuna13online.com.ar\/wp-content\/uploads\/2020\/09\/20200924a1.jpg\" data-orig-size=\"678,452\" data-comments-opened=\"0\" data-image-meta=\"{&quot;aperture&quot;:&quot;0&quot;,&quot;credit&quot;:&quot;&quot;,&quot;camera&quot;:&quot;&quot;,&quot;caption&quot;:&quot;&quot;,&quot;created_timestamp&quot;:&quot;0&quot;,&quot;copyright&quot;:&quot;&quot;,&quot;focal_length&quot;:&quot;0&quot;,&quot;iso&quot;:&quot;0&quot;,&quot;shutter_speed&quot;:&quot;0&quot;,&quot;title&quot;:&quot;&quot;,&quot;orientation&quot;:&quot;0&quot;}\" data-image-title=\"20200924a1\" data-image-description=\"\" data-image-caption=\"\" data-large-file=\"https:\/\/www.comuna13online.com.ar\/wp-content\/uploads\/2020\/09\/20200924a1.jpg\" src=\"http:\/\/www.comuna13online.com.ar\/wp-content\/uploads\/2020\/09\/20200924a1.jpg\" alt=\"\" class=\"wp-image-11573\" srcset=\"https:\/\/www.comuna13online.com.ar\/wp-content\/uploads\/2020\/09\/20200924a1.jpg 678w, https:\/\/www.comuna13online.com.ar\/wp-content\/uploads\/2020\/09\/20200924a1-272x182.jpg 272w\" sizes=\"auto, (max-width: 678px) 100vw, 678px\" \/><figcaption><strong><sup><span style=\"color:#666666\" class=\"has-inline-color\">Leandro Halper\u00edn (UCR-Evoluci\u00f3n), impulsor del proyecto.<\/span><\/sup><\/strong><\/figcaption><\/figure>\n\n\n\n<p>Buscando dar respuesta a un reclamo de las familias, la Comisi\u00f3n de Salud de la Legislatura porte\u00f1a iniciar\u00e1 este lunes a partir de las 16 el debate acerca de un proyecto de ley que tiene por objeto establecer un marco regulatorio para el acceso informado y seguro como recurso terap\u00e9utico, la investigaci\u00f3n, el uso cient\u00edfico y la producci\u00f3n p\u00fablica del Cannabis y sus derivados, garantizando y promoviendo el cuidado integral de la salud.<\/p>\n\n\n\n<p>La iniciativa en cuesti\u00f3n fue impulsada por el diputado de la UCR-Evoluci\u00f3n Leandro Halper\u00edn y lleva la firma de los legisladores Ariel \u00c1lvarez Palma, Mar\u00eda In\u00e9s Gorbea, Marcelo Guouman, Juan Franciso Nosiglia, Mart\u00edn Ocampo, Manuela Thourte y Mar\u00eda Patricia Vischi (UCR-Ev).<\/p>\n\n\n\n<p><br><\/p>\n<div align=\"center\">\n<blockquote class=\"twitter-tweet\"><p lang=\"es\" dir=\"ltr\"><a href=\"https:\/\/twitter.com\/hashtag\/CannabisMedicinal?src=hash&amp;ref_src=twsrc%5Etfw\">#CannabisMedicinal<\/a> El pr\u00f3ximo lunes 28\/09, a las 16 hs., en la <a href=\"https:\/\/twitter.com\/LegisCABA?ref_src=twsrc%5Etfw\">@LegisCABA<\/a> comienza el tratamiento en la comisi\u00f3n de salud, del proyecto que presentamos para garantizar el acceso al cannabis medicinal en la ciudad. Estamos venciendo prejuicios, podemos hacer historia. ? ? ?? <a href=\"https:\/\/t.co\/lbN467gUmg\">pic.twitter.com\/lbN467gUmg<\/a><\/p>\u2014 Leandro Halperin (@lehalperin) <a href=\"https:\/\/twitter.com\/lehalperin\/status\/1309104167496056833?ref_src=twsrc%5Etfw\">September 24, 2020<\/a><\/blockquote> <script async=\"\" src=\"https:\/\/platform.twitter.com\/widgets.js\" charset=\"utf-8\"><\/script>\n<\/div><p><br><\/p>\n\n\n\n<p>El texto tambi\u00e9n plantea la adhesi\u00f3n de la Ciudad al r\u00e9gimen establecido en la Ley Nacional N\u00ba 27.350 de <strong>\u201cInvestigaci\u00f3n M\u00e9dica y Cient\u00edfica del Uso Medicinal de la Planta de Cannabis y sus derivados\u201d<\/strong>.<\/p>\n\n\n\n<p>Asimismo plantea la incorporaci\u00f3n al Sistema de Salud P\u00fablica y sus respectivos efectores, hospitales y centros de salud de la Ciudad Aut\u00f3noma de Buenos Aires, as\u00ed como tambi\u00e9n a la Obra Social de la Ciudad de Buenos Aires (Ob.S.B.A.) el medicamento paliativo de Cannabis y sus derivados, de entrega gratuita <strong>\u201cpara el tratamiento m\u00e9dico de convulsiones, crisis motoras, dolores cr\u00f3nicos, n\u00e1useas y v\u00f3mitos derivados de quimioterapia y otras afecciones relacionadas con enfermedades tales como Epilepsia Refractaria, S\u00edndrome de West, C\u00e1ncer, VIII-SIDA, Esclerosis M\u00faltiple, Autismo y enfermedades psiqui\u00e1tricas como Esquizofrenia, entre otras afecciones y patolog\u00edas\u201d<\/strong>.<\/p>\n\n\n\n<p>El proyecto en cuesti\u00f3n tambi\u00e9n legislar\u00eda sobre las investigaciones acerca del cannabis y el desarrollo y producci\u00f3n p\u00fablicos de este medicamento. A su vez crea el registro de cultivadores solidarios, cannabicultores y familias del cannabis.<\/p>\n\n\n\n<p>Al respecto del inicio del debate, Halper\u00edn explic\u00f3 que <em>\u201ctenemos mucha alegr\u00eda, venimos trabajando hace tiempo con familiares que necesitan esta planta para sus seres queridos y mejorar su calidad de vida\u201d<\/em> y record\u00f3 que tambi\u00e9n trabajaron <em>\u201ccon especialistas y cultivadores solidarios que con responsabilidad colaboran con quienes lo necesitan\u201d<\/em>.<\/p>\n\n\n\n<p><em>\u201cEstamos cerca, estamos convencidos que vamos a llegar a buen puerto. Faltan construir los acuerdos que nos quedan por hacer pero estamos seguros de que estamos derribando prejuicios\u201d<\/em>, indic\u00f3 y concluy\u00f3 se\u00f1alando que <em>\u201cestamos protegiendo el derecho a la salud\u201d<\/em>.<\/p>\n\n\n\n<p><br><\/p>\n<div align=\"center\">\n<blockquote class=\"twitter-tweet\"><p lang=\"es\" dir=\"ltr\">Muchas familias cultivan su <a href=\"https:\/\/twitter.com\/hashtag\/CannabisMedicinal?src=hash&amp;ref_src=twsrc%5Etfw\">#CannabisMedicinal<\/a> o el de seres queridos. El Estado las debe proteger, pero las empuja a la ilegalidad. Este lunes comienza el debate en la <a href=\"https:\/\/twitter.com\/LegisCABA?ref_src=twsrc%5Etfw\">@LegisCABA<\/a>. Quedan acuerdos por hacer, prejuicios por derribar, pero estamos cerca y lo podemos lograr. ??? <a href=\"https:\/\/t.co\/zktP6OHRdn\">pic.twitter.com\/zktP6OHRdn<\/a><\/p>\u2014 Leandro Halperin (@lehalperin) <a href=\"https:\/\/twitter.com\/lehalperin\/status\/1310238160887185409?ref_src=twsrc%5Etfw\">September 27, 2020<\/a><\/blockquote> <script async=\"\" src=\"https:\/\/platform.twitter.com\/widgets.js\" charset=\"utf-8\"><\/script>\n<\/div><p><br><\/p>\n\n\n\n<figure class=\"wp-block-image size-large is-resized\"><img loading=\"lazy\" decoding=\"async\" data-attachment-id=\"99\" data-permalink=\"https:\/\/www.comuna13online.com.ar\/?attachment_id=99\" data-orig-file=\"https:\/\/www.comuna13online.com.ar\/wp-content\/uploads\/2017\/12\/line.jpg\" data-orig-size=\"678,1\" data-comments-opened=\"0\" data-image-meta=\"{&quot;aperture&quot;:&quot;0&quot;,&quot;credit&quot;:&quot;&quot;,&quot;camera&quot;:&quot;&quot;,&quot;caption&quot;:&quot;&quot;,&quot;created_timestamp&quot;:&quot;0&quot;,&quot;copyright&quot;:&quot;&quot;,&quot;focal_length&quot;:&quot;0&quot;,&quot;iso&quot;:&quot;0&quot;,&quot;shutter_speed&quot;:&quot;0&quot;,&quot;title&quot;:&quot;&quot;,&quot;orientation&quot;:&quot;0&quot;}\" data-image-title=\"line\" data-image-description=\"\" data-image-caption=\"\" data-large-file=\"https:\/\/www.comuna13online.com.ar\/wp-content\/uploads\/2017\/12\/line.jpg\" src=\"http:\/\/www.comuna13online.com.ar\/wp-content\/uploads\/2017\/12\/line.jpg\" alt=\"\" class=\"wp-image-99\" width=\"678\" height=\"1\" srcset=\"https:\/\/www.comuna13online.com.ar\/wp-content\/uploads\/2017\/12\/line.jpg 678w, https:\/\/www.comuna13online.com.ar\/wp-content\/uploads\/2017\/12\/line-150x1.jpg 150w, https:\/\/www.comuna13online.com.ar\/wp-content\/uploads\/2017\/12\/line-326x1.jpg 326w, https:\/\/www.comuna13online.com.ar\/wp-content\/uploads\/2017\/12\/line-80x1.jpg 80w, https:\/\/www.comuna13online.com.ar\/wp-content\/uploads\/2017\/12\/line-272x1.jpg 272w\" sizes=\"auto, (max-width: 678px) 100vw, 678px\" \/><\/figure>\n\n\n\n<figure class=\"wp-block-image size-full\"><img loading=\"lazy\" decoding=\"async\" width=\"678\" height=\"180\" data-attachment-id=\"8918\" data-permalink=\"https:\/\/www.comuna13online.com.ar\/?attachment_id=8918\" data-orig-file=\"https:\/\/www.comuna13online.com.ar\/wp-content\/uploads\/2020\/04\/corona2.jpg\" data-orig-size=\"678,180\" data-comments-opened=\"0\" data-image-meta=\"{&quot;aperture&quot;:&quot;0&quot;,&quot;credit&quot;:&quot;&quot;,&quot;camera&quot;:&quot;&quot;,&quot;caption&quot;:&quot;&quot;,&quot;created_timestamp&quot;:&quot;0&quot;,&quot;copyright&quot;:&quot;&quot;,&quot;focal_length&quot;:&quot;0&quot;,&quot;iso&quot;:&quot;0&quot;,&quot;shutter_speed&quot;:&quot;0&quot;,&quot;title&quot;:&quot;&quot;,&quot;orientation&quot;:&quot;0&quot;}\" data-image-title=\"corona2\" data-image-description=\"\" data-image-caption=\"\" data-large-file=\"https:\/\/www.comuna13online.com.ar\/wp-content\/uploads\/2020\/04\/corona2.jpg\" src=\"http:\/\/www.comuna13online.com.ar\/wp-content\/uploads\/2020\/04\/corona2.jpg\" alt=\"\" class=\"wp-image-8918\"\/><\/figure>\n","protected":false},"excerpt":{"rendered":"<div class=\"mh-excerpt\">La Comisi\u00f3n de Salud tratar\u00e1 desde hoy una norma que busca brindar un marco regulatorio para el acceso informado y seguro, la investigaci\u00f3n, uso y producci\u00f3n p\u00fablica del cannabis. Buscando <a class=\"mh-excerpt-more\" href=\"https:\/\/www.comuna13online.com.ar\/?p=11568\" title=\"Comienza en la Legislatura el debate acerca del cannabis medicinal\">[&#8230;]<\/a><\/div>\n","protected":false},"author":1,"featured_media":11572,"comment_status":"closed","ping_status":"closed","sticky":false,"template":"","format":"standard","meta":{"_uag_custom_page_level_css":"","_jetpack_memberships_contains_paid_content":false,"footnotes":"","jetpack_publicize_message":"","jetpack_publicize_feature_enabled":true,"jetpack_social_post_already_shared":true,"jetpack_social_options":{"image_generator_settings":{"template":"highway","default_image_id":0,"font":"","enabled":false},"version":2}},"categories":[44],"tags":[250,7],"class_list":{"0":"post-11568","1":"post","2":"type-post","3":"status-publish","4":"format-standard","5":"has-post-thumbnail","7":"category-salud","8":"tag-h2","9":"tag-legislatura"},"jetpack_publicize_connections":[],"jetpack_featured_media_url":"https:\/\/www.comuna13online.com.ar\/wp-content\/uploads\/2020\/09\/20200924a.jpg","uagb_featured_image_src":{"full":["https:\/\/www.comuna13online.com.ar\/wp-content\/uploads\/2020\/09\/20200924a.jpg",678,452,false],"thumbnail":["https:\/\/www.comuna13online.com.ar\/wp-content\/uploads\/2020\/09\/20200924a-150x150.jpg",96,96,true],"medium":["https:\/\/www.comuna13online.com.ar\/wp-content\/uploads\/2020\/09\/20200924a-678x452.jpg",678,452,true],"medium_large":["https:\/\/www.comuna13online.com.ar\/wp-content\/uploads\/2020\/09\/20200924a.jpg",678,452,false],"large":["https:\/\/www.comuna13online.com.ar\/wp-content\/uploads\/2020\/09\/20200924a.jpg",678,452,false],"1536x1536":["https:\/\/www.comuna13online.com.ar\/wp-content\/uploads\/2020\/09\/20200924a.jpg",678,452,false],"2048x2048":["https:\/\/www.comuna13online.com.ar\/wp-content\/uploads\/2020\/09\/20200924a.jpg",678,452,false],"mh-magazine-slider":["https:\/\/www.comuna13online.com.ar\/wp-content\/uploads\/2020\/09\/20200924a-678x438.jpg",678,438,true],"mh-magazine-content":["https:\/\/www.comuna13online.com.ar\/wp-content\/uploads\/2020\/09\/20200924a-678x381.jpg",678,381,true],"mh-magazine-large":["https:\/\/www.comuna13online.com.ar\/wp-content\/uploads\/2020\/09\/20200924a.jpg",678,452,false],"mh-magazine-medium":["https:\/\/www.comuna13online.com.ar\/wp-content\/uploads\/2020\/09\/20200924a-326x245.jpg",326,245,true],"mh-magazine-small":["https:\/\/www.comuna13online.com.ar\/wp-content\/uploads\/2020\/09\/20200924a-80x60.jpg",80,60,true],"sow-carousel-default":["https:\/\/www.comuna13online.com.ar\/wp-content\/uploads\/2020\/09\/20200924a-272x182.jpg",272,182,true]},"uagb_author_info":{"display_name":"Comuna13","author_link":"https:\/\/www.comuna13online.com.ar\/?author=1"},"uagb_comment_info":0,"uagb_excerpt":"La Comisi\u00f3n de Salud tratar\u00e1 desde hoy una norma que busca brindar un marco regulatorio para el acceso informado y seguro, la investigaci\u00f3n, uso y producci\u00f3n p\u00fablica del cannabis. Buscando [...]","jetpack_sharing_enabled":true,"_links":{"self":[{"href":"https:\/\/www.comuna13online.com.ar\/index.php?rest_route=\/wp\/v2\/posts\/11568","targetHints":{"allow":["GET"]}}],"collection":[{"href":"https:\/\/www.comuna13online.com.ar\/index.php?rest_route=\/wp\/v2\/posts"}],"about":[{"href":"https:\/\/www.comuna13online.com.ar\/index.php?rest_route=\/wp\/v2\/types\/post"}],"author":[{"embeddable":true,"href":"https:\/\/www.comuna13online.com.ar\/index.php?rest_route=\/wp\/v2\/users\/1"}],"replies":[{"embeddable":true,"href":"https:\/\/www.comuna13online.com.ar\/index.php?rest_route=%2Fwp%2Fv2%2Fcomments&post=11568"}],"version-history":[{"count":0,"href":"https:\/\/www.comuna13online.com.ar\/index.php?rest_route=\/wp\/v2\/posts\/11568\/revisions"}],"wp:featuredmedia":[{"embeddable":true,"href":"https:\/\/www.comuna13online.com.ar\/index.php?rest_route=\/wp\/v2\/media\/11572"}],"wp:attachment":[{"href":"https:\/\/www.comuna13online.com.ar\/index.php?rest_route=%2Fwp%2Fv2%2Fmedia&parent=11568"}],"wp:term":[{"taxonomy":"category","embeddable":true,"href":"https:\/\/www.comuna13online.com.ar\/index.php?rest_route=%2Fwp%2Fv2%2Fcategories&post=11568"},{"taxonomy":"post_tag","embeddable":true,"href":"https:\/\/www.comuna13online.com.ar\/index.php?rest_route=%2Fwp%2Fv2%2Ftags&post=11568"}],"curies":[{"name":"wp","href":"https:\/\/api.w.org\/{rel}","templated":true}]}}