{"id":11554,"date":"2020-09-28T13:08:45","date_gmt":"2020-09-28T16:08:45","guid":{"rendered":"http:\/\/www.comuna13online.com.ar\/?p=11554"},"modified":"2020-09-28T13:15:46","modified_gmt":"2020-09-28T16:15:46","slug":"el-ministerio-de-salud-porteno-brindo-detalles-sobre-la-situacion-sanitaria-12","status":"publish","type":"post","link":"https:\/\/www.comuna13online.com.ar\/?p=11554","title":{"rendered":"El Ministerio de Salud porte\u00f1o brind\u00f3 detalles sobre la situaci\u00f3n sanitaria"},"content":{"rendered":"\n<p><strong>Fern\u00e1n Quir\u00f3s brindo el informe sobre la situaci\u00f3n sanitaria en la Ciudad, resalt\u00f3 la baja en los contagios y respald\u00f3 la actualizaci\u00f3n de datos sobre fallecidos en la Provincia.<\/strong><\/p>\n\n\n\n<figure class=\"wp-block-image size-large\"><img loading=\"lazy\" decoding=\"async\" width=\"678\" height=\"452\" data-attachment-id=\"11558\" data-permalink=\"https:\/\/www.comuna13online.com.ar\/?attachment_id=11558\" data-orig-file=\"https:\/\/www.comuna13online.com.ar\/wp-content\/uploads\/2020\/09\/20200928c1.jpg\" data-orig-size=\"678,452\" data-comments-opened=\"0\" data-image-meta=\"{&quot;aperture&quot;:&quot;0&quot;,&quot;credit&quot;:&quot;&quot;,&quot;camera&quot;:&quot;&quot;,&quot;caption&quot;:&quot;&quot;,&quot;created_timestamp&quot;:&quot;0&quot;,&quot;copyright&quot;:&quot;&quot;,&quot;focal_length&quot;:&quot;0&quot;,&quot;iso&quot;:&quot;0&quot;,&quot;shutter_speed&quot;:&quot;0&quot;,&quot;title&quot;:&quot;&quot;,&quot;orientation&quot;:&quot;0&quot;}\" data-image-title=\"20200928c1\" data-image-description=\"\" data-image-caption=\"\" data-large-file=\"https:\/\/www.comuna13online.com.ar\/wp-content\/uploads\/2020\/09\/20200928c1.jpg\" src=\"http:\/\/www.comuna13online.com.ar\/wp-content\/uploads\/2020\/09\/20200928c1.jpg\" alt=\"\" class=\"wp-image-11558\" srcset=\"https:\/\/www.comuna13online.com.ar\/wp-content\/uploads\/2020\/09\/20200928c1.jpg 678w, https:\/\/www.comuna13online.com.ar\/wp-content\/uploads\/2020\/09\/20200928c1-272x182.jpg 272w\" sizes=\"auto, (max-width: 678px) 100vw, 678px\" \/><figcaption><span style=\"color:#676767\" class=\"has-inline-color\"><sup><strong>Fern\u00e1n Quir\u00f3s, Ministro de Salud de la Ciudad de Buenos Aires.<\/strong><\/sup><\/span><\/figcaption><\/figure>\n\n\n\n<p>El Ministro de Salud de la Ciudad, Fern\u00e1n Quir\u00f3s, se refiri\u00f3 sobre la demora en la carga de datos en la Provincia y defendi\u00f3 a sus pares bonaerenses&nbsp;tras las cr\u00edticas formuladas desde algunos sectores <em><strong>\u201cesta pandemia que tiene una magnitud que sobrepasa la capacidad de todos\u201d<\/strong><\/em> sostuvo.<\/p>\n\n\n\n<p><em>\u201cLo que han encontrado es una magnitud en la demora mayor al promedio y han buscado una metodolog\u00eda para ver d\u00f3nde est\u00e1 esa demora\u201d<\/em>, indic\u00f3 Quir\u00f3s, quien adem\u00e1s afirm\u00f3 que fue <em>\u201cuna tarea de muy buena calidad y muy bien hecha\u201d<\/em>.<\/p>\n\n\n\n<p><strong><em>\u201cSignifica que han encontrado una manera de identificar los faltantes, pero eso no signfica un cambio de metodolog\u00eda, porque una vez identificados los faltantes hay que sentarse con el SISA y cargar otra vez los datos\u201d<\/em><\/strong>, agreg\u00f3.<\/p>\n\n\n\n<p><strong><em>\u201cUna cosa es cargar los datos de una enfermedad end\u00e9mica, como puede ser la tuberculosis, que tiene una cantidad determinada de casos por a\u00f1o y otra cosa es esta pandemia que tiene una magnitud que sobrepasa la capacidad de todos los efectores de cargar los datos\u201d<\/em><\/strong>, dijo Quir\u00f3s.<\/p>\n\n\n\n<p>Al ser consultado sobre lo que ocurri\u00f3 en la provincia de Buenos Aires que, al implementar un nuevo sistema de \u201cbases integradas\u201d para el recuento de casos de coronavirus, se sumaron 3.500 decesos que a\u00fan no hab\u00edan sido cargados.<\/p>\n\n\n\n<p>Quir\u00f3s defendi\u00f3 el actual reporte del Ministerio de Salud de Naci\u00f3n para informar enfermedades, el SISA, y sostuvo que <em>\u201cen un momento de pandemia significa un sobreesfuerzo importante\u201d<\/em>, la carga de esos n\u00fameros y manifest\u00f3 estar \u201cde acuerdo\u201d acerca de la necesidad de cambiar el sistema de recuento de fallecidos.<\/p>\n\n\n\n<p><strong><em>\u201cTodos tenemos que trabajar todo el tiempo para mejorar el reporte, para mantenerlo lo m\u00e1s actualizado posible, y todas las ideas y propuestas que escuchemos para hacerlo mejor las vamos a tomar en cuenta\u201d<\/em><\/strong>, asegur\u00f3 el funcionario.<\/p>\n\n\n\n<h3 class=\"wp-block-heading\">Brindaron detalles sobre la situaci\u00f3n sanitaria<\/h3>\n\n\n\n<p>Participaron el ministro de Salud porte\u00f1o, Fern\u00e1n Quir\u00f3s, el subsecretario de Atenci\u00f3n Primaria, Gabriel Battistella, y la directora general de Planificaci\u00f3n Operativa, Paula Zingoni.<\/p>\n\n\n\n<p><br><\/p>\n<div align=\"center\">\n<blockquote class=\"twitter-tweet\"><p lang=\"es\" dir=\"ltr\">[AHORA] Anunciamos la \u00faltima informaci\u00f3n sanitaria de la Ciudad junto a Gabriel Battistella y Paula Zingoni. <a href=\"https:\/\/t.co\/yiGhIQXwpi\">https:\/\/t.co\/yiGhIQXwpi<\/a><\/p>\u2014 Fern\u00e1n Quir\u00f3s (@FernanQuirosBA) <a href=\"https:\/\/twitter.com\/FernanQuirosBA\/status\/1310535691239976960?ref_src=twsrc%5Etfw\">September 28, 2020<\/a><\/blockquote> <script async=\"\" src=\"https:\/\/platform.twitter.com\/widgets.js\" charset=\"utf-8\"><\/script>\n<\/div><p><br><\/p>\n\n\n\n<p>Quir\u00f3s inform\u00f3 que<strong> \u201cal d\u00eda de hoy hemos confirmado 123.717 casos, hemos logrado recuperar 99.145 personas, han fallecido 3.399, lo que hace una tasa de letalidad del 2,7%\u201d<\/strong>.<\/p>\n\n\n\n<p>Adem\u00e1s, dijo que <strong>\u201chemos alcanzado a testear 534.559 personas en la Ciudad, el 60,4% fue a residentes, la tasa de positividad es de 39% y hemos alcanzado 10.499 test cada 100.000 habitantes\u201d<\/strong>.<\/p>\n\n\n\n<p>En relaci\u00f3n al Plan DetectAR, Battistella dijo que <strong>\u201cya llegamos a 85.815 personas testeadas, de los cuales 26.967 fueron positivos\u201d<\/strong>.<\/p>\n\n\n\n<figure class=\"wp-block-image size-large is-resized\"><img loading=\"lazy\" decoding=\"async\" data-attachment-id=\"99\" data-permalink=\"https:\/\/www.comuna13online.com.ar\/?attachment_id=99\" data-orig-file=\"https:\/\/www.comuna13online.com.ar\/wp-content\/uploads\/2017\/12\/line.jpg\" data-orig-size=\"678,1\" data-comments-opened=\"0\" data-image-meta=\"{&quot;aperture&quot;:&quot;0&quot;,&quot;credit&quot;:&quot;&quot;,&quot;camera&quot;:&quot;&quot;,&quot;caption&quot;:&quot;&quot;,&quot;created_timestamp&quot;:&quot;0&quot;,&quot;copyright&quot;:&quot;&quot;,&quot;focal_length&quot;:&quot;0&quot;,&quot;iso&quot;:&quot;0&quot;,&quot;shutter_speed&quot;:&quot;0&quot;,&quot;title&quot;:&quot;&quot;,&quot;orientation&quot;:&quot;0&quot;}\" data-image-title=\"line\" data-image-description=\"\" data-image-caption=\"\" data-large-file=\"https:\/\/www.comuna13online.com.ar\/wp-content\/uploads\/2017\/12\/line.jpg\" src=\"http:\/\/www.comuna13online.com.ar\/wp-content\/uploads\/2017\/12\/line.jpg\" alt=\"\" class=\"wp-image-99\" width=\"339\" height=\"1\" srcset=\"https:\/\/www.comuna13online.com.ar\/wp-content\/uploads\/2017\/12\/line.jpg 678w, https:\/\/www.comuna13online.com.ar\/wp-content\/uploads\/2017\/12\/line-150x1.jpg 150w, https:\/\/www.comuna13online.com.ar\/wp-content\/uploads\/2017\/12\/line-326x1.jpg 326w, https:\/\/www.comuna13online.com.ar\/wp-content\/uploads\/2017\/12\/line-80x1.jpg 80w, https:\/\/www.comuna13online.com.ar\/wp-content\/uploads\/2017\/12\/line-272x1.jpg 272w\" sizes=\"auto, (max-width: 339px) 100vw, 339px\" \/><\/figure>\n\n\n\n<h4 class=\"wp-block-heading\"><strong>DetectAR M\u00f3vil en la Comuna<\/strong> 13<\/h4>\n\n\n\n<p>El Operativo Detectar contin\u00faa con su tarea de reforzar los testeos a los vecinos para encontrar casos de coronavirus y frenar futuros contagios en la Ciudad, en los barrios de nuestra Comuna, el resultado fue:<\/p>\n\n\n\n<p><strong>Belgrano y Colegiales (inici\u00f3 el 30 de julio)<\/strong><br>Personas hisopadas: 2.165.<br>Positivos: 186.<\/p>\n\n\n\n<p><strong>N\u00fa\u00f1ez (inici\u00f3 el 10 de agosto)<\/strong><br>Personas hisopadas: 156.<br>Positivos: 19<\/p>\n\n\n\n<h4 class=\"wp-block-heading\">Barrios vulnerables<\/h4>\n\n\n\n<p>Estos son los barrios vulnerables en los que est\u00e1 presente el Operativo DetectAR: Barrio 31, Barrio 1-11-14, Barrio 21-24, Barrio 15, Barrio 20, Barrio Carrillo y Barrio Rodrigo Bueno.<\/p>\n\n\n\n<p>Y estos son los barrios en los que est\u00e1 presente el DetectAR M\u00f3vil: Balvanera, Flores, La Boca, Constituci\u00f3n, Barracas, Almagro, Palermo, Nueva Pompeya, Soldati, La Paternal, Chacarita, Parque Chacabuco, Boedo, San Crist\u00f3bal, Mataderos, Recoleta, San Telmo, Caballito, Villa Lugano, Villa Riachuelo, Parque Avellaneda, Villa Ort\u00fazar, Parque Chas, Belgrano, Colegiales, Coghlan, Villa Urquiza, Villa Crespo, N\u00fa\u00f1ez, Saavedra y Parque Patricios.<\/p>\n\n\n\n<p>Battistella agreg\u00f3 que <strong>\u201cen relaci\u00f3n a los barrios vulnerables llevamos 16.368 casos, con 10.898 altas institucionales, han fallecido 225 personas, lo que arroja una tasa de letalidad del 1,3%\u201d<\/strong>.<\/p>\n\n\n\n<p>Zingoni precis\u00f3 que en cuanto a los geri\u00e1tricos <strong>\u201cllevamos realizados 18.539 test, hemos confirmado 4.785 casos, se han recuperado 3.476 personas, y han fallecido 639\u201d<\/strong>.<\/p>\n\n\n\n<p>En cuanto a los testeos totales a personal de salud, geri\u00e1tricos, fuerzas de seguridad, desarrollo humano y transporte, la funcionaria se\u00f1al\u00f3 que <strong>\u201cllevamos realizados 559.217 test, de los cuales han dado positivo 22.150, con 6.439 PCR positivas, y una tasa de test cada 100.000 habitantes de 18.640\u201d<\/strong>.<br><span class=\"has-inline-color has-white-color\">:<\/span><\/p>\n\n\n\n<h3 class=\"has-cyan-bluish-gray-background-color has-background wp-block-heading\"><strong>Campa\u00f1a de vacunaci\u00f3n obligatoria y gratuita para ni\u00f1os y ni\u00f1as de 5, 6 y 11 a\u00f1os:<\/strong><\/h3>\n\n\n\n<p>Desde el&nbsp;<strong>mi\u00e9rcoles 23 de septiembre&nbsp;hasta el martes 6 de octubre <\/strong>se lleva a cabo la campa\u00f1a de vacunaci\u00f3n gratuita y obligatoria para ni\u00f1as y ni\u00f1os de 5, 6, 11 a\u00f1os que normalmente recib\u00edan las vacunas en la escuela. Este a\u00f1o tendr\u00e1n la posibilidad de asistir&nbsp;<strong>sin orden m\u00e9dica y presentando el carnet de vacunaci\u00f3n<\/strong>&nbsp;en centros de salud, vacunatorios de hospitales p\u00fablicos o postas de vacunaci\u00f3n instaladas en toda la Ciudad.<\/p>\n\n\n\n<figure class=\"wp-block-image size-large\"><img loading=\"lazy\" decoding=\"async\" width=\"678\" height=\"289\" data-attachment-id=\"11501\" data-permalink=\"https:\/\/www.comuna13online.com.ar\/?attachment_id=11501\" data-orig-file=\"https:\/\/www.comuna13online.com.ar\/wp-content\/uploads\/2020\/09\/20200922a.gif\" data-orig-size=\"678,289\" data-comments-opened=\"0\" data-image-meta=\"{&quot;aperture&quot;:&quot;0&quot;,&quot;credit&quot;:&quot;&quot;,&quot;camera&quot;:&quot;&quot;,&quot;caption&quot;:&quot;&quot;,&quot;created_timestamp&quot;:&quot;0&quot;,&quot;copyright&quot;:&quot;&quot;,&quot;focal_length&quot;:&quot;0&quot;,&quot;iso&quot;:&quot;0&quot;,&quot;shutter_speed&quot;:&quot;0&quot;,&quot;title&quot;:&quot;&quot;,&quot;orientation&quot;:&quot;0&quot;}\" data-image-title=\"20200922a\" data-image-description=\"\" data-image-caption=\"\" data-large-file=\"https:\/\/www.comuna13online.com.ar\/wp-content\/uploads\/2020\/09\/20200922a.gif\" src=\"http:\/\/www.comuna13online.com.ar\/wp-content\/uploads\/2020\/09\/20200922a.gif\" alt=\"\" class=\"wp-image-11501\"\/><\/figure>\n\n\n\n<p><\/p>\n\n\n\n<p>Para evitar la aglomeraci\u00f3n de personas, la convocatoria se har\u00e1 seg\u00fan el&nbsp;<strong>\u00faltimo d\u00edgito del DNI de los ni\u00f1os y las ni\u00f1as, comenzando con los que terminen en cero, presentando el carnet de vacunaci\u00f3n<\/strong>.<\/p>\n\n\n\n<p>Se cumplir\u00e1n con todas las medidas de bioseguridad en los efectores para el cuidado de la salud.&nbsp;<strong>Los mayores de 6 a\u00f1os deber\u00e1n concurrir con tapaboca y se deber\u00e1 respetar el distanciamiento recomendado de 1.5 metros entre personas.<\/strong><\/p>\n\n\n\n<p>A partir del&nbsp;<strong>7 de octubre<\/strong>&nbsp;se abre un llamado a remanentes o quienes no hayan podido asistir el d\u00eda que les correspond\u00eda, durante 5 d\u00edas h\u00e1biles y se citar\u00e1n a dos \u00faltimos d\u00edgitos del DNI por d\u00eda.<\/p>\n\n\n\n<p>*Aquellos que cuenten con varios ni\u00f1os o ni\u00f1as a cargo, pueden llevarlos juntos eligiendo el \u00faltimo d\u00edgito del n\u00famero de DNI de alguno de ellos.<\/p>\n\n\n\n<h4 class=\"wp-block-heading\">Cronograma de vacunaci\u00f3n<br><span class=\"has-inline-color has-white-color\">.<\/span><\/h4>\n\n\n\n<figure class=\"wp-block-table\"><table><thead><tr><th>D\u00eda<\/th><th>\u00daltimo d\u00edgito del DNI del ni\u00f1o o ni\u00f1a<\/th><\/tr><\/thead><tbody><tr><td>23\/09<\/td><td>0<\/td><\/tr><tr><td>24\/09<\/td><td>1<\/td><\/tr><tr><td>25\/09<\/td><td>2<\/td><\/tr><tr><td>28\/09<\/td><td>3<\/td><\/tr><tr><td>29\/09<\/td><td>4<\/td><\/tr><tr><td>30\/09<\/td><td>5<\/td><\/tr><tr><td>01\/10<\/td><td>6<\/td><\/tr><tr><td>02\/10<\/td><td>7<\/td><\/tr><tr><td>05\/10<\/td><td>8<\/td><\/tr><tr><td>06\/10<\/td><td>9<\/td><\/tr><tr><td>07\/10<\/td><td>0 y 1<\/td><\/tr><tr><td>08\/10<\/td><td>2 y 3<\/td><\/tr><tr><td>09\/10<\/td><td>4 y 5<\/td><\/tr><tr><td>13\/10<\/td><td>6 y 7<\/td><\/tr><tr><td>14\/10<\/td><td>8 y 9<\/td><\/tr><\/tbody><\/table><figcaption><span class=\"has-inline-color has-white-color\">&#8230;.<\/span><\/figcaption><\/figure>\n\n\n\n<h4 class=\"wp-block-heading\"><strong>Calendario vacunaci\u00f3n 2020<\/strong>:<\/h4>\n\n\n\n<figure class=\"wp-block-image size-large\"><img loading=\"lazy\" decoding=\"async\" width=\"678\" height=\"407\" data-attachment-id=\"11504\" data-permalink=\"https:\/\/www.comuna13online.com.ar\/?attachment_id=11504\" data-orig-file=\"https:\/\/www.comuna13online.com.ar\/wp-content\/uploads\/2020\/09\/calendario-vacunacion-1.gif\" data-orig-size=\"678,407\" data-comments-opened=\"0\" data-image-meta=\"{&quot;aperture&quot;:&quot;0&quot;,&quot;credit&quot;:&quot;&quot;,&quot;camera&quot;:&quot;&quot;,&quot;caption&quot;:&quot;&quot;,&quot;created_timestamp&quot;:&quot;0&quot;,&quot;copyright&quot;:&quot;&quot;,&quot;focal_length&quot;:&quot;0&quot;,&quot;iso&quot;:&quot;0&quot;,&quot;shutter_speed&quot;:&quot;0&quot;,&quot;title&quot;:&quot;&quot;,&quot;orientation&quot;:&quot;0&quot;}\" data-image-title=\"calendario-vacunacion-1\" data-image-description=\"\" data-image-caption=\"\" data-large-file=\"https:\/\/www.comuna13online.com.ar\/wp-content\/uploads\/2020\/09\/calendario-vacunacion-1.gif\" src=\"http:\/\/www.comuna13online.com.ar\/wp-content\/uploads\/2020\/09\/calendario-vacunacion-1.gif\" alt=\"\" class=\"wp-image-11504\"\/><figcaption><sup><a href=\"http:\/\/www.comuna13online.com.ar\/wp-content\/uploads\/2020\/09\/calendarios-web.pdf\" target=\"_blank\" rel=\"noreferrer noopener\">Descargar calendario vacunaci\u00f3n 2020<\/a><\/sup><\/figcaption><\/figure>\n\n\n\n<h4 class=\"wp-block-heading\"><strong>Importante:<\/strong><\/h4>\n\n\n\n<ul class=\"wp-block-list\"><li>No es necesario una orden m\u00e9dica. Los \u00fanicos requisitos son presentar el DNI del menor y el carnet de vacunaci\u00f3n.<\/li><li>Con el objetivo de prevenir la concentraci\u00f3n de personas en un solo d\u00eda, la convocatoria se realizar\u00e1 teniendo en cuenta el \u00faltimo n\u00famero del DNI, de manera progresiva, hasta el 6 de octubre.<\/li><li>El 23 de septiembre podr\u00e1n asistir aquellos con DNI finalizado en 0, el 24 en 1, y as\u00ed sucesivamente.<\/li><li>A partir del 7 de octubre se abrir\u00e1 un nuevo llamado durante 5 d\u00edas h\u00e1biles para quienes no hayan podido asistir el d\u00eda indicado, y se citar\u00e1n a los dos \u00faltimos d\u00edgitos del DNI por d\u00eda.<\/li><li>En todo momento se cumplir\u00e1n con las medidas de bioseguridad correspondientes detalladas en los protocolos sanitarios para cuidar tanto al personal de salud como a todas las familias.<\/li><li>Los mayores de 6 a\u00f1os deber\u00e1n usar tapaboca y se deber\u00e1 respetar el distanciamiento m\u00ednimo de 1,5 metro entre personas.<\/li><li>Detalle de las vacunas<\/li><li>Chicos de 5 y 6: Triple viral, triple bacteriana, Salk.<\/li><li>Chicos de 11 a\u00f1os: Vacuna contra el virus del Papiloma Humano (HPV), Triple Bacteriana acelular, Vacuna contra el meningococo.<\/li><li>Para m\u00e1s informaci\u00f3n sobre d\u00edas, horarios y puntos disponibles: buenosaires.gob.ar\/vacunacion.<\/li><\/ul>\n\n\n\n<p><br><\/p>\n<div align=\"center\">\n<blockquote class=\"twitter-tweet\"><p lang=\"es\" dir=\"ltr\">El mi\u00e9rcoles 23 de septiembre comienza la campa\u00f1a de vacunaci\u00f3n gratuita y obligatoria para ni\u00f1as y ni\u00f1os de 5, 6 y 11 a\u00f1os. Van a poder acercarse presentando el carnet de vacunaci\u00f3n. Para m\u00e1s informaci\u00f3n pod\u00e9s hacer clic debajo del video ?<\/p>\u2014 Buenos Aires Ciudad ??\u200d\u2642\ufe0f\u2194\ufe0f??\u200d\u2640\ufe0f (@gcba) <a href=\"https:\/\/twitter.com\/gcba\/status\/1308106529254641666?ref_src=twsrc%5Etfw\">September 21, 2020<\/a><\/blockquote> <script async=\"\" src=\"https:\/\/platform.twitter.com\/widgets.js\" charset=\"utf-8\"><\/script>\n<\/div><p><br><\/p>\n\n\n\n<h3 class=\"has-cyan-bluish-gray-background-color has-background wp-block-heading\">Hospitales y centros de salud:<\/h3>\n\n\n\n<p class=\"has-text-align-center\"><strong>Los lugares extrahospitalarios donde se aplicar\u00e1 la vacuna funcionar\u00e1n de 9 a 14 hs<\/strong>.<\/p>\n\n\n\n<h3 class=\"wp-block-heading\"><strong>En la Comuna 13:<\/strong><\/h3>\n\n\n\n<h4 class=\"wp-block-heading\"><strong>Belgrano<\/strong><\/h4>\n\n\n\n<ul class=\"wp-block-list\"><li>Jard\u00edn de Infantes Integral N\u00b001\/10. Athos Palma &#8211;&nbsp;<a rel=\"noreferrer noopener\" href=\"https:\/\/mapa.buenosaires.gob.ar\/comollego?hasta=SUCRE,+ANTONIO+JOSE+DE,+MCAL.+2284\" target=\"_blank\">Sucre, Antonio Jose De, Mcal. 2284<\/a><\/li><\/ul>\n\n\n\n<h4 class=\"wp-block-heading\"><strong>Colegiales<\/strong><\/h4>\n\n\n\n<ul class=\"wp-block-list\"><li>Jard\u00edn de Infantes Com\u00fan N\u00b009\/09. &#8211;&nbsp;<a href=\"https:\/\/mapa.buenosaires.gob.ar\/comollego?hasta=MOLDES+1220\" target=\"_blank\" rel=\"noreferrer noopener\">Moldes 1220<\/a><\/li><\/ul>\n\n\n\n<p><\/p>\n\n\n\n<figure class=\"wp-block-image size-large is-resized\"><img loading=\"lazy\" decoding=\"async\" data-attachment-id=\"99\" data-permalink=\"https:\/\/www.comuna13online.com.ar\/?attachment_id=99\" data-orig-file=\"https:\/\/www.comuna13online.com.ar\/wp-content\/uploads\/2017\/12\/line.jpg\" data-orig-size=\"678,1\" data-comments-opened=\"0\" data-image-meta=\"{&quot;aperture&quot;:&quot;0&quot;,&quot;credit&quot;:&quot;&quot;,&quot;camera&quot;:&quot;&quot;,&quot;caption&quot;:&quot;&quot;,&quot;created_timestamp&quot;:&quot;0&quot;,&quot;copyright&quot;:&quot;&quot;,&quot;focal_length&quot;:&quot;0&quot;,&quot;iso&quot;:&quot;0&quot;,&quot;shutter_speed&quot;:&quot;0&quot;,&quot;title&quot;:&quot;&quot;,&quot;orientation&quot;:&quot;0&quot;}\" data-image-title=\"line\" data-image-description=\"\" data-image-caption=\"\" data-large-file=\"https:\/\/www.comuna13online.com.ar\/wp-content\/uploads\/2017\/12\/line.jpg\" src=\"http:\/\/www.comuna13online.com.ar\/wp-content\/uploads\/2017\/12\/line.jpg\" alt=\"\" class=\"wp-image-99\" width=\"678\" height=\"1\" srcset=\"https:\/\/www.comuna13online.com.ar\/wp-content\/uploads\/2017\/12\/line.jpg 678w, https:\/\/www.comuna13online.com.ar\/wp-content\/uploads\/2017\/12\/line-150x1.jpg 150w, https:\/\/www.comuna13online.com.ar\/wp-content\/uploads\/2017\/12\/line-326x1.jpg 326w, https:\/\/www.comuna13online.com.ar\/wp-content\/uploads\/2017\/12\/line-80x1.jpg 80w, https:\/\/www.comuna13online.com.ar\/wp-content\/uploads\/2017\/12\/line-272x1.jpg 272w\" sizes=\"auto, (max-width: 678px) 100vw, 678px\" \/><\/figure>\n\n\n\n<figure class=\"wp-block-image size-full\"><img loading=\"lazy\" decoding=\"async\" width=\"678\" height=\"180\" data-attachment-id=\"8918\" data-permalink=\"https:\/\/www.comuna13online.com.ar\/?attachment_id=8918\" data-orig-file=\"https:\/\/www.comuna13online.com.ar\/wp-content\/uploads\/2020\/04\/corona2.jpg\" data-orig-size=\"678,180\" data-comments-opened=\"0\" data-image-meta=\"{&quot;aperture&quot;:&quot;0&quot;,&quot;credit&quot;:&quot;&quot;,&quot;camera&quot;:&quot;&quot;,&quot;caption&quot;:&quot;&quot;,&quot;created_timestamp&quot;:&quot;0&quot;,&quot;copyright&quot;:&quot;&quot;,&quot;focal_length&quot;:&quot;0&quot;,&quot;iso&quot;:&quot;0&quot;,&quot;shutter_speed&quot;:&quot;0&quot;,&quot;title&quot;:&quot;&quot;,&quot;orientation&quot;:&quot;0&quot;}\" data-image-title=\"corona2\" data-image-description=\"\" data-image-caption=\"\" data-large-file=\"https:\/\/www.comuna13online.com.ar\/wp-content\/uploads\/2020\/04\/corona2.jpg\" src=\"http:\/\/www.comuna13online.com.ar\/wp-content\/uploads\/2020\/04\/corona2.jpg\" alt=\"\" class=\"wp-image-8918\"\/><\/figure>\n","protected":false},"excerpt":{"rendered":"<div class=\"mh-excerpt\">Fern\u00e1n Quir\u00f3s brindo el informe sobre la situaci\u00f3n sanitaria en la Ciudad, resalt\u00f3 la baja en los contagios y respald\u00f3 la actualizaci\u00f3n de datos sobre fallecidos en la Provincia. El <a class=\"mh-excerpt-more\" href=\"https:\/\/www.comuna13online.com.ar\/?p=11554\" title=\"El Ministerio de Salud porte\u00f1o brind\u00f3 detalles sobre la situaci\u00f3n sanitaria\">[&#8230;]<\/a><\/div>\n","protected":false},"author":1,"featured_media":11559,"comment_status":"closed","ping_status":"closed","sticky":false,"template":"","format":"standard","meta":{"_uag_custom_page_level_css":"","_jetpack_memberships_contains_paid_content":false,"footnotes":"","jetpack_publicize_message":"","jetpack_publicize_feature_enabled":true,"jetpack_social_post_already_shared":true,"jetpack_social_options":{"image_generator_settings":{"template":"highway","default_image_id":0,"font":"","enabled":false},"version":2}},"categories":[269],"tags":[271,246,250,45],"class_list":{"0":"post-11554","1":"post","2":"type-post","3":"status-publish","4":"format-standard","5":"has-post-thumbnail","7":"category-coronavirus","8":"tag-coronavirus","9":"tag-h1","10":"tag-h2","11":"tag-salud"},"jetpack_publicize_connections":[],"jetpack_featured_media_url":"https:\/\/www.comuna13online.com.ar\/wp-content\/uploads\/2020\/09\/20200928c.jpg","uagb_featured_image_src":{"full":["https:\/\/www.comuna13online.com.ar\/wp-content\/uploads\/2020\/09\/20200928c.jpg",1030,438,false],"thumbnail":["https:\/\/www.comuna13online.com.ar\/wp-content\/uploads\/2020\/09\/20200928c-150x150.jpg",96,96,true],"medium":["https:\/\/www.comuna13online.com.ar\/wp-content\/uploads\/2020\/09\/20200928c-678x288.jpg",678,288,true],"medium_large":["https:\/\/www.comuna13online.com.ar\/wp-content\/uploads\/2020\/09\/20200928c-768x327.jpg",768,327,true],"large":["https:\/\/www.comuna13online.com.ar\/wp-content\/uploads\/2020\/09\/20200928c.jpg",1030,438,false],"1536x1536":["https:\/\/www.comuna13online.com.ar\/wp-content\/uploads\/2020\/09\/20200928c.jpg",1030,438,false],"2048x2048":["https:\/\/www.comuna13online.com.ar\/wp-content\/uploads\/2020\/09\/20200928c.jpg",1030,438,false],"mh-magazine-slider":["https:\/\/www.comuna13online.com.ar\/wp-content\/uploads\/2020\/09\/20200928c-1030x438.jpg",1030,438,true],"mh-magazine-content":["https:\/\/www.comuna13online.com.ar\/wp-content\/uploads\/2020\/09\/20200928c-678x381.jpg",678,381,true],"mh-magazine-large":["https:\/\/www.comuna13online.com.ar\/wp-content\/uploads\/2020\/09\/20200928c-678x438.jpg",678,438,true],"mh-magazine-medium":["https:\/\/www.comuna13online.com.ar\/wp-content\/uploads\/2020\/09\/20200928c-326x245.jpg",326,245,true],"mh-magazine-small":["https:\/\/www.comuna13online.com.ar\/wp-content\/uploads\/2020\/09\/20200928c-80x60.jpg",80,60,true],"sow-carousel-default":["https:\/\/www.comuna13online.com.ar\/wp-content\/uploads\/2020\/09\/20200928c-272x182.jpg",272,182,true]},"uagb_author_info":{"display_name":"Comuna13","author_link":"https:\/\/www.comuna13online.com.ar\/?author=1"},"uagb_comment_info":0,"uagb_excerpt":"Fern\u00e1n Quir\u00f3s brindo el informe sobre la situaci\u00f3n sanitaria en la Ciudad, resalt\u00f3 la baja en los contagios y respald\u00f3 la actualizaci\u00f3n de datos sobre fallecidos en la Provincia. El [...]","jetpack_sharing_enabled":true,"_links":{"self":[{"href":"https:\/\/www.comuna13online.com.ar\/index.php?rest_route=\/wp\/v2\/posts\/11554","targetHints":{"allow":["GET"]}}],"collection":[{"href":"https:\/\/www.comuna13online.com.ar\/index.php?rest_route=\/wp\/v2\/posts"}],"about":[{"href":"https:\/\/www.comuna13online.com.ar\/index.php?rest_route=\/wp\/v2\/types\/post"}],"author":[{"embeddable":true,"href":"https:\/\/www.comuna13online.com.ar\/index.php?rest_route=\/wp\/v2\/users\/1"}],"replies":[{"embeddable":true,"href":"https:\/\/www.comuna13online.com.ar\/index.php?rest_route=%2Fwp%2Fv2%2Fcomments&post=11554"}],"version-history":[{"count":0,"href":"https:\/\/www.comuna13online.com.ar\/index.php?rest_route=\/wp\/v2\/posts\/11554\/revisions"}],"wp:featuredmedia":[{"embeddable":true,"href":"https:\/\/www.comuna13online.com.ar\/index.php?rest_route=\/wp\/v2\/media\/11559"}],"wp:attachment":[{"href":"https:\/\/www.comuna13online.com.ar\/index.php?rest_route=%2Fwp%2Fv2%2Fmedia&parent=11554"}],"wp:term":[{"taxonomy":"category","embeddable":true,"href":"https:\/\/www.comuna13online.com.ar\/index.php?rest_route=%2Fwp%2Fv2%2Fcategories&post=11554"},{"taxonomy":"post_tag","embeddable":true,"href":"https:\/\/www.comuna13online.com.ar\/index.php?rest_route=%2Fwp%2Fv2%2Ftags&post=11554"}],"curies":[{"name":"wp","href":"https:\/\/api.w.org\/{rel}","templated":true}]}}