{"id":11511,"date":"2020-09-21T19:45:32","date_gmt":"2020-09-21T22:45:32","guid":{"rendered":"http:\/\/www.comuna13online.com.ar\/?p=11511"},"modified":"2020-09-21T20:04:14","modified_gmt":"2020-09-21T23:04:14","slug":"nueva-edicion-de-la-noche-de-la-pizza-y-la-empanada","status":"publish","type":"post","link":"https:\/\/www.comuna13online.com.ar\/?p=11511","title":{"rendered":"Nueva edici\u00f3n de la \u00abNoche de la Pizza y la Empanada\u00bb"},"content":{"rendered":"\n<p><strong>Este martes 22 de septiembre BA Capital Gastron\u00f3mica organiza junto a APPYCE un evento digital con chefs invitados y promociones especiales en m\u00e1s de 4000 locales de todo el pa\u00eds.<\/strong><\/p>\n\n\n\n<figure class=\"wp-block-image size-large\"><img loading=\"lazy\" decoding=\"async\" width=\"678\" height=\"381\" data-attachment-id=\"11517\" data-permalink=\"https:\/\/www.comuna13online.com.ar\/?attachment_id=11517\" data-orig-file=\"https:\/\/www.comuna13online.com.ar\/wp-content\/uploads\/2020\/09\/20200921c1.jpg\" data-orig-size=\"678,381\" data-comments-opened=\"0\" data-image-meta=\"{&quot;aperture&quot;:&quot;0&quot;,&quot;credit&quot;:&quot;&quot;,&quot;camera&quot;:&quot;&quot;,&quot;caption&quot;:&quot;&quot;,&quot;created_timestamp&quot;:&quot;0&quot;,&quot;copyright&quot;:&quot;&quot;,&quot;focal_length&quot;:&quot;0&quot;,&quot;iso&quot;:&quot;0&quot;,&quot;shutter_speed&quot;:&quot;0&quot;,&quot;title&quot;:&quot;&quot;,&quot;orientation&quot;:&quot;0&quot;}\" data-image-title=\"20200921c1\" data-image-description=\"\" data-image-caption=\"\" data-large-file=\"https:\/\/www.comuna13online.com.ar\/wp-content\/uploads\/2020\/09\/20200921c1.jpg\" src=\"http:\/\/www.comuna13online.com.ar\/wp-content\/uploads\/2020\/09\/20200921c1.jpg\" alt=\"\" class=\"wp-image-11517\"\/><figcaption><p class=\"has-text-align-center\"><strong><sup><span style=\"color:#666666\" class=\"has-inline-color\">La popular Noche de las Pizzerias, vuelve ahora acompa\u00f1ada de la mejor manera, la empanada.<\/span><\/sup><\/strong><\/p><\/figcaption><\/figure>\n\n\n\n<p>Este martes 22 de septiembre se celebra&nbsp;<strong>\u00abLa Noche de la Pizza y La Empanada\u00bb<\/strong>&nbsp;en todo el territorio argentino, un evento \u00fanico que tiene como objetivo dar impulso al consumo en el sector, con importantes descuentos en take away y delivery de los comercios adheridos y una propuesta digital con cocineros invitados. El evento es organizado por la Asociaci\u00f3n Propietarios de Pizzer\u00edas y Casas de Empanadas de la Argentina (APPYCE), su Escuela Profesional y&nbsp;<a href=\"https:\/\/www.buenosaires.gob.ar\/desarrolloeconomico\/gastronomia\">BA Capital Gastron\u00f3mica<\/a>&nbsp;(GCBA).<\/p>\n\n\n\n<p>Para poder celebrar desde las hogares de todo el pa\u00eds, APPYCE junto a BA Capital Gastron\u00f3mica, desarrollaron&nbsp;<strong>un mapa interactivo con m\u00e1s de 4000 pizzer\u00edas y casas de empanadas<\/strong>&nbsp;en todo el pa\u00eds con modalidad take away y los que adem\u00e1s cuentan con delivery. Todos los locales que figuran con el logo del evento cuentan con una promoci\u00f3n especial.<\/p>\n\n\n\n<p>Las promociones est\u00e1n disponibles en <a href=\"https:\/\/lanochedelapizzaylaempanada.com.ar\" target=\"_blank\" rel=\"noreferrer noopener\">https:\/\/lanochedelapizzaylaempanada.com.ar<\/a><\/p>\n\n\n\n<p><br><\/p>\n<div align=\"center\">\n<blockquote class=\"twitter-tweet\"><p lang=\"es\" dir=\"ltr\">?? Llega la Noche de la Pizza y la Empanada.<br>? Mapa interactivo con 4 mil pizzer\u00edas y casas de empanadas en todo el pa\u00eds. Hay promociones especiales ?.<br>? El martes 22\/9 desde la 15h, habr\u00e1 recetas en el IG de <a href=\"https:\/\/twitter.com\/BA_Gastronomica?ref_src=twsrc%5Etfw\">@BA_Gastronomica<\/a>, <a href=\"https:\/\/twitter.com\/BASaludable?ref_src=twsrc%5Etfw\">@BASaludable<\/a> y <a href=\"https:\/\/twitter.com\/APPYCE?ref_src=twsrc%5Etfw\">@APPYCE<\/a>.<a href=\"https:\/\/t.co\/Af3d7pG1tI\">https:\/\/t.co\/Af3d7pG1tI<\/a> <a href=\"https:\/\/t.co\/jTXKcb9sRd\">pic.twitter.com\/jTXKcb9sRd<\/a><\/p>\u2014 DisfrutemosBA (@DisfrutemosBA) <a href=\"https:\/\/twitter.com\/DisfrutemosBA\/status\/1308073503497674752?ref_src=twsrc%5Etfw\">September 21, 2020<\/a><\/blockquote> <script async=\"\" src=\"https:\/\/platform.twitter.com\/widgets.js\" charset=\"utf-8\"><\/script>\n<\/div><p><br><\/p>\n\n\n\n<p>Desde las 15h a trav\u00e9s de las cuentas de Instagram de <a href=\"https:\/\/www.instagram.com\/appyce\/?hl=es-la\" target=\"_blank\" rel=\"noreferrer noopener\">APPYCE<\/a>, <a href=\"https:\/\/www.instagram.com\/bacapitalgastronomica\/?hl=es-la\" target=\"_blank\" rel=\"noreferrer noopener\">BA Capital Gastron\u00f3mica<\/a>, <a href=\"https:\/\/www.instagram.com\/basaludable\/?hl=es-la\" target=\"_blank\" rel=\"noreferrer noopener\">BA Saludable<\/a> habr\u00e1 transmisiones en vivo y videos grabados con distintas recetas de pizza, empanadas y fain\u00e1. Desde versiones rellenas hasta las m\u00e1s cl\u00e1sicas y pasando en el medio por opciones sin TACC, vegetarianas y hasta un duelo de estilos internacionales, habr\u00e1 contenidos para todos los gustos y preferencias. Entre los invitados est\u00e1n Donato De Santis, Danilo Ferraz, Jimena Monteverde, Roberto Petersen, Ale Temporini, Pietro Sorba, Gluten Morgen y Mariana Koppmann, Romina Pereiro, La Mezzetta y m\u00e1s.<\/p>\n\n\n\n<p>Adem\u00e1s, en los d\u00edas previos, todos los que se conecten podr\u00e1n participar de forma activa en el evento a trav\u00e9s de contenido l\u00fadico e informativo. Habr\u00e1 trivias, sorteos, juegos, maridajes y una votaci\u00f3n a trav\u00e9s de historias de Instagram, donde el p\u00fablico podr\u00e1 votar por el mejor gusto de pizza. Cada tipo de pizza estar\u00e1 representada por un embajador que incentivar\u00e1 su voto.<\/p>\n\n\n\n<figure class=\"wp-block-image size-large\"><img loading=\"lazy\" decoding=\"async\" width=\"678\" height=\"959\" data-attachment-id=\"11512\" data-permalink=\"https:\/\/www.comuna13online.com.ar\/?attachment_id=11512\" data-orig-file=\"https:\/\/www.comuna13online.com.ar\/wp-content\/uploads\/2020\/09\/20200921c2.jpg\" data-orig-size=\"678,959\" data-comments-opened=\"0\" data-image-meta=\"{&quot;aperture&quot;:&quot;0&quot;,&quot;credit&quot;:&quot;&quot;,&quot;camera&quot;:&quot;&quot;,&quot;caption&quot;:&quot;&quot;,&quot;created_timestamp&quot;:&quot;0&quot;,&quot;copyright&quot;:&quot;&quot;,&quot;focal_length&quot;:&quot;0&quot;,&quot;iso&quot;:&quot;0&quot;,&quot;shutter_speed&quot;:&quot;0&quot;,&quot;title&quot;:&quot;&quot;,&quot;orientation&quot;:&quot;0&quot;}\" data-image-title=\"20200921c2\" data-image-description=\"\" data-image-caption=\"\" data-large-file=\"https:\/\/www.comuna13online.com.ar\/wp-content\/uploads\/2020\/09\/20200921c2.jpg\" src=\"http:\/\/www.comuna13online.com.ar\/wp-content\/uploads\/2020\/09\/20200921c2.jpg\" alt=\"\" class=\"wp-image-11512\" srcset=\"https:\/\/www.comuna13online.com.ar\/wp-content\/uploads\/2020\/09\/20200921c2.jpg 678w, https:\/\/www.comuna13online.com.ar\/wp-content\/uploads\/2020\/09\/20200921c2-320x452.jpg 320w\" sizes=\"auto, (max-width: 678px) 100vw, 678px\" \/><\/figure>\n\n\n\n<figure class=\"wp-block-image size-large is-resized\"><img loading=\"lazy\" decoding=\"async\" data-attachment-id=\"99\" data-permalink=\"https:\/\/www.comuna13online.com.ar\/?attachment_id=99\" data-orig-file=\"https:\/\/www.comuna13online.com.ar\/wp-content\/uploads\/2017\/12\/line.jpg\" data-orig-size=\"678,1\" data-comments-opened=\"0\" data-image-meta=\"{&quot;aperture&quot;:&quot;0&quot;,&quot;credit&quot;:&quot;&quot;,&quot;camera&quot;:&quot;&quot;,&quot;caption&quot;:&quot;&quot;,&quot;created_timestamp&quot;:&quot;0&quot;,&quot;copyright&quot;:&quot;&quot;,&quot;focal_length&quot;:&quot;0&quot;,&quot;iso&quot;:&quot;0&quot;,&quot;shutter_speed&quot;:&quot;0&quot;,&quot;title&quot;:&quot;&quot;,&quot;orientation&quot;:&quot;0&quot;}\" data-image-title=\"line\" data-image-description=\"\" data-image-caption=\"\" data-large-file=\"https:\/\/www.comuna13online.com.ar\/wp-content\/uploads\/2017\/12\/line.jpg\" src=\"http:\/\/www.comuna13online.com.ar\/wp-content\/uploads\/2017\/12\/line.jpg\" alt=\"\" class=\"wp-image-99\" width=\"678\" height=\"1\" srcset=\"https:\/\/www.comuna13online.com.ar\/wp-content\/uploads\/2017\/12\/line.jpg 678w, https:\/\/www.comuna13online.com.ar\/wp-content\/uploads\/2017\/12\/line-150x1.jpg 150w, https:\/\/www.comuna13online.com.ar\/wp-content\/uploads\/2017\/12\/line-326x1.jpg 326w, https:\/\/www.comuna13online.com.ar\/wp-content\/uploads\/2017\/12\/line-80x1.jpg 80w, https:\/\/www.comuna13online.com.ar\/wp-content\/uploads\/2017\/12\/line-272x1.jpg 272w\" sizes=\"auto, (max-width: 678px) 100vw, 678px\" \/><\/figure>\n\n\n\n<figure class=\"wp-block-image size-full\"><img loading=\"lazy\" decoding=\"async\" width=\"678\" height=\"180\" data-attachment-id=\"8918\" data-permalink=\"https:\/\/www.comuna13online.com.ar\/?attachment_id=8918\" data-orig-file=\"https:\/\/www.comuna13online.com.ar\/wp-content\/uploads\/2020\/04\/corona2.jpg\" data-orig-size=\"678,180\" data-comments-opened=\"0\" data-image-meta=\"{&quot;aperture&quot;:&quot;0&quot;,&quot;credit&quot;:&quot;&quot;,&quot;camera&quot;:&quot;&quot;,&quot;caption&quot;:&quot;&quot;,&quot;created_timestamp&quot;:&quot;0&quot;,&quot;copyright&quot;:&quot;&quot;,&quot;focal_length&quot;:&quot;0&quot;,&quot;iso&quot;:&quot;0&quot;,&quot;shutter_speed&quot;:&quot;0&quot;,&quot;title&quot;:&quot;&quot;,&quot;orientation&quot;:&quot;0&quot;}\" data-image-title=\"corona2\" data-image-description=\"\" data-image-caption=\"\" data-large-file=\"https:\/\/www.comuna13online.com.ar\/wp-content\/uploads\/2020\/04\/corona2.jpg\" src=\"http:\/\/www.comuna13online.com.ar\/wp-content\/uploads\/2020\/04\/corona2.jpg\" alt=\"\" class=\"wp-image-8918\"\/><\/figure>\n","protected":false},"excerpt":{"rendered":"<div class=\"mh-excerpt\">Este martes 22 de septiembre BA Capital Gastron\u00f3mica organiza junto a APPYCE un evento digital con chefs invitados y promociones especiales en m\u00e1s de 4000 locales de todo el pa\u00eds. <a class=\"mh-excerpt-more\" href=\"https:\/\/www.comuna13online.com.ar\/?p=11511\" title=\"Nueva edici\u00f3n de la \u00abNoche de la Pizza y la Empanada\u00bb\">[&#8230;]<\/a><\/div>\n","protected":false},"author":1,"featured_media":11513,"comment_status":"closed","ping_status":"closed","sticky":false,"template":"","format":"standard","meta":{"_uag_custom_page_level_css":"","_jetpack_memberships_contains_paid_content":false,"footnotes":"","jetpack_publicize_message":"","jetpack_publicize_feature_enabled":true,"jetpack_social_post_already_shared":true,"jetpack_social_options":{"image_generator_settings":{"template":"highway","default_image_id":0,"font":"","enabled":false},"version":2}},"categories":[81],"tags":[82,250,71],"class_list":{"0":"post-11511","1":"post","2":"type-post","3":"status-publish","4":"format-standard","5":"has-post-thumbnail","7":"category-gastronomia","8":"tag-gastronomia","9":"tag-h2","10":"tag-tiempo-libre"},"jetpack_publicize_connections":[],"jetpack_featured_media_url":"https:\/\/www.comuna13online.com.ar\/wp-content\/uploads\/2020\/09\/20200921c.jpg","uagb_featured_image_src":{"full":["https:\/\/www.comuna13online.com.ar\/wp-content\/uploads\/2020\/09\/20200921c.jpg",678,452,false],"thumbnail":["https:\/\/www.comuna13online.com.ar\/wp-content\/uploads\/2020\/09\/20200921c-150x150.jpg",96,96,true],"medium":["https:\/\/www.comuna13online.com.ar\/wp-content\/uploads\/2020\/09\/20200921c-678x452.jpg",678,452,true],"medium_large":["https:\/\/www.comuna13online.com.ar\/wp-content\/uploads\/2020\/09\/20200921c.jpg",678,452,false],"large":["https:\/\/www.comuna13online.com.ar\/wp-content\/uploads\/2020\/09\/20200921c.jpg",678,452,false],"1536x1536":["https:\/\/www.comuna13online.com.ar\/wp-content\/uploads\/2020\/09\/20200921c.jpg",678,452,false],"2048x2048":["https:\/\/www.comuna13online.com.ar\/wp-content\/uploads\/2020\/09\/20200921c.jpg",678,452,false],"mh-magazine-slider":["https:\/\/www.comuna13online.com.ar\/wp-content\/uploads\/2020\/09\/20200921c-678x438.jpg",678,438,true],"mh-magazine-content":["https:\/\/www.comuna13online.com.ar\/wp-content\/uploads\/2020\/09\/20200921c-678x381.jpg",678,381,true],"mh-magazine-large":["https:\/\/www.comuna13online.com.ar\/wp-content\/uploads\/2020\/09\/20200921c.jpg",678,452,false],"mh-magazine-medium":["https:\/\/www.comuna13online.com.ar\/wp-content\/uploads\/2020\/09\/20200921c-326x245.jpg",326,245,true],"mh-magazine-small":["https:\/\/www.comuna13online.com.ar\/wp-content\/uploads\/2020\/09\/20200921c-80x60.jpg",80,60,true],"sow-carousel-default":["https:\/\/www.comuna13online.com.ar\/wp-content\/uploads\/2020\/09\/20200921c-272x182.jpg",272,182,true]},"uagb_author_info":{"display_name":"Comuna13","author_link":"https:\/\/www.comuna13online.com.ar\/?author=1"},"uagb_comment_info":0,"uagb_excerpt":"Este martes 22 de septiembre BA Capital Gastron\u00f3mica organiza junto a APPYCE un evento digital con chefs invitados y promociones especiales en m\u00e1s de 4000 locales de todo el pa\u00eds. [...]","jetpack_sharing_enabled":true,"_links":{"self":[{"href":"https:\/\/www.comuna13online.com.ar\/index.php?rest_route=\/wp\/v2\/posts\/11511","targetHints":{"allow":["GET"]}}],"collection":[{"href":"https:\/\/www.comuna13online.com.ar\/index.php?rest_route=\/wp\/v2\/posts"}],"about":[{"href":"https:\/\/www.comuna13online.com.ar\/index.php?rest_route=\/wp\/v2\/types\/post"}],"author":[{"embeddable":true,"href":"https:\/\/www.comuna13online.com.ar\/index.php?rest_route=\/wp\/v2\/users\/1"}],"replies":[{"embeddable":true,"href":"https:\/\/www.comuna13online.com.ar\/index.php?rest_route=%2Fwp%2Fv2%2Fcomments&post=11511"}],"version-history":[{"count":0,"href":"https:\/\/www.comuna13online.com.ar\/index.php?rest_route=\/wp\/v2\/posts\/11511\/revisions"}],"wp:featuredmedia":[{"embeddable":true,"href":"https:\/\/www.comuna13online.com.ar\/index.php?rest_route=\/wp\/v2\/media\/11513"}],"wp:attachment":[{"href":"https:\/\/www.comuna13online.com.ar\/index.php?rest_route=%2Fwp%2Fv2%2Fmedia&parent=11511"}],"wp:term":[{"taxonomy":"category","embeddable":true,"href":"https:\/\/www.comuna13online.com.ar\/index.php?rest_route=%2Fwp%2Fv2%2Fcategories&post=11511"},{"taxonomy":"post_tag","embeddable":true,"href":"https:\/\/www.comuna13online.com.ar\/index.php?rest_route=%2Fwp%2Fv2%2Ftags&post=11511"}],"curies":[{"name":"wp","href":"https:\/\/api.w.org\/{rel}","templated":true}]}}