{"id":11507,"date":"2020-09-22T18:59:00","date_gmt":"2020-09-22T21:59:00","guid":{"rendered":"http:\/\/www.comuna13online.com.ar\/?p=11507"},"modified":"2020-09-21T19:21:48","modified_gmt":"2020-09-21T22:21:48","slug":"vuelven-el-esquema-habitual-de-turnos-para-la-vtv","status":"publish","type":"post","link":"https:\/\/www.comuna13online.com.ar\/?p=11507","title":{"rendered":"Vuelven el esquema habitual de turnos para la VTV"},"content":{"rendered":"\n<p><strong>Los particulares tienen sus vencimientos prorrogados hasta el mes de agosto; a partir de este mes las patentes que finalicen en 9 deber\u00e1n realizar el tr\u00e1mite durante septiembre.<\/strong><\/p>\n\n\n\n<figure class=\"wp-block-image size-large\"><img loading=\"lazy\" decoding=\"async\" width=\"677\" height=\"381\" data-attachment-id=\"11508\" data-permalink=\"https:\/\/www.comuna13online.com.ar\/?attachment_id=11508\" data-orig-file=\"https:\/\/www.comuna13online.com.ar\/wp-content\/uploads\/2020\/09\/20200922b1.jpg\" data-orig-size=\"677,381\" data-comments-opened=\"0\" data-image-meta=\"{&quot;aperture&quot;:&quot;0&quot;,&quot;credit&quot;:&quot;&quot;,&quot;camera&quot;:&quot;&quot;,&quot;caption&quot;:&quot;&quot;,&quot;created_timestamp&quot;:&quot;0&quot;,&quot;copyright&quot;:&quot;&quot;,&quot;focal_length&quot;:&quot;0&quot;,&quot;iso&quot;:&quot;0&quot;,&quot;shutter_speed&quot;:&quot;0&quot;,&quot;title&quot;:&quot;&quot;,&quot;orientation&quot;:&quot;0&quot;}\" data-image-title=\"20200922b1\" data-image-description=\"\" data-image-caption=\"\" data-large-file=\"https:\/\/www.comuna13online.com.ar\/wp-content\/uploads\/2020\/09\/20200922b1.jpg\" src=\"http:\/\/www.comuna13online.com.ar\/wp-content\/uploads\/2020\/09\/20200922b1.jpg\" alt=\"\" class=\"wp-image-11508\"\/><\/figure>\n\n\n\n<p>Desde que comenz\u00f3 el aislamiento social, preventivo y obligatorio, con el objetivo de preservar el distanciamiento social y poder cumplir con la normativa de que s\u00f3lo los esenciales circulen por las calles, desde la Secretar\u00eda de Transporte y Obras P\u00fablicas se tomaron distintas medidas; una de ellas consisti\u00f3 en prorrogar los vencimientos de distintos tr\u00e1mites obligatorios, entre ellos la VTV.<\/p>\n\n\n\n<p>A partir de septiembre, en el marco del Plan Integral y Gradual de Puesta en Marcha de la Ciudad; la reapertura de diferentes actividades; y para garantizar la seguridad vial de los que circulan y reducir las posibilidades de siniestros viales causados por fallas mec\u00e1nicas,\u00a0<strong>los veh\u00edculos particulares vuelven al esquema habitual de turnos para realizar la VTV<\/strong>.<\/p>\n\n\n\n<p>Para iniciar el tr\u00e1mite ingresar aqu\u00ed: <a rel=\"noreferrer noopener\" href=\"https:\/\/www.buenosaires.gob.ar\/tramites\/vtv\" target=\"_blank\">https:\/\/www.buenosaires.gob.ar\/tramites\/vtv<\/a><\/p>\n\n\n\n<p>Los vencimientos est\u00e1n prorrogados hasta el mes de agosto; y desde el mes de septiembre las patentes que finalicen en 9 deber\u00e1n realizar el tr\u00e1mite durante ese mes. Las plantas de VTV se encuentran operando con los protocolos sanitarios correspondientes y las personas que asistan podr\u00e1n permanecer dentro del veh\u00edculo en todo momento. <\/p>\n\n\n\n<h4 class=\"wp-block-heading\"><strong>Fechas de vencimiento:<\/strong><\/h4>\n\n\n\n<p>Debido a la emergencia sanitaria por el COVID-19, el cronograma anual de verificaciones tuvo algunos\u00a0<strong>cambios excepcionales<\/strong>. Los nuevos vencimientos para saber cu\u00e1ndo ten\u00e9s que hacer la VTV.<\/p>\n\n\n\n<ul class=\"wp-block-list\"><li>Patentes terminadas en 2, vencen el 30 de septiembre de 2020.<\/li><li>Patentes terminadas en 3, vencen el 30 de septiembre de 2020.<\/li><li>Patentes terminadas en 4, vencen el 31 de octubre de 2020.<\/li><li>Patentes terminadas en 5, vencen el 30 de noviembre de 2020.<\/li><li>Patentes terminadas en 6, vencen el 31 de diciembre de 2020.<\/li><li>Patentes terminadas en 7, vencen el 31 de diciembre de 2020.<\/li><li>Patentes terminadas en 8, vencen el 31 de enero de 2021.<\/li><li><strong>Patentes terminadas en 9, vencen el 30 de septiembre de 2020<\/strong><br>(sin pr\u00f3rroga).<\/li><li><strong>Patentes terminadas en 0, vencen el 31 de octubre de 2020<\/strong><br>(sin pr\u00f3rroga).<\/li><li><strong>Patentes terminadas en 1, vencen el 30 de noviembre de 2020<\/strong><br>(sin pr\u00f3rroga).<\/li><\/ul>\n\n\n\n<p>La Verificaci\u00f3n T\u00e9cnica Vehicular (Ley N\u00ba 2.265) es obligatoria desde octubre 2016 en la Ciudad de Buenos Aires para veh\u00edculos con m\u00e1s de 3 a\u00f1os de antig\u00fcedad o m\u00e1s de 60 mil kil\u00f3metros de uso. En el caso de las motos particulares es a partir del 1\u00ba a\u00f1o.<\/p>\n\n\n\n<p>Para lograr una distribuci\u00f3n equitativa de veh\u00edculos, el n\u00famero final de la patente indica el mes designado para llevar a cabo el tr\u00e1mite y en el marco de la pandemia los vencimientos desde febrero a agosto de este a\u00f1o est\u00e1n prorrogados.<\/p>\n\n\n\n<p>Aquellos que no lo hagan, ser\u00e1n multados por un monto de 400 UF ($8.560) y los que no cuenten con los dos elementos necesarios para circular &#8211; oblea y certificado &#8211; con una infracci\u00f3n de 100 UF ($2.140).<\/p>\n\n\n\n<p>La tarifa para realizar la VTV para veh\u00edculos es de $1838 y motoveh\u00edculos $691, se puede abonar con tarjeta de cr\u00e9dito o mediante Mercado Pago, Pago F\u00e1cil o Rapipago. Una vez que se acredite el pago quedar\u00e1 confirmado el turno.<\/p>\n\n\n\n<p><strong>Se encuentran exentos del pago:<\/strong><\/p>\n\n\n\n<ul class=\"wp-block-list\"><li>Jubilados o pensionados, o mayores de sesenta y cinco (65) a\u00f1os en todos los casos cuyos ingresos regulares no superen el haber m\u00ednimo jubilatorio y posean un veh\u00edculo cuyo valor no exceda el m\u00ednimo indicado para el pago del impuesto a la radicaci\u00f3n de veh\u00edculos de la Ciudad de Buenos Aires.<\/li><li>Discapacitados&nbsp;que posean un veh\u00edculo con adaptaciones especiales relacionadas con su discapacidad, sin importar el valor del mismo.<\/li><li>Discapacitados&nbsp;que posean un veh\u00edculo sin adaptaciones especiales cuyo valor sea menor al doble del m\u00ednimo indicado para el pago del impuesto a la radicaci\u00f3n de veh\u00edculos en la Ciudad de Buenos Aires.<\/li><\/ul>\n\n\n\n<p>Deber\u00e1n realizar la Verificaci\u00f3n T\u00e9cnica Obligatoria todos los autom\u00f3viles y motocicletas que se encuentren registrados en la Ciudad de Buenos Aires y cuenten con una antig\u00fcedad mayor a 3 a\u00f1os o que superen los 60.000 kil\u00f3metros de uso.<\/p>\n\n\n\n<p>La Ciudad tendr\u00e1 habilitadas siete plantas, y est\u00e1 previsto que se abran dos m\u00e1s. Seg\u00fan la Secretar\u00eda de Transporte de la Ciudad la inspecci\u00f3n se har\u00e1&nbsp;en 20 minutos y el conductor no tendr\u00e1 que bajarse del veh\u00edculo.<\/p>\n\n\n\n<h3 class=\"wp-block-heading\"><strong>\u00bfQu\u00e9 se controlar\u00e1 en la revisi\u00f3n?<\/strong><\/h3>\n\n\n\n<ul class=\"wp-block-list\"><li>Sistema de direcci\u00f3n y tren delantero: Caja de direcci\u00f3n, ruedas, r\u00f3tulas y barra de direcci\u00f3n.<\/li><li>Sistema de suspensi\u00f3n: Amortiguadores, el\u00e1sticos y parrilla de suspensi\u00f3n.<\/li><li>Carrocer\u00eda: Paragolpes, parabrisas, limpiaparabrisas y chasis<\/li><li>Sistema de escape: Emisi\u00f3n de gases, humo y ruido.<\/li><li>Sistema de frenos: Bomba y freno auxiliar.<\/li><li>Seguridad y emergencia: Elementos de seguridad y accesorios de supervivencia.<\/li><li>Luces reglamentarias: Tener todas las luces y deben estar en buen estado.<\/li><li>Neum\u00e1ticos: Chequeo de dibujo y casco.<\/li><\/ul>\n\n\n\n<figure class=\"wp-block-image size-full\"><img loading=\"lazy\" decoding=\"async\" width=\"677\" height=\"404\" data-attachment-id=\"414\" data-permalink=\"https:\/\/www.comuna13online.com.ar\/?attachment_id=414\" data-orig-file=\"https:\/\/www.comuna13online.com.ar\/wp-content\/uploads\/2018\/01\/20180109a3.jpg\" data-orig-size=\"677,404\" data-comments-opened=\"0\" data-image-meta=\"{&quot;aperture&quot;:&quot;0&quot;,&quot;credit&quot;:&quot;&quot;,&quot;camera&quot;:&quot;&quot;,&quot;caption&quot;:&quot;&quot;,&quot;created_timestamp&quot;:&quot;0&quot;,&quot;copyright&quot;:&quot;&quot;,&quot;focal_length&quot;:&quot;0&quot;,&quot;iso&quot;:&quot;0&quot;,&quot;shutter_speed&quot;:&quot;0&quot;,&quot;title&quot;:&quot;&quot;,&quot;orientation&quot;:&quot;0&quot;}\" data-image-title=\"20180109a3\" data-image-description=\"\" data-image-caption=\"\" data-large-file=\"https:\/\/www.comuna13online.com.ar\/wp-content\/uploads\/2018\/01\/20180109a3.jpg\" src=\"http:\/\/www.comuna13online.com.ar\/wp-content\/uploads\/2018\/01\/20180109a3.jpg\" alt=\"\" class=\"wp-image-414\"\/><\/figure>\n\n\n\n<h3 class=\"wp-block-heading\"><strong>Resultados de la VTV<\/strong><\/h3>\n\n\n\n<p><strong>Apto<\/strong>: veh\u00edculo que no cuenta con desperfectos graves ni leves (a lo sumo observaciones), por lo que obtendr\u00e1 la Oblea correspondiente que le indicar\u00e1 el mes y a\u00f1o del pr\u00f3ximo vencimiento, adem\u00e1s recibir\u00e1 el certificado de verificaci\u00f3n y un informe t\u00e9cnico.<\/p>\n\n\n\n<p><strong>Condicional<\/strong>: uno o m\u00e1s defectos leves. Se detallan en el informe de inspecci\u00f3n y el titular del veh\u00edculo contar\u00e1 con un plazo de 60 d\u00edas para resolver el inconveniente y volver a verificar sin cargo. En esta condici\u00f3n, por el plazo del certificado, puede circular.<\/p>\n\n\n\n<p><strong>Rechazado<\/strong>: uno o m\u00e1s defectos graves que se detallan en el informe de inspecci\u00f3n. El veh\u00edculo no est\u00e1 en condiciones de circular, por lo tanto el titular debe solucionar el inconveniente y la re verificaci\u00f3n ser\u00e1 sin cargo dentro de los 60 d\u00edas.<\/p>\n\n\n\n<figure class=\"wp-block-image size-large is-resized\"><img loading=\"lazy\" decoding=\"async\" data-attachment-id=\"99\" data-permalink=\"https:\/\/www.comuna13online.com.ar\/?attachment_id=99\" data-orig-file=\"https:\/\/www.comuna13online.com.ar\/wp-content\/uploads\/2017\/12\/line.jpg\" data-orig-size=\"678,1\" data-comments-opened=\"0\" data-image-meta=\"{&quot;aperture&quot;:&quot;0&quot;,&quot;credit&quot;:&quot;&quot;,&quot;camera&quot;:&quot;&quot;,&quot;caption&quot;:&quot;&quot;,&quot;created_timestamp&quot;:&quot;0&quot;,&quot;copyright&quot;:&quot;&quot;,&quot;focal_length&quot;:&quot;0&quot;,&quot;iso&quot;:&quot;0&quot;,&quot;shutter_speed&quot;:&quot;0&quot;,&quot;title&quot;:&quot;&quot;,&quot;orientation&quot;:&quot;0&quot;}\" data-image-title=\"line\" data-image-description=\"\" data-image-caption=\"\" data-large-file=\"https:\/\/www.comuna13online.com.ar\/wp-content\/uploads\/2017\/12\/line.jpg\" src=\"http:\/\/www.comuna13online.com.ar\/wp-content\/uploads\/2017\/12\/line.jpg\" alt=\"\" class=\"wp-image-99\" width=\"678\" height=\"1\" srcset=\"https:\/\/www.comuna13online.com.ar\/wp-content\/uploads\/2017\/12\/line.jpg 678w, https:\/\/www.comuna13online.com.ar\/wp-content\/uploads\/2017\/12\/line-150x1.jpg 150w, https:\/\/www.comuna13online.com.ar\/wp-content\/uploads\/2017\/12\/line-326x1.jpg 326w, https:\/\/www.comuna13online.com.ar\/wp-content\/uploads\/2017\/12\/line-80x1.jpg 80w, https:\/\/www.comuna13online.com.ar\/wp-content\/uploads\/2017\/12\/line-272x1.jpg 272w\" sizes=\"auto, (max-width: 678px) 100vw, 678px\" \/><\/figure>\n\n\n\n<figure class=\"wp-block-image size-full\"><img loading=\"lazy\" decoding=\"async\" width=\"678\" height=\"180\" data-attachment-id=\"8918\" data-permalink=\"https:\/\/www.comuna13online.com.ar\/?attachment_id=8918\" data-orig-file=\"https:\/\/www.comuna13online.com.ar\/wp-content\/uploads\/2020\/04\/corona2.jpg\" data-orig-size=\"678,180\" data-comments-opened=\"0\" data-image-meta=\"{&quot;aperture&quot;:&quot;0&quot;,&quot;credit&quot;:&quot;&quot;,&quot;camera&quot;:&quot;&quot;,&quot;caption&quot;:&quot;&quot;,&quot;created_timestamp&quot;:&quot;0&quot;,&quot;copyright&quot;:&quot;&quot;,&quot;focal_length&quot;:&quot;0&quot;,&quot;iso&quot;:&quot;0&quot;,&quot;shutter_speed&quot;:&quot;0&quot;,&quot;title&quot;:&quot;&quot;,&quot;orientation&quot;:&quot;0&quot;}\" data-image-title=\"corona2\" data-image-description=\"\" data-image-caption=\"\" data-large-file=\"https:\/\/www.comuna13online.com.ar\/wp-content\/uploads\/2020\/04\/corona2.jpg\" src=\"http:\/\/www.comuna13online.com.ar\/wp-content\/uploads\/2020\/04\/corona2.jpg\" alt=\"\" class=\"wp-image-8918\"\/><\/figure>\n","protected":false},"excerpt":{"rendered":"<div class=\"mh-excerpt\">Los particulares tienen sus vencimientos prorrogados hasta el mes de agosto; a partir de este mes las patentes que finalicen en 9 deber\u00e1n realizar el tr\u00e1mite durante septiembre. Desde que <a class=\"mh-excerpt-more\" href=\"https:\/\/www.comuna13online.com.ar\/?p=11507\" title=\"Vuelven el esquema habitual de turnos para la VTV\">[&#8230;]<\/a><\/div>\n","protected":false},"author":1,"featured_media":11509,"comment_status":"closed","ping_status":"closed","sticky":false,"template":"","format":"standard","meta":{"_uag_custom_page_level_css":"","_jetpack_memberships_contains_paid_content":false,"footnotes":"","jetpack_publicize_message":"","jetpack_publicize_feature_enabled":true,"jetpack_social_post_already_shared":true,"jetpack_social_options":{"image_generator_settings":{"template":"highway","default_image_id":0,"font":"","enabled":false},"version":2}},"categories":[73],"tags":[246,250,75],"class_list":{"0":"post-11507","1":"post","2":"type-post","3":"status-publish","4":"format-standard","5":"has-post-thumbnail","7":"category-seguridad-vial","8":"tag-h1","9":"tag-h2","10":"tag-seguridad-vial"},"jetpack_publicize_connections":[],"jetpack_featured_media_url":"https:\/\/www.comuna13online.com.ar\/wp-content\/uploads\/2020\/09\/20200922b.jpg","uagb_featured_image_src":{"full":["https:\/\/www.comuna13online.com.ar\/wp-content\/uploads\/2020\/09\/20200922b.jpg",1030,438,false],"thumbnail":["https:\/\/www.comuna13online.com.ar\/wp-content\/uploads\/2020\/09\/20200922b-150x150.jpg",96,96,true],"medium":["https:\/\/www.comuna13online.com.ar\/wp-content\/uploads\/2020\/09\/20200922b-678x288.jpg",678,288,true],"medium_large":["https:\/\/www.comuna13online.com.ar\/wp-content\/uploads\/2020\/09\/20200922b-768x327.jpg",768,327,true],"large":["https:\/\/www.comuna13online.com.ar\/wp-content\/uploads\/2020\/09\/20200922b.jpg",1030,438,false],"1536x1536":["https:\/\/www.comuna13online.com.ar\/wp-content\/uploads\/2020\/09\/20200922b.jpg",1030,438,false],"2048x2048":["https:\/\/www.comuna13online.com.ar\/wp-content\/uploads\/2020\/09\/20200922b.jpg",1030,438,false],"mh-magazine-slider":["https:\/\/www.comuna13online.com.ar\/wp-content\/uploads\/2020\/09\/20200922b-1030x438.jpg",1030,438,true],"mh-magazine-content":["https:\/\/www.comuna13online.com.ar\/wp-content\/uploads\/2020\/09\/20200922b-678x381.jpg",678,381,true],"mh-magazine-large":["https:\/\/www.comuna13online.com.ar\/wp-content\/uploads\/2020\/09\/20200922b-678x438.jpg",678,438,true],"mh-magazine-medium":["https:\/\/www.comuna13online.com.ar\/wp-content\/uploads\/2020\/09\/20200922b-326x245.jpg",326,245,true],"mh-magazine-small":["https:\/\/www.comuna13online.com.ar\/wp-content\/uploads\/2020\/09\/20200922b-80x60.jpg",80,60,true],"sow-carousel-default":["https:\/\/www.comuna13online.com.ar\/wp-content\/uploads\/2020\/09\/20200922b-272x182.jpg",272,182,true]},"uagb_author_info":{"display_name":"Comuna13","author_link":"https:\/\/www.comuna13online.com.ar\/?author=1"},"uagb_comment_info":0,"uagb_excerpt":"Los particulares tienen sus vencimientos prorrogados hasta el mes de agosto; a partir de este mes las patentes que finalicen en 9 deber\u00e1n realizar el tr\u00e1mite durante septiembre. Desde que [...]","jetpack_sharing_enabled":true,"_links":{"self":[{"href":"https:\/\/www.comuna13online.com.ar\/index.php?rest_route=\/wp\/v2\/posts\/11507","targetHints":{"allow":["GET"]}}],"collection":[{"href":"https:\/\/www.comuna13online.com.ar\/index.php?rest_route=\/wp\/v2\/posts"}],"about":[{"href":"https:\/\/www.comuna13online.com.ar\/index.php?rest_route=\/wp\/v2\/types\/post"}],"author":[{"embeddable":true,"href":"https:\/\/www.comuna13online.com.ar\/index.php?rest_route=\/wp\/v2\/users\/1"}],"replies":[{"embeddable":true,"href":"https:\/\/www.comuna13online.com.ar\/index.php?rest_route=%2Fwp%2Fv2%2Fcomments&post=11507"}],"version-history":[{"count":0,"href":"https:\/\/www.comuna13online.com.ar\/index.php?rest_route=\/wp\/v2\/posts\/11507\/revisions"}],"wp:featuredmedia":[{"embeddable":true,"href":"https:\/\/www.comuna13online.com.ar\/index.php?rest_route=\/wp\/v2\/media\/11509"}],"wp:attachment":[{"href":"https:\/\/www.comuna13online.com.ar\/index.php?rest_route=%2Fwp%2Fv2%2Fmedia&parent=11507"}],"wp:term":[{"taxonomy":"category","embeddable":true,"href":"https:\/\/www.comuna13online.com.ar\/index.php?rest_route=%2Fwp%2Fv2%2Fcategories&post=11507"},{"taxonomy":"post_tag","embeddable":true,"href":"https:\/\/www.comuna13online.com.ar\/index.php?rest_route=%2Fwp%2Fv2%2Ftags&post=11507"}],"curies":[{"name":"wp","href":"https:\/\/api.w.org\/{rel}","templated":true}]}}