{"id":11454,"date":"2020-09-16T06:53:00","date_gmt":"2020-09-16T09:53:00","guid":{"rendered":"http:\/\/www.comuna13online.com.ar\/?p=11454"},"modified":"2020-09-15T16:39:45","modified_gmt":"2020-09-15T19:39:45","slug":"recomendaciones-para-locales-gastronomicos-con-mesas-en-las-veredas","status":"publish","type":"post","link":"https:\/\/www.comuna13online.com.ar\/?p=11454","title":{"rendered":"Recomendaciones para locales gastron\u00f3micos con mesas en las veredas"},"content":{"rendered":"\n<figure class=\"wp-block-image size-large\"><img loading=\"lazy\" decoding=\"async\" width=\"678\" height=\"452\" data-attachment-id=\"11461\" data-permalink=\"https:\/\/www.comuna13online.com.ar\/?attachment_id=11461\" data-orig-file=\"https:\/\/www.comuna13online.com.ar\/wp-content\/uploads\/2020\/09\/20200916b1.jpg\" data-orig-size=\"678,452\" data-comments-opened=\"0\" data-image-meta=\"{&quot;aperture&quot;:&quot;0&quot;,&quot;credit&quot;:&quot;&quot;,&quot;camera&quot;:&quot;&quot;,&quot;caption&quot;:&quot;&quot;,&quot;created_timestamp&quot;:&quot;0&quot;,&quot;copyright&quot;:&quot;&quot;,&quot;focal_length&quot;:&quot;0&quot;,&quot;iso&quot;:&quot;0&quot;,&quot;shutter_speed&quot;:&quot;0&quot;,&quot;title&quot;:&quot;&quot;,&quot;orientation&quot;:&quot;0&quot;}\" data-image-title=\"20200916b1\" data-image-description=\"\" data-image-caption=\"\" data-large-file=\"https:\/\/www.comuna13online.com.ar\/wp-content\/uploads\/2020\/09\/20200916b1.jpg\" src=\"http:\/\/www.comuna13online.com.ar\/wp-content\/uploads\/2020\/09\/20200916b1.jpg\" alt=\"\" class=\"wp-image-11461\" srcset=\"https:\/\/www.comuna13online.com.ar\/wp-content\/uploads\/2020\/09\/20200916b1.jpg 678w, https:\/\/www.comuna13online.com.ar\/wp-content\/uploads\/2020\/09\/20200916b1-272x182.jpg 272w\" sizes=\"auto, (max-width: 678px) 100vw, 678px\" \/><\/figure>\n\n\n\n<p>En el marco del plan gradual de aperturas en la Ciudad, los bares y restaurantes que hayan solicitado el permiso correspondiente para funcionar deben cumplir con un protocolo sanitario para el cuidado de clientes, empleados y propietarios.<\/p>\n\n\n\n<h4 class=\"wp-block-heading\">Entre los puntos centrales destacamos los siguientes consejos:<\/h4>\n\n\n\n<ul class=\"wp-block-list\"><li>No podr\u00e1 haber servicio alguno en los salones internos.<\/li><li>Se debe inhabilitar el acceso a \u00e1reas de juegos.<\/li><li>Distancia entre personas de al menos 1,5 metros. Llevar al m\u00ednimo posible la convivencia simult\u00e1nea en un mismo espacio f\u00edsico.<\/li><li>Uso de tapabocas permanente tanto para el personal como para las personas ajenas al establecimiento.<\/li><li>En caso de que los establecimientos no cuenten con un acceso directo desde el exterior al patio o terraza, se deber\u00e1 demarcar un pasillo (libre de objetos) que contemple ambos sentidos de circulaci\u00f3n. Se debe evitar la permanencia de personas en la v\u00eda de circulaci\u00f3n.<\/li><li>Cada mesa debe tener un radio propio libre de 1,7 metros cuadrado respecto de otras. La circunferencia que delimite cada mesa debe separarse por 1,5 metros respecto de otra, medido desde sus l\u00edmites.<\/li><li>Las mesas deber\u00e1n ser como m\u00e1ximo para cuatro personas.<\/li><li>Se debe colocar un punto de higienizaci\u00f3n con alcohol en gel o sanitizante en cada uno de los espacios.<\/li><li>Las mesas deber\u00e1n desinfectarse luego de que se retire cada comensal y previo a que se siente uno nuevo.<\/li><li>Para las mesas en las veredas, se debe contratar un seguro de responsabilidad civil para estos usos o ampliar el que tengan en el local.<\/li><li>Se recomienda el uso de medios de pago electr\u00f3nicos. En caso de que el pago se realice a trav\u00e9s de tarjetas de cr\u00e9dito o d\u00e9bito, se deber\u00e1n desinfectar tanto las tarjetas como el posnet utilizado con soluci\u00f3n de agua y alcohol.<\/li><li>Se recomienda usar mamparas o pantallas en las cajas que aseguren la protecci\u00f3n de vendedor\/cliente.<\/li><li>Los trabajadores deber\u00e1n contar con reposici\u00f3n de Elementos de Protecci\u00f3n Personal (EPP) y kit de desinfecci\u00f3n h\u00fameda (consistente en la limpieza con agua y detergente y luego desinfecci\u00f3n con una soluci\u00f3n de lavandina de uso comercial con agua \u2013 10 ml de lavandina en 1 litro de agua).<\/li><li>Medidas de limpieza, desinfecci\u00f3n general y prevenci\u00f3n en instalaciones, cocinas, salones y sanitarios, y tratamiento de residuos y recepci\u00f3n de mercader\u00edas, seg\u00fan protocolo.<br><span class=\"has-inline-color has-white-color\">.<\/span><\/li><\/ul>\n\n\n\n<div class=\"wp-block-jetpack-slideshow aligncenter\" data-effect=\"slide\"><div class=\"wp-block-jetpack-slideshow_container swiper-container\"><ul class=\"wp-block-jetpack-slideshow_swiper-wrapper swiper-wrapper\"><li class=\"wp-block-jetpack-slideshow_slide swiper-slide\"><figure><img loading=\"lazy\" decoding=\"async\" width=\"1280\" height=\"1279\" alt=\"\" class=\"wp-block-jetpack-slideshow_image wp-image-11458\" data-id=\"11458\" src=\"http:\/\/www.comuna13online.com.ar\/wp-content\/uploads\/2020\/09\/5_9.jpeg\" srcset=\"https:\/\/www.comuna13online.com.ar\/wp-content\/uploads\/2020\/09\/5_9.jpeg 1280w, https:\/\/www.comuna13online.com.ar\/wp-content\/uploads\/2020\/09\/5_9-452x452.jpeg 452w, https:\/\/www.comuna13online.com.ar\/wp-content\/uploads\/2020\/09\/5_9-1030x1029.jpeg 1030w, https:\/\/www.comuna13online.com.ar\/wp-content\/uploads\/2020\/09\/5_9-150x150.jpeg 150w, https:\/\/www.comuna13online.com.ar\/wp-content\/uploads\/2020\/09\/5_9-768x767.jpeg 768w\" sizes=\"(max-width: 1280px) 100vw, 1280px\" \/><\/figure><\/li><li class=\"wp-block-jetpack-slideshow_slide swiper-slide\"><figure><img loading=\"lazy\" decoding=\"async\" width=\"1280\" height=\"1279\" alt=\"\" class=\"wp-block-jetpack-slideshow_image wp-image-11459\" data-id=\"11459\" src=\"http:\/\/www.comuna13online.com.ar\/wp-content\/uploads\/2020\/09\/6_5.jpeg\" srcset=\"https:\/\/www.comuna13online.com.ar\/wp-content\/uploads\/2020\/09\/6_5.jpeg 1280w, https:\/\/www.comuna13online.com.ar\/wp-content\/uploads\/2020\/09\/6_5-452x452.jpeg 452w, https:\/\/www.comuna13online.com.ar\/wp-content\/uploads\/2020\/09\/6_5-1030x1029.jpeg 1030w, https:\/\/www.comuna13online.com.ar\/wp-content\/uploads\/2020\/09\/6_5-150x150.jpeg 150w, https:\/\/www.comuna13online.com.ar\/wp-content\/uploads\/2020\/09\/6_5-768x767.jpeg 768w\" sizes=\"(max-width: 1280px) 100vw, 1280px\" \/><\/figure><\/li><li class=\"wp-block-jetpack-slideshow_slide swiper-slide\"><figure><img loading=\"lazy\" decoding=\"async\" width=\"1280\" height=\"1279\" alt=\"\" class=\"wp-block-jetpack-slideshow_image wp-image-11455\" data-id=\"11455\" src=\"http:\/\/www.comuna13online.com.ar\/wp-content\/uploads\/2020\/09\/2_25.jpeg\" srcset=\"https:\/\/www.comuna13online.com.ar\/wp-content\/uploads\/2020\/09\/2_25.jpeg 1280w, https:\/\/www.comuna13online.com.ar\/wp-content\/uploads\/2020\/09\/2_25-452x452.jpeg 452w, https:\/\/www.comuna13online.com.ar\/wp-content\/uploads\/2020\/09\/2_25-1030x1029.jpeg 1030w, https:\/\/www.comuna13online.com.ar\/wp-content\/uploads\/2020\/09\/2_25-150x150.jpeg 150w, https:\/\/www.comuna13online.com.ar\/wp-content\/uploads\/2020\/09\/2_25-768x767.jpeg 768w\" sizes=\"(max-width: 1280px) 100vw, 1280px\" \/><\/figure><\/li><li class=\"wp-block-jetpack-slideshow_slide swiper-slide\"><figure><img loading=\"lazy\" decoding=\"async\" width=\"1280\" height=\"1279\" alt=\"\" class=\"wp-block-jetpack-slideshow_image wp-image-11457\" data-id=\"11457\" src=\"http:\/\/www.comuna13online.com.ar\/wp-content\/uploads\/2020\/09\/4_10.jpeg\" srcset=\"https:\/\/www.comuna13online.com.ar\/wp-content\/uploads\/2020\/09\/4_10.jpeg 1280w, https:\/\/www.comuna13online.com.ar\/wp-content\/uploads\/2020\/09\/4_10-452x452.jpeg 452w, https:\/\/www.comuna13online.com.ar\/wp-content\/uploads\/2020\/09\/4_10-1030x1029.jpeg 1030w, https:\/\/www.comuna13online.com.ar\/wp-content\/uploads\/2020\/09\/4_10-150x150.jpeg 150w, https:\/\/www.comuna13online.com.ar\/wp-content\/uploads\/2020\/09\/4_10-768x767.jpeg 768w\" sizes=\"(max-width: 1280px) 100vw, 1280px\" \/><\/figure><\/li><li class=\"wp-block-jetpack-slideshow_slide swiper-slide\"><figure><img loading=\"lazy\" decoding=\"async\" width=\"1280\" height=\"1279\" alt=\"\" class=\"wp-block-jetpack-slideshow_image wp-image-11456\" data-id=\"11456\" src=\"http:\/\/www.comuna13online.com.ar\/wp-content\/uploads\/2020\/09\/3_19.jpeg\" srcset=\"https:\/\/www.comuna13online.com.ar\/wp-content\/uploads\/2020\/09\/3_19.jpeg 1280w, https:\/\/www.comuna13online.com.ar\/wp-content\/uploads\/2020\/09\/3_19-452x452.jpeg 452w, https:\/\/www.comuna13online.com.ar\/wp-content\/uploads\/2020\/09\/3_19-1030x1029.jpeg 1030w, https:\/\/www.comuna13online.com.ar\/wp-content\/uploads\/2020\/09\/3_19-150x150.jpeg 150w, https:\/\/www.comuna13online.com.ar\/wp-content\/uploads\/2020\/09\/3_19-768x767.jpeg 768w\" sizes=\"(max-width: 1280px) 100vw, 1280px\" \/><\/figure><\/li><\/ul><a class=\"wp-block-jetpack-slideshow_button-prev swiper-button-prev swiper-button-white\" role=\"button\"><\/a><a class=\"wp-block-jetpack-slideshow_button-next swiper-button-next swiper-button-white\" role=\"button\"><\/a><a aria-label=\"Pause Slideshow\" class=\"wp-block-jetpack-slideshow_button-pause\" role=\"button\"><\/a><div class=\"wp-block-jetpack-slideshow_pagination swiper-pagination swiper-pagination-white\"><\/div><\/div><\/div>\n\n\n\n<figure class=\"wp-block-image size-large is-resized\"><img loading=\"lazy\" decoding=\"async\" data-attachment-id=\"99\" data-permalink=\"https:\/\/www.comuna13online.com.ar\/?attachment_id=99\" data-orig-file=\"https:\/\/www.comuna13online.com.ar\/wp-content\/uploads\/2017\/12\/line.jpg\" data-orig-size=\"678,1\" data-comments-opened=\"0\" data-image-meta=\"{&quot;aperture&quot;:&quot;0&quot;,&quot;credit&quot;:&quot;&quot;,&quot;camera&quot;:&quot;&quot;,&quot;caption&quot;:&quot;&quot;,&quot;created_timestamp&quot;:&quot;0&quot;,&quot;copyright&quot;:&quot;&quot;,&quot;focal_length&quot;:&quot;0&quot;,&quot;iso&quot;:&quot;0&quot;,&quot;shutter_speed&quot;:&quot;0&quot;,&quot;title&quot;:&quot;&quot;,&quot;orientation&quot;:&quot;0&quot;}\" data-image-title=\"line\" data-image-description=\"\" data-image-caption=\"\" data-large-file=\"https:\/\/www.comuna13online.com.ar\/wp-content\/uploads\/2017\/12\/line.jpg\" src=\"http:\/\/www.comuna13online.com.ar\/wp-content\/uploads\/2017\/12\/line.jpg\" alt=\"\" class=\"wp-image-99\" width=\"678\" height=\"1\" srcset=\"https:\/\/www.comuna13online.com.ar\/wp-content\/uploads\/2017\/12\/line.jpg 678w, https:\/\/www.comuna13online.com.ar\/wp-content\/uploads\/2017\/12\/line-150x1.jpg 150w, https:\/\/www.comuna13online.com.ar\/wp-content\/uploads\/2017\/12\/line-326x1.jpg 326w, https:\/\/www.comuna13online.com.ar\/wp-content\/uploads\/2017\/12\/line-80x1.jpg 80w, https:\/\/www.comuna13online.com.ar\/wp-content\/uploads\/2017\/12\/line-272x1.jpg 272w\" sizes=\"auto, (max-width: 678px) 100vw, 678px\" \/><\/figure>\n\n\n\n<figure class=\"wp-block-image size-full\"><img loading=\"lazy\" decoding=\"async\" width=\"678\" height=\"180\" data-attachment-id=\"8918\" data-permalink=\"https:\/\/www.comuna13online.com.ar\/?attachment_id=8918\" data-orig-file=\"https:\/\/www.comuna13online.com.ar\/wp-content\/uploads\/2020\/04\/corona2.jpg\" data-orig-size=\"678,180\" data-comments-opened=\"0\" data-image-meta=\"{&quot;aperture&quot;:&quot;0&quot;,&quot;credit&quot;:&quot;&quot;,&quot;camera&quot;:&quot;&quot;,&quot;caption&quot;:&quot;&quot;,&quot;created_timestamp&quot;:&quot;0&quot;,&quot;copyright&quot;:&quot;&quot;,&quot;focal_length&quot;:&quot;0&quot;,&quot;iso&quot;:&quot;0&quot;,&quot;shutter_speed&quot;:&quot;0&quot;,&quot;title&quot;:&quot;&quot;,&quot;orientation&quot;:&quot;0&quot;}\" data-image-title=\"corona2\" data-image-description=\"\" data-image-caption=\"\" data-large-file=\"https:\/\/www.comuna13online.com.ar\/wp-content\/uploads\/2020\/04\/corona2.jpg\" src=\"http:\/\/www.comuna13online.com.ar\/wp-content\/uploads\/2020\/04\/corona2.jpg\" alt=\"\" class=\"wp-image-8918\"\/><\/figure>\n","protected":false},"excerpt":{"rendered":"<div class=\"mh-excerpt\">En el marco del plan gradual de aperturas en la Ciudad, los bares y restaurantes que hayan solicitado el permiso correspondiente para funcionar deben cumplir con un protocolo sanitario para <a class=\"mh-excerpt-more\" href=\"https:\/\/www.comuna13online.com.ar\/?p=11454\" title=\"Recomendaciones para locales gastron\u00f3micos con mesas en las veredas\">[&#8230;]<\/a><\/div>\n","protected":false},"author":1,"featured_media":11460,"comment_status":"closed","ping_status":"closed","sticky":false,"template":"","format":"standard","meta":{"_uag_custom_page_level_css":"","_jetpack_memberships_contains_paid_content":false,"footnotes":"","jetpack_publicize_message":"","jetpack_publicize_feature_enabled":true,"jetpack_social_post_already_shared":true,"jetpack_social_options":{"image_generator_settings":{"template":"highway","default_image_id":0,"font":"","enabled":false},"version":2}},"categories":[279],"tags":[210,271,250],"class_list":{"0":"post-11454","1":"post","2":"type-post","3":"status-publish","4":"format-standard","5":"has-post-thumbnail","7":"category-cuarentena","8":"tag-comercio","9":"tag-coronavirus","10":"tag-h2"},"jetpack_publicize_connections":[],"jetpack_featured_media_url":"https:\/\/www.comuna13online.com.ar\/wp-content\/uploads\/2020\/09\/20200916b.jpg","uagb_featured_image_src":{"full":["https:\/\/www.comuna13online.com.ar\/wp-content\/uploads\/2020\/09\/20200916b.jpg",678,452,false],"thumbnail":["https:\/\/www.comuna13online.com.ar\/wp-content\/uploads\/2020\/09\/20200916b-150x150.jpg",96,96,true],"medium":["https:\/\/www.comuna13online.com.ar\/wp-content\/uploads\/2020\/09\/20200916b-678x452.jpg",678,452,true],"medium_large":["https:\/\/www.comuna13online.com.ar\/wp-content\/uploads\/2020\/09\/20200916b.jpg",678,452,false],"large":["https:\/\/www.comuna13online.com.ar\/wp-content\/uploads\/2020\/09\/20200916b.jpg",678,452,false],"1536x1536":["https:\/\/www.comuna13online.com.ar\/wp-content\/uploads\/2020\/09\/20200916b.jpg",678,452,false],"2048x2048":["https:\/\/www.comuna13online.com.ar\/wp-content\/uploads\/2020\/09\/20200916b.jpg",678,452,false],"mh-magazine-slider":["https:\/\/www.comuna13online.com.ar\/wp-content\/uploads\/2020\/09\/20200916b-678x438.jpg",678,438,true],"mh-magazine-content":["https:\/\/www.comuna13online.com.ar\/wp-content\/uploads\/2020\/09\/20200916b-678x381.jpg",678,381,true],"mh-magazine-large":["https:\/\/www.comuna13online.com.ar\/wp-content\/uploads\/2020\/09\/20200916b.jpg",678,452,false],"mh-magazine-medium":["https:\/\/www.comuna13online.com.ar\/wp-content\/uploads\/2020\/09\/20200916b-326x245.jpg",326,245,true],"mh-magazine-small":["https:\/\/www.comuna13online.com.ar\/wp-content\/uploads\/2020\/09\/20200916b-80x60.jpg",80,60,true],"sow-carousel-default":["https:\/\/www.comuna13online.com.ar\/wp-content\/uploads\/2020\/09\/20200916b-272x182.jpg",272,182,true]},"uagb_author_info":{"display_name":"Comuna13","author_link":"https:\/\/www.comuna13online.com.ar\/?author=1"},"uagb_comment_info":0,"uagb_excerpt":"En el marco del plan gradual de aperturas en la Ciudad, los bares y restaurantes que hayan solicitado el permiso correspondiente para funcionar deben cumplir con un protocolo sanitario para [...]","jetpack_sharing_enabled":true,"_links":{"self":[{"href":"https:\/\/www.comuna13online.com.ar\/index.php?rest_route=\/wp\/v2\/posts\/11454","targetHints":{"allow":["GET"]}}],"collection":[{"href":"https:\/\/www.comuna13online.com.ar\/index.php?rest_route=\/wp\/v2\/posts"}],"about":[{"href":"https:\/\/www.comuna13online.com.ar\/index.php?rest_route=\/wp\/v2\/types\/post"}],"author":[{"embeddable":true,"href":"https:\/\/www.comuna13online.com.ar\/index.php?rest_route=\/wp\/v2\/users\/1"}],"replies":[{"embeddable":true,"href":"https:\/\/www.comuna13online.com.ar\/index.php?rest_route=%2Fwp%2Fv2%2Fcomments&post=11454"}],"version-history":[{"count":0,"href":"https:\/\/www.comuna13online.com.ar\/index.php?rest_route=\/wp\/v2\/posts\/11454\/revisions"}],"wp:featuredmedia":[{"embeddable":true,"href":"https:\/\/www.comuna13online.com.ar\/index.php?rest_route=\/wp\/v2\/media\/11460"}],"wp:attachment":[{"href":"https:\/\/www.comuna13online.com.ar\/index.php?rest_route=%2Fwp%2Fv2%2Fmedia&parent=11454"}],"wp:term":[{"taxonomy":"category","embeddable":true,"href":"https:\/\/www.comuna13online.com.ar\/index.php?rest_route=%2Fwp%2Fv2%2Fcategories&post=11454"},{"taxonomy":"post_tag","embeddable":true,"href":"https:\/\/www.comuna13online.com.ar\/index.php?rest_route=%2Fwp%2Fv2%2Ftags&post=11454"}],"curies":[{"name":"wp","href":"https:\/\/api.w.org\/{rel}","templated":true}]}}