{"id":11449,"date":"2020-09-16T07:23:00","date_gmt":"2020-09-16T10:23:00","guid":{"rendered":"http:\/\/www.comuna13online.com.ar\/?p=11449"},"modified":"2020-09-15T15:38:18","modified_gmt":"2020-09-15T18:38:18","slug":"la-ciudad-lanzo-el-programa-de-asociatividad-entre-empresas","status":"publish","type":"post","link":"https:\/\/www.comuna13online.com.ar\/?p=11449","title":{"rendered":"La Ciudad lanz\u00f3 el Programa de Asociatividad entre Empresas"},"content":{"rendered":"\n<p><strong>Esta iniciativa de cooperaci\u00f3n busca vincular a empresas que necesitan incorporar trabajadores de forma temporaria con aquellas que puedan proveerlos y promover el empleo en este contexto de pandemia.<\/strong><\/p>\n\n\n\n<figure class=\"wp-block-image size-large\"><img loading=\"lazy\" decoding=\"async\" width=\"678\" height=\"452\" data-attachment-id=\"11450\" data-permalink=\"https:\/\/www.comuna13online.com.ar\/?attachment_id=11450\" data-orig-file=\"https:\/\/www.comuna13online.com.ar\/wp-content\/uploads\/2020\/09\/20200916a.jpg\" data-orig-size=\"678,452\" data-comments-opened=\"0\" data-image-meta=\"{&quot;aperture&quot;:&quot;0&quot;,&quot;credit&quot;:&quot;&quot;,&quot;camera&quot;:&quot;&quot;,&quot;caption&quot;:&quot;&quot;,&quot;created_timestamp&quot;:&quot;0&quot;,&quot;copyright&quot;:&quot;&quot;,&quot;focal_length&quot;:&quot;0&quot;,&quot;iso&quot;:&quot;0&quot;,&quot;shutter_speed&quot;:&quot;0&quot;,&quot;title&quot;:&quot;&quot;,&quot;orientation&quot;:&quot;0&quot;}\" data-image-title=\"20200916a\" data-image-description=\"\" data-image-caption=\"\" data-large-file=\"https:\/\/www.comuna13online.com.ar\/wp-content\/uploads\/2020\/09\/20200916a.jpg\" src=\"http:\/\/www.comuna13online.com.ar\/wp-content\/uploads\/2020\/09\/20200916a.jpg\" alt=\"\" class=\"wp-image-11450\" srcset=\"https:\/\/www.comuna13online.com.ar\/wp-content\/uploads\/2020\/09\/20200916a.jpg 678w, https:\/\/www.comuna13online.com.ar\/wp-content\/uploads\/2020\/09\/20200916a-272x182.jpg 272w\" sizes=\"auto, (max-width: 678px) 100vw, 678px\" \/><\/figure>\n\n\n\n<p>Con el objetivo de resguardar las fuentes de trabajo y sostener a las empresas que actualmente se est\u00e1n contrayendo o expandiendo a causa de la pandemia de coronavirus, el Gobierno de la Ciudad elabor\u00f3 el&nbsp;<strong>Programa de Asociatividad entre Empresas<\/strong>, que busca asociar a las compa\u00f1\u00edas que, en este coyuntura, necesitan incorporar trabajadores de manera temporaria con aquellas que puedan proveerlos.<\/p>\n\n\n\n<p>La situaci\u00f3n actual impact\u00f3 en diferentes rubros de la Ciudad de manera heterog\u00e9nea, de modo que algunos se vieron m\u00e1s perjudicados que otros. Tal es el caso del turismo, la gastronom\u00eda y los espect\u00e1culos, por dar algunos ejemplos. Pero tambi\u00e9n otras actividades se vieron beneficiadas en este tiempo, como la log\u00edstica del transporte y la comercializaci\u00f3n online, los servicios de salud y la producci\u00f3n de alimentos, entre otros.<\/p>\n\n\n\n<p>En esta l\u00ednea, el&nbsp;<strong>Ministerio de Desarrollo Econ\u00f3mico y Producci\u00f3n <\/strong>dise\u00f1\u00f3 un plan para sostener a las empresas de la Ciudad que vieron afectado su funcionamiento, capitalizando las habilidades de sus trabajadores en diferentes puestos laborales con demanda en la actualidad, vincul\u00e1ndolos con empresas que hoy necesitan sumar trabajadores de manera temporaria.<\/p>\n\n\n\n<p>Para participar. las empresas deber\u00e1n completar un formulario donde detallen qu\u00e9 perfiles necesitan y qu\u00e9 pueden ofrecer para facilitar la vinculaci\u00f3n. Aquellas con demanda laboral deber\u00e1n completar el formulario de&nbsp;<a href=\"https:\/\/forms.directa.buenosaires.gob.ar\/forms\/formV2?form=484&amp;channel=facebook\">empresas demandantes<\/a>&nbsp;y las que puedan ofrecer trabajadores deber\u00e1n llenar el formulario de&nbsp;<a href=\"https:\/\/forms.directa.buenosaires.gob.ar\/forms\/formV2?form=485&amp;channel=facebook\">empresas cedentes<\/a>.<\/p>\n\n\n\n<figure class=\"wp-block-image size-large is-resized\"><img loading=\"lazy\" decoding=\"async\" data-attachment-id=\"99\" data-permalink=\"https:\/\/www.comuna13online.com.ar\/?attachment_id=99\" data-orig-file=\"https:\/\/www.comuna13online.com.ar\/wp-content\/uploads\/2017\/12\/line.jpg\" data-orig-size=\"678,1\" data-comments-opened=\"0\" data-image-meta=\"{&quot;aperture&quot;:&quot;0&quot;,&quot;credit&quot;:&quot;&quot;,&quot;camera&quot;:&quot;&quot;,&quot;caption&quot;:&quot;&quot;,&quot;created_timestamp&quot;:&quot;0&quot;,&quot;copyright&quot;:&quot;&quot;,&quot;focal_length&quot;:&quot;0&quot;,&quot;iso&quot;:&quot;0&quot;,&quot;shutter_speed&quot;:&quot;0&quot;,&quot;title&quot;:&quot;&quot;,&quot;orientation&quot;:&quot;0&quot;}\" data-image-title=\"line\" data-image-description=\"\" data-image-caption=\"\" data-large-file=\"https:\/\/www.comuna13online.com.ar\/wp-content\/uploads\/2017\/12\/line.jpg\" src=\"http:\/\/www.comuna13online.com.ar\/wp-content\/uploads\/2017\/12\/line.jpg\" alt=\"\" class=\"wp-image-99\" width=\"678\" height=\"1\" srcset=\"https:\/\/www.comuna13online.com.ar\/wp-content\/uploads\/2017\/12\/line.jpg 678w, https:\/\/www.comuna13online.com.ar\/wp-content\/uploads\/2017\/12\/line-150x1.jpg 150w, https:\/\/www.comuna13online.com.ar\/wp-content\/uploads\/2017\/12\/line-326x1.jpg 326w, https:\/\/www.comuna13online.com.ar\/wp-content\/uploads\/2017\/12\/line-80x1.jpg 80w, https:\/\/www.comuna13online.com.ar\/wp-content\/uploads\/2017\/12\/line-272x1.jpg 272w\" sizes=\"auto, (max-width: 678px) 100vw, 678px\" \/><\/figure>\n\n\n\n<figure class=\"wp-block-image size-full\"><img loading=\"lazy\" decoding=\"async\" width=\"678\" height=\"180\" data-attachment-id=\"8918\" data-permalink=\"https:\/\/www.comuna13online.com.ar\/?attachment_id=8918\" data-orig-file=\"https:\/\/www.comuna13online.com.ar\/wp-content\/uploads\/2020\/04\/corona2.jpg\" data-orig-size=\"678,180\" data-comments-opened=\"0\" data-image-meta=\"{&quot;aperture&quot;:&quot;0&quot;,&quot;credit&quot;:&quot;&quot;,&quot;camera&quot;:&quot;&quot;,&quot;caption&quot;:&quot;&quot;,&quot;created_timestamp&quot;:&quot;0&quot;,&quot;copyright&quot;:&quot;&quot;,&quot;focal_length&quot;:&quot;0&quot;,&quot;iso&quot;:&quot;0&quot;,&quot;shutter_speed&quot;:&quot;0&quot;,&quot;title&quot;:&quot;&quot;,&quot;orientation&quot;:&quot;0&quot;}\" data-image-title=\"corona2\" data-image-description=\"\" data-image-caption=\"\" data-large-file=\"https:\/\/www.comuna13online.com.ar\/wp-content\/uploads\/2020\/04\/corona2.jpg\" src=\"http:\/\/www.comuna13online.com.ar\/wp-content\/uploads\/2020\/04\/corona2.jpg\" alt=\"\" class=\"wp-image-8918\"\/><\/figure>\n","protected":false},"excerpt":{"rendered":"<div class=\"mh-excerpt\">Esta iniciativa de cooperaci\u00f3n busca vincular a empresas que necesitan incorporar trabajadores de forma temporaria con aquellas que puedan proveerlos y promover el empleo en este contexto de pandemia. Con <a class=\"mh-excerpt-more\" href=\"https:\/\/www.comuna13online.com.ar\/?p=11449\" title=\"La Ciudad lanz\u00f3 el Programa de Asociatividad entre Empresas\">[&#8230;]<\/a><\/div>\n","protected":false},"author":1,"featured_media":11450,"comment_status":"closed","ping_status":"closed","sticky":false,"template":"","format":"standard","meta":{"_uag_custom_page_level_css":"","_jetpack_memberships_contains_paid_content":false,"footnotes":"","jetpack_publicize_message":"","jetpack_publicize_feature_enabled":true,"jetpack_social_post_already_shared":true,"jetpack_social_options":{"image_generator_settings":{"template":"highway","default_image_id":0,"font":"","enabled":false},"version":2}},"categories":[23],"tags":[210,250],"class_list":{"0":"post-11449","1":"post","2":"type-post","3":"status-publish","4":"format-standard","5":"has-post-thumbnail","7":"category-economia","8":"tag-comercio","9":"tag-h2"},"jetpack_publicize_connections":[],"jetpack_featured_media_url":"https:\/\/www.comuna13online.com.ar\/wp-content\/uploads\/2020\/09\/20200916a.jpg","uagb_featured_image_src":{"full":["https:\/\/www.comuna13online.com.ar\/wp-content\/uploads\/2020\/09\/20200916a.jpg",678,452,false],"thumbnail":["https:\/\/www.comuna13online.com.ar\/wp-content\/uploads\/2020\/09\/20200916a-150x150.jpg",96,96,true],"medium":["https:\/\/www.comuna13online.com.ar\/wp-content\/uploads\/2020\/09\/20200916a-678x452.jpg",678,452,true],"medium_large":["https:\/\/www.comuna13online.com.ar\/wp-content\/uploads\/2020\/09\/20200916a.jpg",678,452,false],"large":["https:\/\/www.comuna13online.com.ar\/wp-content\/uploads\/2020\/09\/20200916a.jpg",678,452,false],"1536x1536":["https:\/\/www.comuna13online.com.ar\/wp-content\/uploads\/2020\/09\/20200916a.jpg",678,452,false],"2048x2048":["https:\/\/www.comuna13online.com.ar\/wp-content\/uploads\/2020\/09\/20200916a.jpg",678,452,false],"mh-magazine-slider":["https:\/\/www.comuna13online.com.ar\/wp-content\/uploads\/2020\/09\/20200916a-678x438.jpg",678,438,true],"mh-magazine-content":["https:\/\/www.comuna13online.com.ar\/wp-content\/uploads\/2020\/09\/20200916a-678x381.jpg",678,381,true],"mh-magazine-large":["https:\/\/www.comuna13online.com.ar\/wp-content\/uploads\/2020\/09\/20200916a.jpg",678,452,false],"mh-magazine-medium":["https:\/\/www.comuna13online.com.ar\/wp-content\/uploads\/2020\/09\/20200916a-326x245.jpg",326,245,true],"mh-magazine-small":["https:\/\/www.comuna13online.com.ar\/wp-content\/uploads\/2020\/09\/20200916a-80x60.jpg",80,60,true],"sow-carousel-default":["https:\/\/www.comuna13online.com.ar\/wp-content\/uploads\/2020\/09\/20200916a-272x182.jpg",272,182,true]},"uagb_author_info":{"display_name":"Comuna13","author_link":"https:\/\/www.comuna13online.com.ar\/?author=1"},"uagb_comment_info":0,"uagb_excerpt":"Esta iniciativa de cooperaci\u00f3n busca vincular a empresas que necesitan incorporar trabajadores de forma temporaria con aquellas que puedan proveerlos y promover el empleo en este contexto de pandemia. Con [...]","jetpack_sharing_enabled":true,"_links":{"self":[{"href":"https:\/\/www.comuna13online.com.ar\/index.php?rest_route=\/wp\/v2\/posts\/11449","targetHints":{"allow":["GET"]}}],"collection":[{"href":"https:\/\/www.comuna13online.com.ar\/index.php?rest_route=\/wp\/v2\/posts"}],"about":[{"href":"https:\/\/www.comuna13online.com.ar\/index.php?rest_route=\/wp\/v2\/types\/post"}],"author":[{"embeddable":true,"href":"https:\/\/www.comuna13online.com.ar\/index.php?rest_route=\/wp\/v2\/users\/1"}],"replies":[{"embeddable":true,"href":"https:\/\/www.comuna13online.com.ar\/index.php?rest_route=%2Fwp%2Fv2%2Fcomments&post=11449"}],"version-history":[{"count":0,"href":"https:\/\/www.comuna13online.com.ar\/index.php?rest_route=\/wp\/v2\/posts\/11449\/revisions"}],"wp:featuredmedia":[{"embeddable":true,"href":"https:\/\/www.comuna13online.com.ar\/index.php?rest_route=\/wp\/v2\/media\/11450"}],"wp:attachment":[{"href":"https:\/\/www.comuna13online.com.ar\/index.php?rest_route=%2Fwp%2Fv2%2Fmedia&parent=11449"}],"wp:term":[{"taxonomy":"category","embeddable":true,"href":"https:\/\/www.comuna13online.com.ar\/index.php?rest_route=%2Fwp%2Fv2%2Fcategories&post=11449"},{"taxonomy":"post_tag","embeddable":true,"href":"https:\/\/www.comuna13online.com.ar\/index.php?rest_route=%2Fwp%2Fv2%2Ftags&post=11449"}],"curies":[{"name":"wp","href":"https:\/\/api.w.org\/{rel}","templated":true}]}}