{"id":10549,"date":"2020-07-03T00:51:07","date_gmt":"2020-07-03T03:51:07","guid":{"rendered":"http:\/\/www.comuna13online.com.ar\/?p=10549"},"modified":"2020-07-03T13:06:57","modified_gmt":"2020-07-03T16:06:57","slug":"vicegobernadores-avanzan-en-la-integracion-federal","status":"publish","type":"post","link":"https:\/\/www.comuna13online.com.ar\/?p=10549","title":{"rendered":"Vicegobernadores avanzan en la integraci\u00f3n federal"},"content":{"rendered":"\n<p><strong>Los titulares de los parlamentos provinciales se reunieron en forma virtual en el marco del programa \u201cLegislaturas Conectadas\u201d que busca  generar soluciones en las emergencias.<\/strong><\/p>\n\n\n\n<figure class=\"wp-block-image size-large\"><img loading=\"lazy\" decoding=\"async\" width=\"678\" height=\"452\" data-attachment-id=\"10550\" data-permalink=\"https:\/\/www.comuna13online.com.ar\/?attachment_id=10550\" data-orig-file=\"https:\/\/www.comuna13online.com.ar\/wp-content\/uploads\/2020\/07\/20200703b.jpg\" data-orig-size=\"678,452\" data-comments-opened=\"0\" data-image-meta=\"{&quot;aperture&quot;:&quot;0&quot;,&quot;credit&quot;:&quot;&quot;,&quot;camera&quot;:&quot;&quot;,&quot;caption&quot;:&quot;&quot;,&quot;created_timestamp&quot;:&quot;0&quot;,&quot;copyright&quot;:&quot;&quot;,&quot;focal_length&quot;:&quot;0&quot;,&quot;iso&quot;:&quot;0&quot;,&quot;shutter_speed&quot;:&quot;0&quot;,&quot;title&quot;:&quot;&quot;,&quot;orientation&quot;:&quot;0&quot;}\" data-image-title=\"20200703b\" data-image-description=\"\" data-image-caption=\"\" data-large-file=\"https:\/\/www.comuna13online.com.ar\/wp-content\/uploads\/2020\/07\/20200703b.jpg\" src=\"http:\/\/www.comuna13online.com.ar\/wp-content\/uploads\/2020\/07\/20200703b.jpg\" alt=\"\" class=\"wp-image-10550\" srcset=\"https:\/\/www.comuna13online.com.ar\/wp-content\/uploads\/2020\/07\/20200703b.jpg 678w, https:\/\/www.comuna13online.com.ar\/wp-content\/uploads\/2020\/07\/20200703b-272x182.jpg 272w\" sizes=\"auto, (max-width: 678px) 100vw, 678px\" \/><\/figure>\n\n\n\n<p>Los vicegobernadores de provincias argentinas mantuvieron esta semana una nueva reuni\u00f3n por videoconferencia, continuando con el programa \u201cLegislaturas Conectadas\u201d e impulsando otras iniciativas federalistas como la Liga de Vicegobernadores.<\/p>\n\n\n\n<p>El vicejefe de Gobierno de la Ciudad Aut\u00f3noma de Buenos Aires,&nbsp;<strong>Diego Santilli<\/strong>, si bien no pudo participar personalmente, manifest\u00f3 su total adhesi\u00f3n a esos encuentros que sirven para&nbsp;<em>\u201cencontrar soluciones en las emergencias y aportan a la construcci\u00f3n del futuro\u201d.<\/em><\/p>\n\n\n\n<p><em>\u00abLa cohesi\u00f3n y el intercambio de experiencias facilitan consensos y es algo que estamos practicando en medio de esta pandemia. Para seguir conectados y unidos es que estamos trabajando pese a la distancia\u00bb<\/em>, reafirm\u00f3 Santilli.<\/p>\n\n\n\n<br><\/br>\n<div align=\"center\">\n<blockquote class=\"twitter-tweet\"><p lang=\"es\" dir=\"ltr\">Los titulares de parlamentos provinciales se reunieron en forma virtual para avanzar en la integraci\u00f3n federal. Fue en el marco del programa \u201cLegislaturas Conectadas\u201d. <a href=\"https:\/\/twitter.com\/lconectadas?ref_src=twsrc%5Etfw\">@lconectadas<\/a> <a href=\"https:\/\/t.co\/yBzZGia35Z\">pic.twitter.com\/yBzZGia35Z<\/a><\/p>&mdash; Legislatura CABA (@LegisCABA) <a href=\"https:\/\/twitter.com\/LegisCABA\/status\/1278402502313021450?ref_src=twsrc%5Etfw\">July 1, 2020<\/a><\/blockquote> <script async src=\"https:\/\/platform.twitter.com\/widgets.js\" charset=\"utf-8\"><\/script>\n<\/div><br><\/br>\n\n\n\n<p>Durante la primera reuni\u00f3n, el Vicegobernador de Corrientes,&nbsp;<strong>Gustavo Canteros<\/strong>, destac\u00f3 la importancia del programa Legislaturas Conectadas, que comunica a los Poderes Legislativos a trav\u00e9s de sus \u00e1reas institucionales de prensa. En dicha ocasi\u00f3n, los vicegobernadores, presidentes de los parlamentos provinciales, informaron acerca de sus actividades.&nbsp;<\/p>\n\n\n\n<p>Bajo el lema \u201cel federalismo lo hacemos entre todos\u201d, Canteros convoc\u00f3 a integrar un espacio federal de intercambio institucional. En ese marco, se acord\u00f3 una agenda que, en el d\u00eda de ayer, tuvo como invitado especial al ministro del Interior,&nbsp;<strong>Wado De Pedro<\/strong>. El funcionario nacional inst\u00f3 a los vicegobernadores a trabajar juntos y celebr\u00f3 la iniciativa.<\/p>\n\n\n\n<p>En las reuniones virtuales\u00a0han participado los vicegobernadores de Catamarca,\u00a0<strong>Rub\u00e9n Dusso<\/strong>; Chubut,\u00a0<strong>Ricardo Sastre<\/strong>; Entre R\u00edos,\u00a0<strong>Mar\u00eda Laura Stratta<\/strong>; Jujuy,\u00a0<strong>Carlos Haquim<\/strong>; La Rioja,\u00a0<strong>Florencia L\u00f3pez<\/strong>; Mendoza,\u00a0<strong>Mario Abed<\/strong>; Misiones,\u00a0<strong>Carlos Arce<\/strong>; Neuqu\u00e9n,\u00a0<strong>Marcos Koopmann<\/strong>; R\u00edo Negro,\u00a0<strong>Alejandro Palmieri<\/strong>; Salta,\u00a0<strong>Antonio Marocco<\/strong>; SanJuan,\u00a0<strong>Roberto Gattoni<\/strong>; San Luis,<strong>\u00a0Eduardo M\u00f3nez Ruiz<\/strong>; Santiago del Estero,\u00a0<strong>Carlos Silva Neder<\/strong>; Tierra del Fuego, Ant\u00e1rtida e Islas del Atl\u00e1ntico Sur,\u00a0<strong>M\u00f3nica Urquiza<\/strong>; Tucum\u00e1n,\u00a0<strong>Osvaldo Jaldo<\/strong>, y el anfitri\u00f3n correntino\u00a0<strong>Gustavo Canteros<\/strong>.<\/p>\n\n\n\n<figure class=\"wp-block-image size-large is-resized\"><img loading=\"lazy\" decoding=\"async\" data-attachment-id=\"99\" data-permalink=\"https:\/\/www.comuna13online.com.ar\/?attachment_id=99\" data-orig-file=\"https:\/\/www.comuna13online.com.ar\/wp-content\/uploads\/2017\/12\/line.jpg\" data-orig-size=\"678,1\" data-comments-opened=\"0\" data-image-meta=\"{&quot;aperture&quot;:&quot;0&quot;,&quot;credit&quot;:&quot;&quot;,&quot;camera&quot;:&quot;&quot;,&quot;caption&quot;:&quot;&quot;,&quot;created_timestamp&quot;:&quot;0&quot;,&quot;copyright&quot;:&quot;&quot;,&quot;focal_length&quot;:&quot;0&quot;,&quot;iso&quot;:&quot;0&quot;,&quot;shutter_speed&quot;:&quot;0&quot;,&quot;title&quot;:&quot;&quot;,&quot;orientation&quot;:&quot;0&quot;}\" data-image-title=\"line\" data-image-description=\"\" data-image-caption=\"\" data-large-file=\"https:\/\/www.comuna13online.com.ar\/wp-content\/uploads\/2017\/12\/line.jpg\" src=\"http:\/\/www.comuna13online.com.ar\/wp-content\/uploads\/2017\/12\/line.jpg\" alt=\"\" class=\"wp-image-99\" width=\"678\" height=\"1\" srcset=\"https:\/\/www.comuna13online.com.ar\/wp-content\/uploads\/2017\/12\/line.jpg 678w, https:\/\/www.comuna13online.com.ar\/wp-content\/uploads\/2017\/12\/line-150x1.jpg 150w, https:\/\/www.comuna13online.com.ar\/wp-content\/uploads\/2017\/12\/line-326x1.jpg 326w, https:\/\/www.comuna13online.com.ar\/wp-content\/uploads\/2017\/12\/line-80x1.jpg 80w, https:\/\/www.comuna13online.com.ar\/wp-content\/uploads\/2017\/12\/line-272x1.jpg 272w\" sizes=\"auto, (max-width: 678px) 100vw, 678px\" \/><\/figure>\n\n\n\n<figure class=\"wp-block-image size-full\"><img loading=\"lazy\" decoding=\"async\" width=\"678\" height=\"180\" data-attachment-id=\"8918\" data-permalink=\"https:\/\/www.comuna13online.com.ar\/?attachment_id=8918\" data-orig-file=\"https:\/\/www.comuna13online.com.ar\/wp-content\/uploads\/2020\/04\/corona2.jpg\" data-orig-size=\"678,180\" data-comments-opened=\"0\" data-image-meta=\"{&quot;aperture&quot;:&quot;0&quot;,&quot;credit&quot;:&quot;&quot;,&quot;camera&quot;:&quot;&quot;,&quot;caption&quot;:&quot;&quot;,&quot;created_timestamp&quot;:&quot;0&quot;,&quot;copyright&quot;:&quot;&quot;,&quot;focal_length&quot;:&quot;0&quot;,&quot;iso&quot;:&quot;0&quot;,&quot;shutter_speed&quot;:&quot;0&quot;,&quot;title&quot;:&quot;&quot;,&quot;orientation&quot;:&quot;0&quot;}\" data-image-title=\"corona2\" data-image-description=\"\" data-image-caption=\"\" data-large-file=\"https:\/\/www.comuna13online.com.ar\/wp-content\/uploads\/2020\/04\/corona2.jpg\" src=\"http:\/\/www.comuna13online.com.ar\/wp-content\/uploads\/2020\/04\/corona2.jpg\" alt=\"\" class=\"wp-image-8918\"\/><\/figure>\n","protected":false},"excerpt":{"rendered":"<div class=\"mh-excerpt\">Los titulares de los parlamentos provinciales se reunieron en forma virtual en el marco del programa \u201cLegislaturas Conectadas\u201d que busca generar soluciones en las emergencias. Los vicegobernadores de provincias argentinas <a class=\"mh-excerpt-more\" href=\"https:\/\/www.comuna13online.com.ar\/?p=10549\" title=\"Vicegobernadores avanzan en la integraci\u00f3n federal\">[&#8230;]<\/a><\/div>\n","protected":false},"author":1,"featured_media":10550,"comment_status":"closed","ping_status":"closed","sticky":false,"template":"","format":"standard","meta":{"_uag_custom_page_level_css":"","_jetpack_memberships_contains_paid_content":false,"footnotes":"","jetpack_publicize_message":"","jetpack_publicize_feature_enabled":true,"jetpack_social_post_already_shared":true,"jetpack_social_options":{"image_generator_settings":{"template":"highway","default_image_id":0,"font":"","enabled":false},"version":2}},"categories":[21],"tags":[250],"class_list":{"0":"post-10549","1":"post","2":"type-post","3":"status-publish","4":"format-standard","5":"has-post-thumbnail","7":"category-legislatura","8":"tag-h2"},"jetpack_publicize_connections":[],"jetpack_featured_media_url":"https:\/\/www.comuna13online.com.ar\/wp-content\/uploads\/2020\/07\/20200703b.jpg","uagb_featured_image_src":{"full":["https:\/\/www.comuna13online.com.ar\/wp-content\/uploads\/2020\/07\/20200703b.jpg",678,452,false],"thumbnail":["https:\/\/www.comuna13online.com.ar\/wp-content\/uploads\/2020\/07\/20200703b-150x150.jpg",96,96,true],"medium":["https:\/\/www.comuna13online.com.ar\/wp-content\/uploads\/2020\/07\/20200703b-678x452.jpg",678,452,true],"medium_large":["https:\/\/www.comuna13online.com.ar\/wp-content\/uploads\/2020\/07\/20200703b.jpg",678,452,false],"large":["https:\/\/www.comuna13online.com.ar\/wp-content\/uploads\/2020\/07\/20200703b.jpg",678,452,false],"1536x1536":["https:\/\/www.comuna13online.com.ar\/wp-content\/uploads\/2020\/07\/20200703b.jpg",678,452,false],"2048x2048":["https:\/\/www.comuna13online.com.ar\/wp-content\/uploads\/2020\/07\/20200703b.jpg",678,452,false],"mh-magazine-slider":["https:\/\/www.comuna13online.com.ar\/wp-content\/uploads\/2020\/07\/20200703b-678x438.jpg",678,438,true],"mh-magazine-content":["https:\/\/www.comuna13online.com.ar\/wp-content\/uploads\/2020\/07\/20200703b-678x381.jpg",678,381,true],"mh-magazine-large":["https:\/\/www.comuna13online.com.ar\/wp-content\/uploads\/2020\/07\/20200703b.jpg",678,452,false],"mh-magazine-medium":["https:\/\/www.comuna13online.com.ar\/wp-content\/uploads\/2020\/07\/20200703b-326x245.jpg",326,245,true],"mh-magazine-small":["https:\/\/www.comuna13online.com.ar\/wp-content\/uploads\/2020\/07\/20200703b-80x60.jpg",80,60,true],"sow-carousel-default":["https:\/\/www.comuna13online.com.ar\/wp-content\/uploads\/2020\/07\/20200703b-272x182.jpg",272,182,true]},"uagb_author_info":{"display_name":"Comuna13","author_link":"https:\/\/www.comuna13online.com.ar\/?author=1"},"uagb_comment_info":0,"uagb_excerpt":"Los titulares de los parlamentos provinciales se reunieron en forma virtual en el marco del programa \u201cLegislaturas Conectadas\u201d que busca generar soluciones en las emergencias. Los vicegobernadores de provincias argentinas [...]","jetpack_sharing_enabled":true,"_links":{"self":[{"href":"https:\/\/www.comuna13online.com.ar\/index.php?rest_route=\/wp\/v2\/posts\/10549","targetHints":{"allow":["GET"]}}],"collection":[{"href":"https:\/\/www.comuna13online.com.ar\/index.php?rest_route=\/wp\/v2\/posts"}],"about":[{"href":"https:\/\/www.comuna13online.com.ar\/index.php?rest_route=\/wp\/v2\/types\/post"}],"author":[{"embeddable":true,"href":"https:\/\/www.comuna13online.com.ar\/index.php?rest_route=\/wp\/v2\/users\/1"}],"replies":[{"embeddable":true,"href":"https:\/\/www.comuna13online.com.ar\/index.php?rest_route=%2Fwp%2Fv2%2Fcomments&post=10549"}],"version-history":[{"count":0,"href":"https:\/\/www.comuna13online.com.ar\/index.php?rest_route=\/wp\/v2\/posts\/10549\/revisions"}],"wp:featuredmedia":[{"embeddable":true,"href":"https:\/\/www.comuna13online.com.ar\/index.php?rest_route=\/wp\/v2\/media\/10550"}],"wp:attachment":[{"href":"https:\/\/www.comuna13online.com.ar\/index.php?rest_route=%2Fwp%2Fv2%2Fmedia&parent=10549"}],"wp:term":[{"taxonomy":"category","embeddable":true,"href":"https:\/\/www.comuna13online.com.ar\/index.php?rest_route=%2Fwp%2Fv2%2Fcategories&post=10549"},{"taxonomy":"post_tag","embeddable":true,"href":"https:\/\/www.comuna13online.com.ar\/index.php?rest_route=%2Fwp%2Fv2%2Ftags&post=10549"}],"curies":[{"name":"wp","href":"https:\/\/api.w.org\/{rel}","templated":true}]}}