{"id":10471,"date":"2020-06-30T12:32:54","date_gmt":"2020-06-30T15:32:54","guid":{"rendered":"http:\/\/www.comuna13online.com.ar\/?p=10471"},"modified":"2020-06-30T12:32:56","modified_gmt":"2020-06-30T15:32:56","slug":"mas-testeos-y-seguimiento-de-contactos-estrechos-en-toda-la-ciudad","status":"publish","type":"post","link":"https:\/\/www.comuna13online.com.ar\/?p=10471","title":{"rendered":"M\u00e1s testeos y seguimiento de contactos estrechos en toda la Ciudad"},"content":{"rendered":"\n<p><strong>Lo anunci\u00f3 \u00e9sta ma\u00f1ana Horacio Rodr\u00edguez Larreta, \u201cSabemos que no son f\u00e1ciles, son medidas que generan angustia, pero tenemos que reducir al m\u00ednimo el contacto personal\u201d, explic\u00f3 el mandatario porte\u00f1o.<\/strong> <\/p>\n\n\n\n<figure class=\"wp-block-image size-large\"><img loading=\"lazy\" decoding=\"async\" width=\"678\" height=\"367\" data-attachment-id=\"10473\" data-permalink=\"https:\/\/www.comuna13online.com.ar\/?attachment_id=10473\" data-orig-file=\"https:\/\/www.comuna13online.com.ar\/wp-content\/uploads\/2020\/06\/20200630a1.jpg\" data-orig-size=\"678,367\" data-comments-opened=\"0\" data-image-meta=\"{&quot;aperture&quot;:&quot;0&quot;,&quot;credit&quot;:&quot;&quot;,&quot;camera&quot;:&quot;&quot;,&quot;caption&quot;:&quot;&quot;,&quot;created_timestamp&quot;:&quot;0&quot;,&quot;copyright&quot;:&quot;&quot;,&quot;focal_length&quot;:&quot;0&quot;,&quot;iso&quot;:&quot;0&quot;,&quot;shutter_speed&quot;:&quot;0&quot;,&quot;title&quot;:&quot;&quot;,&quot;orientation&quot;:&quot;0&quot;}\" data-image-title=\"20200630a1\" data-image-description=\"\" data-image-caption=\"\" data-large-file=\"https:\/\/www.comuna13online.com.ar\/wp-content\/uploads\/2020\/06\/20200630a1.jpg\" src=\"http:\/\/www.comuna13online.com.ar\/wp-content\/uploads\/2020\/06\/20200630a1.jpg\" alt=\"\" class=\"wp-image-10473\"\/><\/figure>\n\n\n\n<p>El jefe de Gobierno porte\u00f1o,\u00a0Horacio Rodr\u00edguez Larreta, brind\u00f3 este martes detalles de la estrategia de ampliaci\u00f3n de testeos y la b\u00fasqueda de contactos estrechos en toda la Ciudad, en el marco del aislamiento social, preventivo y obligatorio por el coronavirus.<\/p>\n\n\n\n<p><em>\u201cSabemos que no son f\u00e1ciles, son medidas que generan angustia, pero tenemos que reducir al m\u00ednimo el contacto personal\u201d<\/em>, expres\u00f3 al comienzo de la conferencia de prensa Rodr\u00edguez Larreta.<\/p>\n\n\n\n<p>El Jefe de Gobierno dijo que <em>\u201cestamos convencidos que la combinaci\u00f3n de restringir el contacto personal con una pol\u00edtica de detecci\u00f3n temprana, testeo y aislamiento, en otras ciudades del mundo ha probado que eso aplana y despu\u00e9s reduce la tasa de contagios\u201d<\/em>.<\/p>\n\n\n\n<p><em>\u201cPor eso es que decidimos que el transporte p\u00fablico va a ser s\u00f3lo para trabajadores que cumplen tareas esenciales. Tambi\u00e9n ya reforzamos desde el d\u00eda de ayer los accesos a la Ciudad y estamos trabajando para controlar la circulaci\u00f3n dentro de la Ciudad\u201d<\/em>, indic\u00f3.<\/p>\n\n\n\n<p>El Jefe de Gobierno agreg\u00f3 que <em>\u201cla actividad f\u00edsica queda restringida entre el 1 y el 17 de julio, y s\u00f3lo van a quedar abiertos los comercios esenciales\u201d<\/em>.<\/p>\n\n\n\n<p><em>\u201cLo que s\u00ed vamos a mantener, que creemos que es muy importante, son las salidas de los chicos durante el fin de semana\u201d<\/em>, dijo.<br><span class=\"has-inline-color has-white-color\">.<\/span><\/p>\n\n\n\n<div align=\"center\">\n<blockquote class=\"twitter-tweet\"><p lang=\"es\" dir=\"ltr\">Como ya saben, anticip\u00e1bamos un aumento de casos y ese momento lleg\u00f3. Esta ma\u00f1ana, con <a href=\"https:\/\/twitter.com\/FernanQuirosBA?ref_src=twsrc%5Etfw\">@FernanQuirosBA<\/a>, <a href=\"https:\/\/twitter.com\/soyjuanjomendez?ref_src=twsrc%5Etfw\">@soyjuanjomendez<\/a> y <a href=\"https:\/\/twitter.com\/MarceDaless?ref_src=twsrc%5Etfw\">@MarceDaless<\/a> les contamos el detalle de las nuevas medidas para esta etapa. Abro hilo as\u00ed pueden conocer c\u00f3mo ser\u00e1 este trabajo durante las pr\u00f3ximas semanas. <a href=\"https:\/\/t.co\/FL74A0tHQn\">pic.twitter.com\/FL74A0tHQn<\/a><\/p>&mdash; Horacio Rodr\u00edguez Larreta \u270b???? (@horaciorlarreta) <a href=\"https:\/\/twitter.com\/horaciorlarreta\/status\/1277932145433022465?ref_src=twsrc%5Etfw\">June 30, 2020<\/a><\/blockquote> <script async src=\"https:\/\/platform.twitter.com\/widgets.js\" charset=\"utf-8\"><\/script>\n<\/div><br><\/br>\n\n\n\n<p>Rodr\u00edguez Larreta asegur\u00f3 que <em>\u201cen paralelo vamos a seguir buscando el virus barrio por barrio en la Ciudad\u201d<\/em>.<\/p>\n\n\n\n<p>Al respecto, precis\u00f3 que <em>\u201cal d\u00eda de ayer se hab\u00edan realizado 81.269 testeos. Estamos en 2.500 por d\u00eda, tenemos una proyecci\u00f3n para llegar a 4.000 en la pr\u00f3xima semana\u201d<\/em>.<\/p>\n\n\n\n<p>Asimismo, indic\u00f3 que <em>\u201cpor cada persona aislada que vamos logrando es una persona menos en la Ciudad que tiene riesgo de contagiar a otros. Ayer ten\u00edamos 3.950 personas aisladas en hoteles de la Ciudad\u201d<\/em>.<\/p>\n\n\n\n<p><em>\u201cDado el \u00e9xito que tuvimos en los barrios vulnerables, hoy ya lo estamos llevando a toda la Ciudad: estamos en Balvanera, Flores, La Boca, Constituci\u00f3n, Barracas, Almagro, Palermo, Soldati, Paternal, y cada dos d\u00edas seguimos sumando un barrio\u201d<\/em>, enumer\u00f3.<\/p>\n\n\n\n<p><em>\u201cEmpezamos con un equipo de 500 personas que hac\u00edan las entrevistas, los seguimientos, y hace m\u00e1s de una semana que tenemos 1.000 personas, y estamos haciendo crecer ese n\u00famero para llevarlo a 2.000 dentro de la pr\u00f3xima semana\u201d<\/em>, se\u00f1al\u00f3 el Jefe de Gobierno.<\/p>\n\n\n\n<p>Por otra parte, dijo que <em>\u201cotra iniciativa fundamental es reducir el riesgo de contagios en algunos sectores de alto riesgo, como los trabajadores de la salud. Para eso los testeamos a todos, hicimos 46.097 test r\u00e1pidos en los hospitales, y eso lo vamos a repetir una vez por semana\u201d<\/em>.<\/p>\n\n\n\n<p>De esa cantidad total <em>\u201cse determinaron 1.200 hisopados y casi 300 casos positivos\u201d<\/em>, confirm\u00f3.<\/p>\n\n\n\n<p><em>\u201cLo mismo hicimos en los geri\u00e1tricos. Se hicieron 9.226 test r\u00e1pidos, de los cuales se hicieron 236 hisopados, y en ese caso hubo 21 casos positivos\u201d<\/em>, se\u00f1al\u00f3.<\/p>\n\n\n\n<p>Rodr\u00edguez Larreta estuvo acompa\u00f1ado por el ministro de Salud, Fern\u00e1n Quir\u00f3s; el secretario de Justicia y Seguridad, Marcelo D&#8217;Alessandro, y el secretario de Transporte y Obras P\u00fablicas, Juan Jos\u00e9 Mendez.<\/p>\n\n\n\n<p class=\"has-text-align-right has-small-font-size\">Fuente: Prensa G.C.B.A.<\/p>\n\n\n\n<figure class=\"wp-block-image size-large is-resized\"><img loading=\"lazy\" decoding=\"async\" data-attachment-id=\"99\" data-permalink=\"https:\/\/www.comuna13online.com.ar\/?attachment_id=99\" data-orig-file=\"https:\/\/www.comuna13online.com.ar\/wp-content\/uploads\/2017\/12\/line.jpg\" data-orig-size=\"678,1\" data-comments-opened=\"0\" data-image-meta=\"{&quot;aperture&quot;:&quot;0&quot;,&quot;credit&quot;:&quot;&quot;,&quot;camera&quot;:&quot;&quot;,&quot;caption&quot;:&quot;&quot;,&quot;created_timestamp&quot;:&quot;0&quot;,&quot;copyright&quot;:&quot;&quot;,&quot;focal_length&quot;:&quot;0&quot;,&quot;iso&quot;:&quot;0&quot;,&quot;shutter_speed&quot;:&quot;0&quot;,&quot;title&quot;:&quot;&quot;,&quot;orientation&quot;:&quot;0&quot;}\" data-image-title=\"line\" data-image-description=\"\" data-image-caption=\"\" data-large-file=\"https:\/\/www.comuna13online.com.ar\/wp-content\/uploads\/2017\/12\/line.jpg\" src=\"http:\/\/www.comuna13online.com.ar\/wp-content\/uploads\/2017\/12\/line.jpg\" alt=\"\" class=\"wp-image-99\" width=\"678\" height=\"1\" srcset=\"https:\/\/www.comuna13online.com.ar\/wp-content\/uploads\/2017\/12\/line.jpg 678w, https:\/\/www.comuna13online.com.ar\/wp-content\/uploads\/2017\/12\/line-150x1.jpg 150w, https:\/\/www.comuna13online.com.ar\/wp-content\/uploads\/2017\/12\/line-326x1.jpg 326w, https:\/\/www.comuna13online.com.ar\/wp-content\/uploads\/2017\/12\/line-80x1.jpg 80w, https:\/\/www.comuna13online.com.ar\/wp-content\/uploads\/2017\/12\/line-272x1.jpg 272w\" sizes=\"auto, (max-width: 678px) 100vw, 678px\" \/><\/figure>\n\n\n\n<figure class=\"wp-block-image size-full\"><img loading=\"lazy\" decoding=\"async\" width=\"678\" height=\"180\" data-attachment-id=\"8918\" data-permalink=\"https:\/\/www.comuna13online.com.ar\/?attachment_id=8918\" data-orig-file=\"https:\/\/www.comuna13online.com.ar\/wp-content\/uploads\/2020\/04\/corona2.jpg\" data-orig-size=\"678,180\" data-comments-opened=\"0\" data-image-meta=\"{&quot;aperture&quot;:&quot;0&quot;,&quot;credit&quot;:&quot;&quot;,&quot;camera&quot;:&quot;&quot;,&quot;caption&quot;:&quot;&quot;,&quot;created_timestamp&quot;:&quot;0&quot;,&quot;copyright&quot;:&quot;&quot;,&quot;focal_length&quot;:&quot;0&quot;,&quot;iso&quot;:&quot;0&quot;,&quot;shutter_speed&quot;:&quot;0&quot;,&quot;title&quot;:&quot;&quot;,&quot;orientation&quot;:&quot;0&quot;}\" data-image-title=\"corona2\" data-image-description=\"\" data-image-caption=\"\" data-large-file=\"https:\/\/www.comuna13online.com.ar\/wp-content\/uploads\/2020\/04\/corona2.jpg\" src=\"http:\/\/www.comuna13online.com.ar\/wp-content\/uploads\/2020\/04\/corona2.jpg\" alt=\"\" class=\"wp-image-8918\"\/><\/figure>\n","protected":false},"excerpt":{"rendered":"<div class=\"mh-excerpt\">Lo anunci\u00f3 \u00e9sta ma\u00f1ana Horacio Rodr\u00edguez Larreta, \u201cSabemos que no son f\u00e1ciles, son medidas que generan angustia, pero tenemos que reducir al m\u00ednimo el contacto personal\u201d, explic\u00f3 el mandatario porte\u00f1o. <a class=\"mh-excerpt-more\" href=\"https:\/\/www.comuna13online.com.ar\/?p=10471\" title=\"M\u00e1s testeos y seguimiento de contactos estrechos en toda la Ciudad\">[&#8230;]<\/a><\/div>\n","protected":false},"author":1,"featured_media":10472,"comment_status":"closed","ping_status":"closed","sticky":false,"template":"","format":"standard","meta":{"_uag_custom_page_level_css":"","_jetpack_memberships_contains_paid_content":false,"footnotes":"","jetpack_publicize_message":"","jetpack_publicize_feature_enabled":true,"jetpack_social_post_already_shared":true,"jetpack_social_options":{"image_generator_settings":{"template":"highway","default_image_id":0,"font":"","enabled":false},"version":2}},"categories":[269],"tags":[271,246,250,31],"class_list":{"0":"post-10471","1":"post","2":"type-post","3":"status-publish","4":"format-standard","5":"has-post-thumbnail","7":"category-coronavirus","8":"tag-coronavirus","9":"tag-h1","10":"tag-h2","11":"tag-larreta"},"jetpack_publicize_connections":[],"jetpack_featured_media_url":"https:\/\/www.comuna13online.com.ar\/wp-content\/uploads\/2020\/06\/20200630a.jpg","uagb_featured_image_src":{"full":["https:\/\/www.comuna13online.com.ar\/wp-content\/uploads\/2020\/06\/20200630a.jpg",1030,438,false],"thumbnail":["https:\/\/www.comuna13online.com.ar\/wp-content\/uploads\/2020\/06\/20200630a-150x150.jpg",96,96,true],"medium":["https:\/\/www.comuna13online.com.ar\/wp-content\/uploads\/2020\/06\/20200630a-678x288.jpg",678,288,true],"medium_large":["https:\/\/www.comuna13online.com.ar\/wp-content\/uploads\/2020\/06\/20200630a-768x327.jpg",768,327,true],"large":["https:\/\/www.comuna13online.com.ar\/wp-content\/uploads\/2020\/06\/20200630a.jpg",1030,438,false],"1536x1536":["https:\/\/www.comuna13online.com.ar\/wp-content\/uploads\/2020\/06\/20200630a.jpg",1030,438,false],"2048x2048":["https:\/\/www.comuna13online.com.ar\/wp-content\/uploads\/2020\/06\/20200630a.jpg",1030,438,false],"mh-magazine-slider":["https:\/\/www.comuna13online.com.ar\/wp-content\/uploads\/2020\/06\/20200630a-1030x438.jpg",1030,438,true],"mh-magazine-content":["https:\/\/www.comuna13online.com.ar\/wp-content\/uploads\/2020\/06\/20200630a-678x381.jpg",678,381,true],"mh-magazine-large":["https:\/\/www.comuna13online.com.ar\/wp-content\/uploads\/2020\/06\/20200630a-678x438.jpg",678,438,true],"mh-magazine-medium":["https:\/\/www.comuna13online.com.ar\/wp-content\/uploads\/2020\/06\/20200630a-326x245.jpg",326,245,true],"mh-magazine-small":["https:\/\/www.comuna13online.com.ar\/wp-content\/uploads\/2020\/06\/20200630a-80x60.jpg",80,60,true],"sow-carousel-default":["https:\/\/www.comuna13online.com.ar\/wp-content\/uploads\/2020\/06\/20200630a-272x182.jpg",272,182,true]},"uagb_author_info":{"display_name":"Comuna13","author_link":"https:\/\/www.comuna13online.com.ar\/?author=1"},"uagb_comment_info":0,"uagb_excerpt":"Lo anunci\u00f3 \u00e9sta ma\u00f1ana Horacio Rodr\u00edguez Larreta, \u201cSabemos que no son f\u00e1ciles, son medidas que generan angustia, pero tenemos que reducir al m\u00ednimo el contacto personal\u201d, explic\u00f3 el mandatario porte\u00f1o. [...]","jetpack_sharing_enabled":true,"_links":{"self":[{"href":"https:\/\/www.comuna13online.com.ar\/index.php?rest_route=\/wp\/v2\/posts\/10471","targetHints":{"allow":["GET"]}}],"collection":[{"href":"https:\/\/www.comuna13online.com.ar\/index.php?rest_route=\/wp\/v2\/posts"}],"about":[{"href":"https:\/\/www.comuna13online.com.ar\/index.php?rest_route=\/wp\/v2\/types\/post"}],"author":[{"embeddable":true,"href":"https:\/\/www.comuna13online.com.ar\/index.php?rest_route=\/wp\/v2\/users\/1"}],"replies":[{"embeddable":true,"href":"https:\/\/www.comuna13online.com.ar\/index.php?rest_route=%2Fwp%2Fv2%2Fcomments&post=10471"}],"version-history":[{"count":0,"href":"https:\/\/www.comuna13online.com.ar\/index.php?rest_route=\/wp\/v2\/posts\/10471\/revisions"}],"wp:featuredmedia":[{"embeddable":true,"href":"https:\/\/www.comuna13online.com.ar\/index.php?rest_route=\/wp\/v2\/media\/10472"}],"wp:attachment":[{"href":"https:\/\/www.comuna13online.com.ar\/index.php?rest_route=%2Fwp%2Fv2%2Fmedia&parent=10471"}],"wp:term":[{"taxonomy":"category","embeddable":true,"href":"https:\/\/www.comuna13online.com.ar\/index.php?rest_route=%2Fwp%2Fv2%2Fcategories&post=10471"},{"taxonomy":"post_tag","embeddable":true,"href":"https:\/\/www.comuna13online.com.ar\/index.php?rest_route=%2Fwp%2Fv2%2Ftags&post=10471"}],"curies":[{"name":"wp","href":"https:\/\/api.w.org\/{rel}","templated":true}]}}