{"id":10449,"date":"2020-06-26T18:46:46","date_gmt":"2020-06-26T21:46:46","guid":{"rendered":"http:\/\/www.comuna13online.com.ar\/?p=10449"},"modified":"2020-06-26T18:46:50","modified_gmt":"2020-06-26T21:46:50","slug":"el-aislamiento-se-extiende-hasta-el-17-de-julio-con-fuertes-restricciones-a-la-circulacion","status":"publish","type":"post","link":"https:\/\/www.comuna13online.com.ar\/?p=10449","title":{"rendered":"El aislamiento se extiende hasta el 17 de julio con fuertes restricciones a la circulaci\u00f3n"},"content":{"rendered":"\n<p><strong>En un mensaje grabado, el Presidente Alberto Fern\u00e1ndez junto a Rodr\u00edguez Larreta y Axel Kicillof anunci\u00f3 un endurecimiento de la cuarentena en el area metropolitana por el aumento de contagios diarios de covid-19.<\/strong><\/p>\n\n\n\n<iframe loading=\"lazy\" width=\"678\" height=\"381\" src=\"https:\/\/www.youtube.com\/embed\/4wVtd0yaSRM?start=172\" frameborder=\"0\" allow=\"accelerometer; autoplay; encrypted-media; gyroscope; picture-in-picture\" allowfullscreen><\/iframe>\n<br><\/br>\n\n\n\n<p>El presidente Alberto Fern\u00e1ndez anunci\u00f3 esta tarde que el \u00c1rea Metropolitana de Buenos Aires volver\u00e1 a una fase estricta del aislamiento social preventivo y obligatorio, entre el 1 y el 17 de julio, para enfrentar la pandemia de coronavirus COVID-19.<\/p>\n\n\n\n<p><em><strong>\u201cHoy, el 97 por ciento de los casos que se detectan ocurren en el \u00c1rea Metropolitana de Buenos Aires, y en los \u00faltimos 20 d\u00edas los casos aumentaron un 147 por ciento, y los fallecidos aumentaron un 95 por ciento\u201d<\/strong><\/em>, inform\u00f3 el primer mandatario desde la residencia de Olivos, donde estuvo acompa\u00f1ado por el gobernador de la provincia de Buenos Aires, Axel Kicillof, y el jefe de Gobierno porte\u00f1o, Horacio Rodr\u00edguez Larreta.<\/p>\n\n\n\n<p>Y subray\u00f3: <em>\u201cTenemos que hacer algo para parar el ritmo del contagio, para aliviar las camas ocupadas y seguir garantizando que todos los argentinos tengan la atenci\u00f3n que merecen\u201d, al tiempo que explic\u00f3 que \u201cdebemos ser solidarios con el resto del pa\u00eds\u201d<\/em>.<\/p>\n\n\n\n<p>Las nuevas restricciones al aislamiento social preventivo y obligatorio implicar\u00e1n la limitaci\u00f3n en el uso del servicio de transporte p\u00fablico, que estar\u00e1 destinado exclusivamente a los trabajadores de los servicios esenciales, que son 24 seg\u00fan el art\u00edculo 6\u00b0 del decreto 297\/2020.<\/p>\n\n\n\n<p>Quienes est\u00e9n en esta \u00faltima situaci\u00f3n y se trasladen con sus autom\u00f3viles deber\u00e1n solicitar nuevamente el permiso de circulaci\u00f3n correspondiente. <strong><em>\u201cVamos a volver a sacar a las fuerzas de seguridad para controlar el tr\u00e1fico de autom\u00f3viles y de personas para que solo se muevan los que cumplen actividades esenciales\u201d<\/em><\/strong>, enfatiz\u00f3 el Presidente.<br><span class=\"has-inline-color has-white-color\">.<\/span><\/p>\n\n\n\n<div align=\"center\">\n<blockquote class=\"twitter-tweet\"><p lang=\"es\" dir=\"ltr\">En los \u00faltimos d\u00edas, el contagio del virus aument\u00f3 exponencialmente en el AMBA. Por eso decidimos con <a href=\"https:\/\/twitter.com\/Kicillofok?ref_src=twsrc%5Etfw\">@KicillofOK<\/a> y <a href=\"https:\/\/twitter.com\/horaciorlarreta?ref_src=twsrc%5Etfw\">@horaciorlarreta<\/a> que deb\u00edamos tomar medidas m\u00e1s restrictivas a la circulaci\u00f3n. Lo hacemos con un solo objetivo: proteger la vida de los argentinos. <a href=\"https:\/\/t.co\/hR6X0Th1e9\">pic.twitter.com\/hR6X0Th1e9<\/a><\/p>&mdash; Alberto Fern\u00e1ndez (@alferdez) <a href=\"https:\/\/twitter.com\/alferdez\/status\/1276614467351121933?ref_src=twsrc%5Etfw\">June 26, 2020<\/a><\/blockquote> <script async src=\"https:\/\/platform.twitter.com\/widgets.js\" charset=\"utf-8\"><\/script>\n<\/div>\n<br><\/br>\n\n\n\n<p>Respecto del empleo p\u00fablico, se propiciar\u00e1 que tanto en Naci\u00f3n, como en Ciudad y Provincia se limite la circulaci\u00f3n de trabajadores para incentivar el trabajo remoto en todos los casos en que pueda realizarse.<\/p>\n\n\n\n<p>Fern\u00e1ndez anunci\u00f3 tambi\u00e9n que el Gobierno nacional continuar\u00e1 asistiendo al trabajo y la producci\u00f3n en las zonas afectadas del AMBA, as\u00ed como continuar\u00e1 con el pago del IFE a quienes lo necesiten en ese \u00e1rea, en Chaco y en algunas zonas de R\u00edo Negro. <em>\u201cAs\u00ed, estaremos preservando el empleo y dando tranquilidad a los empresarios, alivi\u00e1ndolos de una inversi\u00f3n muy alta que son los salarios\u201d<\/em>, destac\u00f3.<br><br>Record\u00f3 que <em>\u201clos comerciantes y los profesionales independientes tienen la posibilidad de acceder a un cr\u00e9dito a tasa 0, en relaci\u00f3n a sus actividades\u201d<\/em>.<\/p>\n\n\n\n<p>Por \u00faltimo, inform\u00f3 sobre la continuidad del plan Detectar tanto en la Ciudad como en la provincia de Buenos Aires para descubrir contagios y dar los tratamientos que corresponden a los v\u00ednculos de proximidad de quien tiene test positivo. <em>\u201cProfundizaremos con mayor cantidad de gente y de test\u201d<\/em>, se\u00f1al\u00f3 el mandatario.<\/p>\n\n\n\n<p><strong><em>\u201cVamos a mejorar nuestra capacidad de diagn\u00f3stico m\u00e9dico con test m\u00e1s r\u00e1pidos y vamos a aprovechar mejor los centros de aislamiento\u201d<\/em><\/strong>, subray\u00f3 el jefe de Estado.<\/p>\n\n\n\n<p>Respecto de la importancia de continuar respetando el aislamiento social, el Presidente remarc\u00f3: <strong><em>\u201cLa cuarentena es un remedio, el \u00fanico que conocemos. Estamos enamorados de la vida, por eso la cuidamos tanto. Por eso nos pesa tanto ese n\u00famero tr\u00e1gico de mil personas que dejaron de estar entre nosotros\u201d<\/em><\/strong>.<\/p>\n\n\n\n<p><strong><em>\u201cPor eso, con la conciencia que nos genera que no haya m\u00e1s muertos es que estamos tomando las decisiones que hoy tomamos. Pero quiero que todos entendamos que en este tiempo que pas\u00f3 todo este esfuerzo que hicimos no fue in\u00fatil. Si no hubi\u00e9ramos hecho lo que hicimos todo hubiera sido m\u00e1s grave\u201d<\/em> <\/strong>indic\u00f3.<\/p>\n\n\n\n<p>En relaci\u00f3n a la tasa de crecimiento de contagios en todo el territorio, el Presidente explic\u00f3 que \u201csi Argentina hubiera seguido el ritmo de Brasil, hoy, tendr\u00eda 10 mil muertos\u201d y se\u00f1al\u00f3 que \u201cla incidencia de la cuarentena est\u00e1 en la cantidad de fallecimientos. Ah\u00ed uno se da cuenta que tuvo sentido el esfuerzo\u201d.<\/p>\n\n\n\n<p>En cuanto a la situaci\u00f3n econ\u00f3mica en el resto del pa\u00eds, el mandatario se\u00f1al\u00f3 que <strong><em>\u201cfuera del AMBA, la actividad econ\u00f3mica funciona en un 80 por ciento, en 20 provincias el 95 por ciento de los comercios ya est\u00e1 trabajando, y el Estado est\u00e1 apoyando a los argentinos en asistencia, pagar parte de salarios, pasando por asignaciones espec\u00edficas\u201d<\/em><\/strong>.<\/p>\n\n\n\n<p><em>\u201cQue nosotros hayamos podido dar el IFE evit\u00f3 que entre 2 millones y medio y 4 millones y medio de personas cayeran en la pobreza y la indigencia. Es un enorme esfuerzo que hicimos entre todos\u201d<\/em>, especific\u00f3.<\/p>\n\n\n\n<h3 class=\"wp-block-heading\"><strong>Detalle de las actividades esenciales:<\/strong><\/h3>\n\n\n\n<p>Las 24 actividades esenciales cuyos trabajadores estar\u00e1n autorizados a desplazarse en el AMBA est\u00e1n definidas con precisi\u00f3n en el art\u00edculo 6\u00b0 del decreto 297\/2020, son:<br><br><strong>1.<\/strong> Personal de Salud, Fuerzas de seguridad, Fuerzas Armadas, actividad migratoria, servicio meteorol\u00f3gico nacional, bomberos y control de tr\u00e1fico a\u00e9reo.<\/p>\n\n\n\n<p><strong>2.<\/strong> Autoridades superiores de los gobiernos nacional, provinciales, municipales y de la Ciudad Aut\u00f3noma de Buenos Aires Trabajadores y trabajadoras del sector p\u00fablico nacional, provincial, municipal y de la Ciudad Aut\u00f3noma de Buenos Aires, convocados para garantizar actividades esenciales requeridas por las respectivas autoridades.<\/p>\n\n\n\n<p><strong>3.<\/strong> Personal de los servicios de justicia de turno, conforme establezcan las autoridades competentes.<\/p>\n\n\n\n<p><strong>4.<\/strong> Personal diplom\u00e1tico y consular extranjero acreditado ante el gobierno argentino, en el marco de la Convenci\u00f3n de Viena sobre Relaciones Diplom\u00e1ticas y la Convenci\u00f3n de Viena de 1963 sobre Relaciones Consulares y al personal de los organismos internacionales acreditados ante el gobierno argentino, de la Cruz Roja y Cascos Blancos.<\/p>\n\n\n\n<p><strong>5.<\/strong> Personas que deban asistir a otras con discapacidad; familiares que necesiten asistencia; a personas mayores; a ni\u00f1os, a ni\u00f1as y a adolescentes.<br><strong>6.<\/strong> Personas que deban atender una situaci\u00f3n de fuerza mayor.<\/p>\n\n\n\n<p><strong>7.<\/strong> Personas afectadas a la realizaci\u00f3n de servicios funerarios, entierros y cremaciones. En tal marco, no se autorizan actividades que signifiquen reuni\u00f3n de personas.<br><strong>8.<\/strong> Personas afectadas a la atenci\u00f3n de comedores escolares, comunitarios y merenderos.<\/p>\n\n\n\n<p><strong>9.<\/strong> Personal que se desempe\u00f1a en los servicios de comunicaci\u00f3n audiovisuales, radiales y gr\u00e1ficos.<\/p>\n\n\n\n<p><strong>10.<\/strong> Personal afectado a obra p\u00fablica.<\/p>\n\n\n\n<p><strong>11.<\/strong> Supermercados mayoristas y minoristas y comercios minoristas de proximidad. Farmacias. Ferreter\u00edas. Veterinarias. Provisi\u00f3n de garrafas.<\/p>\n\n\n\n<p><strong>12.<\/strong> Industrias de alimentaci\u00f3n, su cadena productiva e insumos; de higiene personal y limpieza; de equipamiento m\u00e9dico, medicamentos, vacunas y otros insumos sanitarios.<\/p>\n\n\n\n<p><strong>13.<\/strong> Actividades vinculadas con la producci\u00f3n, distribuci\u00f3n y comercializaci\u00f3n agropecuaria y de pesca.<\/p>\n\n\n\n<p><strong>14.<\/strong> Actividades de telecomunicaciones, internet fija y m\u00f3vil y servicios digitales.<\/p>\n\n\n\n<p><strong>15.<\/strong> Actividades impostergables vinculadas con el comercio exterior.<\/p>\n\n\n\n<p><strong>16.<\/strong> Recolecci\u00f3n, transporte y tratamiento de residuos s\u00f3lidos urbanos, peligrosos y patog\u00e9nicos.<\/p>\n\n\n\n<p><strong>17.<\/strong> Mantenimiento de los servicios b\u00e1sicos (agua, electricidad, gas, comunicaciones, etc.) y atenci\u00f3n de emergencias.<\/p>\n\n\n\n<p><strong>18.<\/strong> Transporte p\u00fablico de pasajeros, transporte de mercader\u00edas, petr\u00f3leo, combustibles y GLP.<\/p>\n\n\n\n<p><strong>19.<\/strong> Reparto a domicilio de alimentos, medicamentos, productos de higiene, de limpieza y otros insumos de necesidad.<\/p>\n\n\n\n<p><strong>20.<\/strong> Servicios de lavander\u00eda.<\/p>\n\n\n\n<p><strong>21.<\/strong> Servicios postales y de distribuci\u00f3n de paqueter\u00eda.<\/p>\n\n\n\n<p><strong>22.<\/strong> Servicios esenciales de vigilancia, limpieza y guardia.<\/p>\n\n\n\n<p><strong>23.<\/strong> Guardias m\u00ednimas que aseguren la operaci\u00f3n y mantenimiento de Yacimientos de Petr\u00f3leo y Gas, plantas de tratamiento y\/o refinaci\u00f3n de Petr\u00f3leo y gas, transporte y distribuci\u00f3n de energ\u00eda el\u00e9ctrica, combustibles l\u00edquidos, petr\u00f3leo y gas, estaciones expendedoras de combustibles y generadores de energ\u00eda el\u00e9ctrica.<\/p>\n\n\n\n<p><strong>24.<\/strong> S.E. Casa de Moneda, servicios de cajeros autom\u00e1ticos, transporte de caudales y todas aquellas actividades que el BANCO CENTRAL DE LA REP\u00daBLICA ARGENTINA disponga imprescindibles para garantizar el funcionamiento del sistema de pagos.<\/p>\n\n\n\n<figure class=\"wp-block-image size-large is-resized\"><img loading=\"lazy\" decoding=\"async\" data-attachment-id=\"99\" data-permalink=\"https:\/\/www.comuna13online.com.ar\/?attachment_id=99\" data-orig-file=\"https:\/\/www.comuna13online.com.ar\/wp-content\/uploads\/2017\/12\/line.jpg\" data-orig-size=\"678,1\" data-comments-opened=\"0\" data-image-meta=\"{&quot;aperture&quot;:&quot;0&quot;,&quot;credit&quot;:&quot;&quot;,&quot;camera&quot;:&quot;&quot;,&quot;caption&quot;:&quot;&quot;,&quot;created_timestamp&quot;:&quot;0&quot;,&quot;copyright&quot;:&quot;&quot;,&quot;focal_length&quot;:&quot;0&quot;,&quot;iso&quot;:&quot;0&quot;,&quot;shutter_speed&quot;:&quot;0&quot;,&quot;title&quot;:&quot;&quot;,&quot;orientation&quot;:&quot;0&quot;}\" data-image-title=\"line\" data-image-description=\"\" data-image-caption=\"\" data-large-file=\"https:\/\/www.comuna13online.com.ar\/wp-content\/uploads\/2017\/12\/line.jpg\" src=\"http:\/\/www.comuna13online.com.ar\/wp-content\/uploads\/2017\/12\/line.jpg\" alt=\"\" class=\"wp-image-99\" width=\"678\" height=\"1\" srcset=\"https:\/\/www.comuna13online.com.ar\/wp-content\/uploads\/2017\/12\/line.jpg 678w, https:\/\/www.comuna13online.com.ar\/wp-content\/uploads\/2017\/12\/line-150x1.jpg 150w, https:\/\/www.comuna13online.com.ar\/wp-content\/uploads\/2017\/12\/line-326x1.jpg 326w, https:\/\/www.comuna13online.com.ar\/wp-content\/uploads\/2017\/12\/line-80x1.jpg 80w, https:\/\/www.comuna13online.com.ar\/wp-content\/uploads\/2017\/12\/line-272x1.jpg 272w\" sizes=\"auto, (max-width: 678px) 100vw, 678px\" \/><\/figure>\n\n\n\n<figure class=\"wp-block-image size-full\"><img loading=\"lazy\" decoding=\"async\" width=\"678\" height=\"180\" data-attachment-id=\"8918\" data-permalink=\"https:\/\/www.comuna13online.com.ar\/?attachment_id=8918\" data-orig-file=\"https:\/\/www.comuna13online.com.ar\/wp-content\/uploads\/2020\/04\/corona2.jpg\" data-orig-size=\"678,180\" data-comments-opened=\"0\" data-image-meta=\"{&quot;aperture&quot;:&quot;0&quot;,&quot;credit&quot;:&quot;&quot;,&quot;camera&quot;:&quot;&quot;,&quot;caption&quot;:&quot;&quot;,&quot;created_timestamp&quot;:&quot;0&quot;,&quot;copyright&quot;:&quot;&quot;,&quot;focal_length&quot;:&quot;0&quot;,&quot;iso&quot;:&quot;0&quot;,&quot;shutter_speed&quot;:&quot;0&quot;,&quot;title&quot;:&quot;&quot;,&quot;orientation&quot;:&quot;0&quot;}\" data-image-title=\"corona2\" data-image-description=\"\" data-image-caption=\"\" data-large-file=\"https:\/\/www.comuna13online.com.ar\/wp-content\/uploads\/2020\/04\/corona2.jpg\" src=\"http:\/\/www.comuna13online.com.ar\/wp-content\/uploads\/2020\/04\/corona2.jpg\" alt=\"\" class=\"wp-image-8918\"\/><\/figure>\n","protected":false},"excerpt":{"rendered":"<div class=\"mh-excerpt\">En un mensaje grabado, el Presidente Alberto Fern\u00e1ndez junto a Rodr\u00edguez Larreta y Axel Kicillof anunci\u00f3 un endurecimiento de la cuarentena en el area metropolitana por el aumento de contagios <a class=\"mh-excerpt-more\" href=\"https:\/\/www.comuna13online.com.ar\/?p=10449\" title=\"El aislamiento se extiende hasta el 17 de julio con fuertes restricciones a la circulaci\u00f3n\">[&#8230;]<\/a><\/div>\n","protected":false},"author":1,"featured_media":10450,"comment_status":"closed","ping_status":"closed","sticky":false,"template":"","format":"standard","meta":{"_uag_custom_page_level_css":"","_jetpack_memberships_contains_paid_content":false,"footnotes":"","jetpack_publicize_message":"","jetpack_publicize_feature_enabled":true,"jetpack_social_post_already_shared":true,"jetpack_social_options":{"image_generator_settings":{"template":"highway","default_image_id":0,"font":"","enabled":false},"version":2}},"categories":[279],"tags":[271,246,250,231],"class_list":{"0":"post-10449","1":"post","2":"type-post","3":"status-publish","4":"format-standard","5":"has-post-thumbnail","7":"category-cuarentena","8":"tag-coronavirus","9":"tag-h1","10":"tag-h2","11":"tag-lomasvisto"},"jetpack_publicize_connections":[],"jetpack_featured_media_url":"https:\/\/www.comuna13online.com.ar\/wp-content\/uploads\/2020\/06\/20200626d.jpg","uagb_featured_image_src":{"full":["https:\/\/www.comuna13online.com.ar\/wp-content\/uploads\/2020\/06\/20200626d.jpg",1030,438,false],"thumbnail":["https:\/\/www.comuna13online.com.ar\/wp-content\/uploads\/2020\/06\/20200626d-150x150.jpg",96,96,true],"medium":["https:\/\/www.comuna13online.com.ar\/wp-content\/uploads\/2020\/06\/20200626d-678x288.jpg",678,288,true],"medium_large":["https:\/\/www.comuna13online.com.ar\/wp-content\/uploads\/2020\/06\/20200626d-768x327.jpg",768,327,true],"large":["https:\/\/www.comuna13online.com.ar\/wp-content\/uploads\/2020\/06\/20200626d.jpg",1030,438,false],"1536x1536":["https:\/\/www.comuna13online.com.ar\/wp-content\/uploads\/2020\/06\/20200626d.jpg",1030,438,false],"2048x2048":["https:\/\/www.comuna13online.com.ar\/wp-content\/uploads\/2020\/06\/20200626d.jpg",1030,438,false],"mh-magazine-slider":["https:\/\/www.comuna13online.com.ar\/wp-content\/uploads\/2020\/06\/20200626d-1030x438.jpg",1030,438,true],"mh-magazine-content":["https:\/\/www.comuna13online.com.ar\/wp-content\/uploads\/2020\/06\/20200626d-678x381.jpg",678,381,true],"mh-magazine-large":["https:\/\/www.comuna13online.com.ar\/wp-content\/uploads\/2020\/06\/20200626d-678x438.jpg",678,438,true],"mh-magazine-medium":["https:\/\/www.comuna13online.com.ar\/wp-content\/uploads\/2020\/06\/20200626d-326x245.jpg",326,245,true],"mh-magazine-small":["https:\/\/www.comuna13online.com.ar\/wp-content\/uploads\/2020\/06\/20200626d-80x60.jpg",80,60,true],"sow-carousel-default":["https:\/\/www.comuna13online.com.ar\/wp-content\/uploads\/2020\/06\/20200626d-272x182.jpg",272,182,true]},"uagb_author_info":{"display_name":"Comuna13","author_link":"https:\/\/www.comuna13online.com.ar\/?author=1"},"uagb_comment_info":0,"uagb_excerpt":"En un mensaje grabado, el Presidente Alberto Fern\u00e1ndez junto a Rodr\u00edguez Larreta y Axel Kicillof anunci\u00f3 un endurecimiento de la cuarentena en el area metropolitana por el aumento de contagios [...]","jetpack_sharing_enabled":true,"_links":{"self":[{"href":"https:\/\/www.comuna13online.com.ar\/index.php?rest_route=\/wp\/v2\/posts\/10449","targetHints":{"allow":["GET"]}}],"collection":[{"href":"https:\/\/www.comuna13online.com.ar\/index.php?rest_route=\/wp\/v2\/posts"}],"about":[{"href":"https:\/\/www.comuna13online.com.ar\/index.php?rest_route=\/wp\/v2\/types\/post"}],"author":[{"embeddable":true,"href":"https:\/\/www.comuna13online.com.ar\/index.php?rest_route=\/wp\/v2\/users\/1"}],"replies":[{"embeddable":true,"href":"https:\/\/www.comuna13online.com.ar\/index.php?rest_route=%2Fwp%2Fv2%2Fcomments&post=10449"}],"version-history":[{"count":0,"href":"https:\/\/www.comuna13online.com.ar\/index.php?rest_route=\/wp\/v2\/posts\/10449\/revisions"}],"wp:featuredmedia":[{"embeddable":true,"href":"https:\/\/www.comuna13online.com.ar\/index.php?rest_route=\/wp\/v2\/media\/10450"}],"wp:attachment":[{"href":"https:\/\/www.comuna13online.com.ar\/index.php?rest_route=%2Fwp%2Fv2%2Fmedia&parent=10449"}],"wp:term":[{"taxonomy":"category","embeddable":true,"href":"https:\/\/www.comuna13online.com.ar\/index.php?rest_route=%2Fwp%2Fv2%2Fcategories&post=10449"},{"taxonomy":"post_tag","embeddable":true,"href":"https:\/\/www.comuna13online.com.ar\/index.php?rest_route=%2Fwp%2Fv2%2Ftags&post=10449"}],"curies":[{"name":"wp","href":"https:\/\/api.w.org\/{rel}","templated":true}]}}