{"id":10439,"date":"2020-06-26T01:59:03","date_gmt":"2020-06-26T04:59:03","guid":{"rendered":"http:\/\/www.comuna13online.com.ar\/?p=10439"},"modified":"2020-06-26T14:10:11","modified_gmt":"2020-06-26T17:10:11","slug":"noestassola-autoras-latinoamericanas-unen-sus-voces-para-frenar-la-violencia-contra-la-mujer","status":"publish","type":"post","link":"https:\/\/www.comuna13online.com.ar\/?p=10439","title":{"rendered":"#NoEstasSola: Autoras latinoamericanas unen sus voces para frenar la violencia contra la mujer"},"content":{"rendered":"\n<p><strong>La activista Danna Clark ha convocado a otras nueve destacadas mujeres latinoamericanas para formar parte de la campa\u00f1a #NoEstasSola. Todas ellas participan en un&nbsp;emotivo video&nbsp;&nbsp;recitando un poema de Clark, en coautor\u00eda con la poeta argentina Ornella M. Manzi:&nbsp;<em>No est\u00e1s sola<\/em>.<\/strong><\/p>\n\n\n\n<figure class=\"wp-block-image size-large\"><img loading=\"lazy\" decoding=\"async\" width=\"678\" height=\"452\" data-attachment-id=\"10443\" data-permalink=\"https:\/\/www.comuna13online.com.ar\/?attachment_id=10443\" data-orig-file=\"https:\/\/www.comuna13online.com.ar\/wp-content\/uploads\/2020\/06\/20200626c.jpg\" data-orig-size=\"678,452\" data-comments-opened=\"0\" data-image-meta=\"{&quot;aperture&quot;:&quot;0&quot;,&quot;credit&quot;:&quot;&quot;,&quot;camera&quot;:&quot;&quot;,&quot;caption&quot;:&quot;&quot;,&quot;created_timestamp&quot;:&quot;0&quot;,&quot;copyright&quot;:&quot;&quot;,&quot;focal_length&quot;:&quot;0&quot;,&quot;iso&quot;:&quot;0&quot;,&quot;shutter_speed&quot;:&quot;0&quot;,&quot;title&quot;:&quot;&quot;,&quot;orientation&quot;:&quot;0&quot;}\" data-image-title=\"20200626c\" data-image-description=\"\" data-image-caption=\"\" data-large-file=\"https:\/\/www.comuna13online.com.ar\/wp-content\/uploads\/2020\/06\/20200626c.jpg\" src=\"http:\/\/www.comuna13online.com.ar\/wp-content\/uploads\/2020\/06\/20200626c.jpg\" alt=\"\" class=\"wp-image-10443\" srcset=\"https:\/\/www.comuna13online.com.ar\/wp-content\/uploads\/2020\/06\/20200626c.jpg 678w, https:\/\/www.comuna13online.com.ar\/wp-content\/uploads\/2020\/06\/20200626c-272x182.jpg 272w\" sizes=\"auto, (max-width: 678px) 100vw, 678px\" \/><\/figure>\n\n\n\n<p>Una de cada tres mujeres en el mundo ha sufrido alguna vez violencia f\u00edsica o sexual, seg\u00fan ONU Mujeres. Asimismo, solo en el \u00faltimo a\u00f1o, alrededor de 243 millones de mujeres y ni\u00f1as han sido v\u00edctimas de alg\u00fan compa\u00f1ero sentimental.<\/p>\n\n\n\n<p>La mayor\u00eda de estos hechos han sido registrados durante el confinamiento, per\u00edodo en el cual se ha aumentado los niveles de violencia, producto del estr\u00e9s. Muchas mujeres se han vuelto m\u00e1s vulnerables al tener que convivir con agresor. Asimismo, la crisis econ\u00f3mica originada por la pandemia se ha convertido en otro factor que afecta a las mujeres, quienes muchas veces dependen econ\u00f3micamente de sus parejas.<\/p>\n\n\n\n<p>Para hacerle frente a esta realidad, la poeta peruano-estadounidense <strong>Danna Clark<\/strong>, autora del poemario <em>Literapy<\/em> y creadora de la cuenta en instagram con el mismo nombre, ha convocado a otras nueve destacadas mujeres latinoamericanas para formar parte de la campa\u00f1a #NoEstasSola. Todas ellas participan en un emotivo video recitando un poema de Clark, en coautor\u00eda con la poeta argentina Ornella M. Manzi: <em>No est\u00e1s sola<\/em>.<\/p>\n\n\n\n<figure class=\"wp-block-video\"><video controls src=\"http:\/\/www.comuna13online.com.ar\/wp-content\/uploads\/2020\/06\/10000000_262352688550231_3324433283150037942_n-2.mp4\"><\/video><\/figure><br><\/br>\n\n\n\n<p>En esta creaci\u00f3n art\u00edstica, se dibuja el escenario de una mujer violentada y el encuentro con su valent\u00eda para detener la situaci\u00f3n de maltrato. Con esta iniciativa buscan disminuir el abuso hacia las mujeres y extender un soporte para aquellas que se sienten desprotegidas.<\/p>\n\n\n\n<p>Adem\u00e1s de Clark y Manzi, en el video tambi\u00e9n participan la psic\u00f3loga y escritora chilena Pilar Sordo, la presentadora y actriz venezolana Erika de La Vega, la ex Miss Venezuela In\u00e9s Mar\u00eda Calero, la conductora de tv y psic\u00f3loga mexicana M\u00f3nica Contreras, la terapeuta sist\u00e9mica familia y autora Jael Toledo y la periodista chileno-estadounidense Jeannette Kaplun. Asimismo, se involucran en la campa\u00f1a las escritoras Maca Lauriente, Ale Pastore y Lizeth D\u00edaz.<\/p>\n\n\n\n<h3 class=\"wp-block-heading\"><strong>Asesor\u00eda a mujeres<\/strong><\/h3>\n\n\n\n<p>Esta iniciativa ofrece una <a href=\"https:\/\/www.literapyworld.com\/danna-clark-blog\/noestassola\">gu\u00eda de centros de ayuda<\/a> en distintos pa\u00edses de Am\u00e9rica Latina y Estados Unidos, la cual tambi\u00e9n est\u00e1 disponible en la web <a href=\"http:\/\/www.literapyworld.com\" target=\"_blank\" rel=\"noreferrer noopener\">www.literapyworld.com<\/a>. Con la campa\u00f1a se busca fortalecer y dar soporte a aquellas mujeres que se sienten vulnerables, para brindarles una luz de esperanza; es un llamado a la resiliencia.<\/p>\n\n\n\n<p>Adem\u00e1s, las mujeres que busquen ayuda a trav\u00e9s de la web o Instagram, recibir\u00e1n orientaci\u00f3n por parte de una psic\u00f3loga, quien redireccionar\u00e1 los casos hacia las instituciones encargadas de proteger los derechos de las mujeres en cada pa\u00eds y har\u00e1 el respectivo seguimiento.<\/p>\n\n\n\n<p><\/p>\n\n\n\n<div class=\"wp-block-uagb-advanced-heading uagb-block-caeb1f37\"><h2 class=\"uagb-heading-text\">No est\u00e1s Sola<\/h2><div class=\"uagb-separator-wrap\"><div class=\"uagb-separator\"><\/div><\/div><p class=\"uagb-desc-text\">Danna Clark y Ornella Manzi<br><span class=\"has-inline-color has-white-color\">.<\/span><\/p><\/div>\n\n\n\n<p class=\"has-text-align-left\">Ella siente el goteo de la lluvia,<br>su ritmo es lo m\u00e1s parecido a la paz en estos d\u00edas lentos,<br>id\u00e9nticos.<br>Hasta que el ruido seco de aquellas gotas,<br>le rebota contra el cuerpo cansado,&nbsp;<br>humedeciendo sus p\u00f3mulos de realidad.<\/p>\n\n\n\n<p>\u00c9l,<br>se acerca amenazante,&nbsp;<br>le recuerda que este mundo no fue hecho para ella.&nbsp;<br>Ella finge,<br>para salvaguardar su humanidad.<br>Siente su espacio invadido, su existencia diminuta.<br>Siente el bombeo de su sangre,&nbsp;<br>esta vez es un ruido agudo que se cuela entre sus o\u00eddos, y es,&nbsp;<br>un coraz\u00f3n atrapado en un espacio llamado hogar,&nbsp;<br>que m\u00e1s parece una amenaza a su integridad.<\/p>\n\n\n\n<p>Ella siente apretado,<br>repite,&nbsp;<br>refleja,&nbsp;<br>proyecta.<\/p>\n\n\n\n<p>Es la asignatura del miedo,&nbsp;<br>aquella que la persigue desde siempre,&nbsp;<br>aquella hecha de c\u00f3digos contrarios a la dignidad.<\/p>\n\n\n\n<p>Aquel espacio hueco en el centro de su pecho,<br>que llevaba una vida llen\u00e1ndose de miedo,<br>estaba a punto de gritar,&nbsp;<br>denunciar,&nbsp;<br>pero no hab\u00eda donde correr,<br>ni como escapar.<\/p>\n\n\n\n<p>Ella,<br>entonces,<br>se recog\u00eda a si misma del suelo,&nbsp;<br>gota a gota,&nbsp;<br>para volver a vivir momentos id\u00e9nticos,&nbsp;<br>d\u00eda a d\u00eda,<br>noche a noche,<br>entre la oscuridad\u2026..<br>y algunas intensas l\u00e1grimas de libertad.<br>Y eso,<br>que no &nbsp;pedia amor&#8230;. sino tan solo paz.<\/p>\n\n\n\n<p>El dolor que en un inicio la rompi\u00f3,<br>ahora la llenaba de coraje.<br>Y las l\u00e1grimas que una vez llovieron por sus ojos,<br>ahora le permit\u00edan florecer.<\/p>\n\n\n\n<p>Ella,<br>camin\u00f3,<br>corri\u00f3,<br>denunci\u00f3,<br>cosi\u00f3 sus heridas con hilos dorados<br>y desde all\u00ed tendi\u00f3 sus hilos hacia las dem\u00e1s.<\/p>\n\n\n\n<p>Re afirm\u00f3 su poder desde el centro de su pecho<br>Su piel antes cansada,<br>ahora marcada , resultaba a\u00fan mas hermosa.<\/p>\n\n\n\n<p>Ella,<br>Brill\u00f3,<br>y con ella brillamos todas,<br>que ahora unidas,<br>&nbsp;no solo tuvimos paz,<br>&nbsp;sino tambi\u00e9n<br>amor.<\/p>\n\n\n\n<figure class=\"wp-block-image size-large is-resized\"><img loading=\"lazy\" decoding=\"async\" data-attachment-id=\"99\" data-permalink=\"https:\/\/www.comuna13online.com.ar\/?attachment_id=99\" data-orig-file=\"https:\/\/www.comuna13online.com.ar\/wp-content\/uploads\/2017\/12\/line.jpg\" data-orig-size=\"678,1\" data-comments-opened=\"0\" data-image-meta=\"{&quot;aperture&quot;:&quot;0&quot;,&quot;credit&quot;:&quot;&quot;,&quot;camera&quot;:&quot;&quot;,&quot;caption&quot;:&quot;&quot;,&quot;created_timestamp&quot;:&quot;0&quot;,&quot;copyright&quot;:&quot;&quot;,&quot;focal_length&quot;:&quot;0&quot;,&quot;iso&quot;:&quot;0&quot;,&quot;shutter_speed&quot;:&quot;0&quot;,&quot;title&quot;:&quot;&quot;,&quot;orientation&quot;:&quot;0&quot;}\" data-image-title=\"line\" data-image-description=\"\" data-image-caption=\"\" data-large-file=\"https:\/\/www.comuna13online.com.ar\/wp-content\/uploads\/2017\/12\/line.jpg\" src=\"http:\/\/www.comuna13online.com.ar\/wp-content\/uploads\/2017\/12\/line.jpg\" alt=\"\" class=\"wp-image-99\" width=\"678\" height=\"1\" srcset=\"https:\/\/www.comuna13online.com.ar\/wp-content\/uploads\/2017\/12\/line.jpg 678w, https:\/\/www.comuna13online.com.ar\/wp-content\/uploads\/2017\/12\/line-150x1.jpg 150w, https:\/\/www.comuna13online.com.ar\/wp-content\/uploads\/2017\/12\/line-326x1.jpg 326w, https:\/\/www.comuna13online.com.ar\/wp-content\/uploads\/2017\/12\/line-80x1.jpg 80w, https:\/\/www.comuna13online.com.ar\/wp-content\/uploads\/2017\/12\/line-272x1.jpg 272w\" sizes=\"auto, (max-width: 678px) 100vw, 678px\" \/><\/figure>\n\n\n\n<figure class=\"wp-block-image size-full\"><img loading=\"lazy\" decoding=\"async\" width=\"678\" height=\"180\" data-attachment-id=\"8918\" data-permalink=\"https:\/\/www.comuna13online.com.ar\/?attachment_id=8918\" data-orig-file=\"https:\/\/www.comuna13online.com.ar\/wp-content\/uploads\/2020\/04\/corona2.jpg\" data-orig-size=\"678,180\" data-comments-opened=\"0\" data-image-meta=\"{&quot;aperture&quot;:&quot;0&quot;,&quot;credit&quot;:&quot;&quot;,&quot;camera&quot;:&quot;&quot;,&quot;caption&quot;:&quot;&quot;,&quot;created_timestamp&quot;:&quot;0&quot;,&quot;copyright&quot;:&quot;&quot;,&quot;focal_length&quot;:&quot;0&quot;,&quot;iso&quot;:&quot;0&quot;,&quot;shutter_speed&quot;:&quot;0&quot;,&quot;title&quot;:&quot;&quot;,&quot;orientation&quot;:&quot;0&quot;}\" data-image-title=\"corona2\" data-image-description=\"\" data-image-caption=\"\" data-large-file=\"https:\/\/www.comuna13online.com.ar\/wp-content\/uploads\/2020\/04\/corona2.jpg\" src=\"http:\/\/www.comuna13online.com.ar\/wp-content\/uploads\/2020\/04\/corona2.jpg\" alt=\"\" class=\"wp-image-8918\"\/><\/figure>\n","protected":false},"excerpt":{"rendered":"<div class=\"mh-excerpt\">La activista Danna Clark ha convocado a otras nueve destacadas mujeres latinoamericanas para formar parte de la campa\u00f1a #NoEstasSola. Todas ellas participan en un&nbsp;emotivo video&nbsp;&nbsp;recitando un poema de Clark, en <a class=\"mh-excerpt-more\" href=\"https:\/\/www.comuna13online.com.ar\/?p=10439\" title=\"#NoEstasSola: Autoras latinoamericanas unen sus voces para frenar la violencia contra la mujer\">[&#8230;]<\/a><\/div>\n","protected":false},"author":1,"featured_media":10443,"comment_status":"closed","ping_status":"closed","sticky":false,"template":"","format":"standard","meta":{"_uag_custom_page_level_css":"","_jetpack_memberships_contains_paid_content":false,"footnotes":"","jetpack_publicize_message":"","jetpack_publicize_feature_enabled":true,"jetpack_social_post_already_shared":true,"jetpack_social_options":{"image_generator_settings":{"template":"highway","default_image_id":0,"font":"","enabled":false},"version":2}},"categories":[272],"tags":[131,250,231,239],"class_list":{"0":"post-10439","1":"post","2":"type-post","3":"status-publish","4":"format-standard","5":"has-post-thumbnail","7":"category-violencia-de-genero","8":"tag-derechos","9":"tag-h2","10":"tag-lomasvisto","11":"tag-violencia-de-genero"},"jetpack_publicize_connections":[],"jetpack_featured_media_url":"https:\/\/www.comuna13online.com.ar\/wp-content\/uploads\/2020\/06\/20200626c.jpg","uagb_featured_image_src":{"full":["https:\/\/www.comuna13online.com.ar\/wp-content\/uploads\/2020\/06\/20200626c.jpg",678,452,false],"thumbnail":["https:\/\/www.comuna13online.com.ar\/wp-content\/uploads\/2020\/06\/20200626c-150x150.jpg",96,96,true],"medium":["https:\/\/www.comuna13online.com.ar\/wp-content\/uploads\/2020\/06\/20200626c-678x452.jpg",678,452,true],"medium_large":["https:\/\/www.comuna13online.com.ar\/wp-content\/uploads\/2020\/06\/20200626c.jpg",678,452,false],"large":["https:\/\/www.comuna13online.com.ar\/wp-content\/uploads\/2020\/06\/20200626c.jpg",678,452,false],"1536x1536":["https:\/\/www.comuna13online.com.ar\/wp-content\/uploads\/2020\/06\/20200626c.jpg",678,452,false],"2048x2048":["https:\/\/www.comuna13online.com.ar\/wp-content\/uploads\/2020\/06\/20200626c.jpg",678,452,false],"mh-magazine-slider":["https:\/\/www.comuna13online.com.ar\/wp-content\/uploads\/2020\/06\/20200626c-678x438.jpg",678,438,true],"mh-magazine-content":["https:\/\/www.comuna13online.com.ar\/wp-content\/uploads\/2020\/06\/20200626c-678x381.jpg",678,381,true],"mh-magazine-large":["https:\/\/www.comuna13online.com.ar\/wp-content\/uploads\/2020\/06\/20200626c.jpg",678,452,false],"mh-magazine-medium":["https:\/\/www.comuna13online.com.ar\/wp-content\/uploads\/2020\/06\/20200626c-326x245.jpg",326,245,true],"mh-magazine-small":["https:\/\/www.comuna13online.com.ar\/wp-content\/uploads\/2020\/06\/20200626c-80x60.jpg",80,60,true],"sow-carousel-default":["https:\/\/www.comuna13online.com.ar\/wp-content\/uploads\/2020\/06\/20200626c-272x182.jpg",272,182,true]},"uagb_author_info":{"display_name":"Comuna13","author_link":"https:\/\/www.comuna13online.com.ar\/?author=1"},"uagb_comment_info":0,"uagb_excerpt":"La activista Danna Clark ha convocado a otras nueve destacadas mujeres latinoamericanas para formar parte de la campa\u00f1a #NoEstasSola. Todas ellas participan en un&nbsp;emotivo video&nbsp;&nbsp;recitando un poema de Clark, en [...]","jetpack_sharing_enabled":true,"_links":{"self":[{"href":"https:\/\/www.comuna13online.com.ar\/index.php?rest_route=\/wp\/v2\/posts\/10439","targetHints":{"allow":["GET"]}}],"collection":[{"href":"https:\/\/www.comuna13online.com.ar\/index.php?rest_route=\/wp\/v2\/posts"}],"about":[{"href":"https:\/\/www.comuna13online.com.ar\/index.php?rest_route=\/wp\/v2\/types\/post"}],"author":[{"embeddable":true,"href":"https:\/\/www.comuna13online.com.ar\/index.php?rest_route=\/wp\/v2\/users\/1"}],"replies":[{"embeddable":true,"href":"https:\/\/www.comuna13online.com.ar\/index.php?rest_route=%2Fwp%2Fv2%2Fcomments&post=10439"}],"version-history":[{"count":0,"href":"https:\/\/www.comuna13online.com.ar\/index.php?rest_route=\/wp\/v2\/posts\/10439\/revisions"}],"wp:featuredmedia":[{"embeddable":true,"href":"https:\/\/www.comuna13online.com.ar\/index.php?rest_route=\/wp\/v2\/media\/10443"}],"wp:attachment":[{"href":"https:\/\/www.comuna13online.com.ar\/index.php?rest_route=%2Fwp%2Fv2%2Fmedia&parent=10439"}],"wp:term":[{"taxonomy":"category","embeddable":true,"href":"https:\/\/www.comuna13online.com.ar\/index.php?rest_route=%2Fwp%2Fv2%2Fcategories&post=10439"},{"taxonomy":"post_tag","embeddable":true,"href":"https:\/\/www.comuna13online.com.ar\/index.php?rest_route=%2Fwp%2Fv2%2Ftags&post=10439"}],"curies":[{"name":"wp","href":"https:\/\/api.w.org\/{rel}","templated":true}]}}