{"id":10404,"date":"2020-06-24T19:02:43","date_gmt":"2020-06-24T22:02:43","guid":{"rendered":"http:\/\/www.comuna13online.com.ar\/?p=10404"},"modified":"2020-06-25T12:44:29","modified_gmt":"2020-06-25T15:44:29","slug":"corte-programado-de-agua-en-nunez","status":"publish","type":"post","link":"https:\/\/www.comuna13online.com.ar\/?p=10404","title":{"rendered":"Corte programado de Agua en Nu\u00f1ez"},"content":{"rendered":"\n<p><strong>Adem\u00e1s del barrio de la comuna 13, se ver\u00e1n afectados tambi\u00e9n los barrios Saavedra, Devoto y Villa Urquiza. El corte est\u00e1 contemplado en el Programa de inspecci\u00f3n de r\u00edos subterr\u00e1neos.<\/strong><\/p>\n\n\n\n<figure class=\"wp-block-image size-large\"><img loading=\"lazy\" decoding=\"async\" width=\"678\" height=\"452\" data-attachment-id=\"10410\" data-permalink=\"https:\/\/www.comuna13online.com.ar\/?attachment_id=10410\" data-orig-file=\"https:\/\/www.comuna13online.com.ar\/wp-content\/uploads\/2020\/06\/aysa-2.jpg\" data-orig-size=\"678,452\" data-comments-opened=\"0\" data-image-meta=\"{&quot;aperture&quot;:&quot;0&quot;,&quot;credit&quot;:&quot;&quot;,&quot;camera&quot;:&quot;&quot;,&quot;caption&quot;:&quot;&quot;,&quot;created_timestamp&quot;:&quot;0&quot;,&quot;copyright&quot;:&quot;&quot;,&quot;focal_length&quot;:&quot;0&quot;,&quot;iso&quot;:&quot;0&quot;,&quot;shutter_speed&quot;:&quot;0&quot;,&quot;title&quot;:&quot;&quot;,&quot;orientation&quot;:&quot;0&quot;}\" data-image-title=\"aysa-2\" data-image-description=\"\" data-image-caption=\"\" data-large-file=\"https:\/\/www.comuna13online.com.ar\/wp-content\/uploads\/2020\/06\/aysa-2.jpg\" src=\"http:\/\/www.comuna13online.com.ar\/wp-content\/uploads\/2020\/06\/aysa-2.jpg\" alt=\"\" class=\"wp-image-10410\" srcset=\"https:\/\/www.comuna13online.com.ar\/wp-content\/uploads\/2020\/06\/aysa-2.jpg 678w, https:\/\/www.comuna13online.com.ar\/wp-content\/uploads\/2020\/06\/aysa-2-272x182.jpg 272w\" sizes=\"auto, (max-width: 678px) 100vw, 678px\" \/><\/figure>\n\n\n\n<p>La empresa concesionaria de servicios p\u00fablicos de agua potable y tratamiento de desag\u00fces cloacales para la Ciudad de Buenos Aires inform\u00f3 un <strong>corte del servicio entre las 22 horas del jueves 25 de junio hasta las 15  del viernes 26.<\/strong> <\/p>\n\n\n\n<p>Adem\u00e1s de Nu\u00f1ez, se ver\u00e1n afectada algunas zonas de San Fernando, Victoria, Virreyes (Partido de SAN FERNANDO), Saenz Pe\u00f1a, Caseros, Villa Bosch, Santos Lugares, Loma Hermosa (TF), El Libertador (Partido de TRES DE FEBRERO), Saavedra, Villa Devoto, Villa Pueyrredon (Partido de CAPITAL FEDERAL), Don Torcuato, Troncos del Talar (Partido de TIGRE), Villa Martelli, Vicente Lopez, Florida, Munro, Olivos, La Lucila, Carapachay, Florida Oeste (Partido de VICENTE LOPEZ), Acassuso, Boulogne Sur Mer, Beccar, Villa Adelina, San Isidro, Martinez (Partido de SAN ISIDRO), San Martin, San Andres, Villa Maipu, Villa Lynch, Villa Ballester, Jose Leon Suarez, Loma Hermosa (SM) y Villa Zagala (Partido de SAN MARTIN).<\/p>\n\n\n\n<p>Para saber si tu domicilio se encuentra dentro de la zona de cortes, <a rel=\"noreferrer noopener\" href=\"https:\/\/www.aysa.com.ar\/usuarios\/Cortes-de-servicio\/Cortes_de_servicio_de_agua\" target=\"_blank\">ingresar aqu\u00ed<\/a>.<\/p>\n\n\n\n<figure class=\"wp-block-image size-large\"><img loading=\"lazy\" decoding=\"async\" width=\"678\" height=\"436\" data-attachment-id=\"10405\" data-permalink=\"https:\/\/www.comuna13online.com.ar\/?attachment_id=10405\" data-orig-file=\"https:\/\/www.comuna13online.com.ar\/wp-content\/uploads\/2020\/06\/aysa.jpg\" data-orig-size=\"678,436\" data-comments-opened=\"0\" data-image-meta=\"{&quot;aperture&quot;:&quot;0&quot;,&quot;credit&quot;:&quot;&quot;,&quot;camera&quot;:&quot;&quot;,&quot;caption&quot;:&quot;&quot;,&quot;created_timestamp&quot;:&quot;0&quot;,&quot;copyright&quot;:&quot;&quot;,&quot;focal_length&quot;:&quot;0&quot;,&quot;iso&quot;:&quot;0&quot;,&quot;shutter_speed&quot;:&quot;0&quot;,&quot;title&quot;:&quot;&quot;,&quot;orientation&quot;:&quot;0&quot;}\" data-image-title=\"aysa\" data-image-description=\"\" data-image-caption=\"\" data-large-file=\"https:\/\/www.comuna13online.com.ar\/wp-content\/uploads\/2020\/06\/aysa.jpg\" src=\"http:\/\/www.comuna13online.com.ar\/wp-content\/uploads\/2020\/06\/aysa.jpg\" alt=\"\" class=\"wp-image-10405\"\/><\/figure>\n\n\n\n<p>Adem\u00e1s de la Capital Federal, Agua y Saneamientos Argentinos (AYSA) provee del servicio a 26 partidos del conurbano bonaerense.<\/p>\n\n\n\n<br><\/br>\n<div align=\"center\">\n<blockquote class=\"twitter-tweet\"><p lang=\"es\" dir=\"ltr\">\u00bfConoc\u00e9s nuestros canales digitales? ?\ufe0f<br>Realiz\u00e1 tus tr\u00e1mites, consultas y reclamos sin moverte de tu casa en esta cuarentena. M\u00e1s info ? <a href=\"https:\/\/t.co\/wqfDgE2eKc\">https:\/\/t.co\/wqfDgE2eKc<\/a> <a href=\"https:\/\/twitter.com\/hashtag\/CuidarteEsCuidarnos?src=hash&amp;ref_src=twsrc%5Etfw\">#CuidarteEsCuidarnos<\/a> <a href=\"https:\/\/twitter.com\/hashtag\/QuedateEnCasa?src=hash&amp;ref_src=twsrc%5Etfw\">#QuedateEnCasa<\/a> <a href=\"https:\/\/t.co\/WzpgSHHALz\">pic.twitter.com\/WzpgSHHALz<\/a><\/p>&mdash; AySA S.A. (@AySA_Oficial) <a href=\"https:\/\/twitter.com\/AySA_Oficial\/status\/1275518994863161344?ref_src=twsrc%5Etfw\">June 23, 2020<\/a><\/blockquote> <script async src=\"https:\/\/platform.twitter.com\/widgets.js\" charset=\"utf-8\"><\/script>\n<\/div>\n<br><\/br>\n\n\n\n<figure class=\"wp-block-image size-large is-resized\"><img loading=\"lazy\" decoding=\"async\" data-attachment-id=\"99\" data-permalink=\"https:\/\/www.comuna13online.com.ar\/?attachment_id=99\" data-orig-file=\"https:\/\/www.comuna13online.com.ar\/wp-content\/uploads\/2017\/12\/line.jpg\" data-orig-size=\"678,1\" data-comments-opened=\"0\" data-image-meta=\"{&quot;aperture&quot;:&quot;0&quot;,&quot;credit&quot;:&quot;&quot;,&quot;camera&quot;:&quot;&quot;,&quot;caption&quot;:&quot;&quot;,&quot;created_timestamp&quot;:&quot;0&quot;,&quot;copyright&quot;:&quot;&quot;,&quot;focal_length&quot;:&quot;0&quot;,&quot;iso&quot;:&quot;0&quot;,&quot;shutter_speed&quot;:&quot;0&quot;,&quot;title&quot;:&quot;&quot;,&quot;orientation&quot;:&quot;0&quot;}\" data-image-title=\"line\" data-image-description=\"\" data-image-caption=\"\" data-large-file=\"https:\/\/www.comuna13online.com.ar\/wp-content\/uploads\/2017\/12\/line.jpg\" src=\"http:\/\/www.comuna13online.com.ar\/wp-content\/uploads\/2017\/12\/line.jpg\" alt=\"\" class=\"wp-image-99\" width=\"678\" height=\"1\" srcset=\"https:\/\/www.comuna13online.com.ar\/wp-content\/uploads\/2017\/12\/line.jpg 678w, https:\/\/www.comuna13online.com.ar\/wp-content\/uploads\/2017\/12\/line-150x1.jpg 150w, https:\/\/www.comuna13online.com.ar\/wp-content\/uploads\/2017\/12\/line-326x1.jpg 326w, https:\/\/www.comuna13online.com.ar\/wp-content\/uploads\/2017\/12\/line-80x1.jpg 80w, https:\/\/www.comuna13online.com.ar\/wp-content\/uploads\/2017\/12\/line-272x1.jpg 272w\" sizes=\"auto, (max-width: 678px) 100vw, 678px\" \/><\/figure>\n\n\n\n<figure class=\"wp-block-image size-full\"><img loading=\"lazy\" decoding=\"async\" width=\"678\" height=\"180\" data-attachment-id=\"8918\" data-permalink=\"https:\/\/www.comuna13online.com.ar\/?attachment_id=8918\" data-orig-file=\"https:\/\/www.comuna13online.com.ar\/wp-content\/uploads\/2020\/04\/corona2.jpg\" data-orig-size=\"678,180\" data-comments-opened=\"0\" data-image-meta=\"{&quot;aperture&quot;:&quot;0&quot;,&quot;credit&quot;:&quot;&quot;,&quot;camera&quot;:&quot;&quot;,&quot;caption&quot;:&quot;&quot;,&quot;created_timestamp&quot;:&quot;0&quot;,&quot;copyright&quot;:&quot;&quot;,&quot;focal_length&quot;:&quot;0&quot;,&quot;iso&quot;:&quot;0&quot;,&quot;shutter_speed&quot;:&quot;0&quot;,&quot;title&quot;:&quot;&quot;,&quot;orientation&quot;:&quot;0&quot;}\" data-image-title=\"corona2\" data-image-description=\"\" data-image-caption=\"\" data-large-file=\"https:\/\/www.comuna13online.com.ar\/wp-content\/uploads\/2020\/04\/corona2.jpg\" src=\"http:\/\/www.comuna13online.com.ar\/wp-content\/uploads\/2020\/04\/corona2.jpg\" alt=\"\" class=\"wp-image-8918\"\/><\/figure>\n","protected":false},"excerpt":{"rendered":"<div class=\"mh-excerpt\">Adem\u00e1s del barrio de la comuna 13, se ver\u00e1n afectados tambi\u00e9n los barrios Saavedra, Devoto y Villa Urquiza. El corte est\u00e1 contemplado en el Programa de inspecci\u00f3n de r\u00edos subterr\u00e1neos. <a class=\"mh-excerpt-more\" href=\"https:\/\/www.comuna13online.com.ar\/?p=10404\" title=\"Corte programado de Agua en Nu\u00f1ez\">[&#8230;]<\/a><\/div>\n","protected":false},"author":1,"featured_media":10409,"comment_status":"closed","ping_status":"closed","sticky":false,"template":"","format":"standard","meta":{"_uag_custom_page_level_css":"","_jetpack_memberships_contains_paid_content":false,"footnotes":"","jetpack_publicize_message":"Corte programado de @aysa en Nu\u00f1ez","jetpack_publicize_feature_enabled":true,"jetpack_social_post_already_shared":true,"jetpack_social_options":{"image_generator_settings":{"template":"highway","default_image_id":0,"font":"","enabled":false},"version":2}},"categories":[138],"tags":[19,250,150],"class_list":{"0":"post-10404","1":"post","2":"type-post","3":"status-publish","4":"format-standard","5":"has-post-thumbnail","7":"category-servicios","8":"tag-comuna-13","9":"tag-h2","10":"tag-servicios-publicos"},"jetpack_publicize_connections":[],"jetpack_featured_media_url":"https:\/\/www.comuna13online.com.ar\/wp-content\/uploads\/2020\/06\/aysa-1.jpg","uagb_featured_image_src":{"full":["https:\/\/www.comuna13online.com.ar\/wp-content\/uploads\/2020\/06\/aysa-1.jpg",678,452,false],"thumbnail":["https:\/\/www.comuna13online.com.ar\/wp-content\/uploads\/2020\/06\/aysa-1-150x150.jpg",96,96,true],"medium":["https:\/\/www.comuna13online.com.ar\/wp-content\/uploads\/2020\/06\/aysa-1-678x452.jpg",678,452,true],"medium_large":["https:\/\/www.comuna13online.com.ar\/wp-content\/uploads\/2020\/06\/aysa-1.jpg",678,452,false],"large":["https:\/\/www.comuna13online.com.ar\/wp-content\/uploads\/2020\/06\/aysa-1.jpg",678,452,false],"1536x1536":["https:\/\/www.comuna13online.com.ar\/wp-content\/uploads\/2020\/06\/aysa-1.jpg",678,452,false],"2048x2048":["https:\/\/www.comuna13online.com.ar\/wp-content\/uploads\/2020\/06\/aysa-1.jpg",678,452,false],"mh-magazine-slider":["https:\/\/www.comuna13online.com.ar\/wp-content\/uploads\/2020\/06\/aysa-1-678x438.jpg",678,438,true],"mh-magazine-content":["https:\/\/www.comuna13online.com.ar\/wp-content\/uploads\/2020\/06\/aysa-1-678x381.jpg",678,381,true],"mh-magazine-large":["https:\/\/www.comuna13online.com.ar\/wp-content\/uploads\/2020\/06\/aysa-1.jpg",678,452,false],"mh-magazine-medium":["https:\/\/www.comuna13online.com.ar\/wp-content\/uploads\/2020\/06\/aysa-1-326x245.jpg",326,245,true],"mh-magazine-small":["https:\/\/www.comuna13online.com.ar\/wp-content\/uploads\/2020\/06\/aysa-1-80x60.jpg",80,60,true],"sow-carousel-default":["https:\/\/www.comuna13online.com.ar\/wp-content\/uploads\/2020\/06\/aysa-1-272x182.jpg",272,182,true]},"uagb_author_info":{"display_name":"Comuna13","author_link":"https:\/\/www.comuna13online.com.ar\/?author=1"},"uagb_comment_info":0,"uagb_excerpt":"Adem\u00e1s del barrio de la comuna 13, se ver\u00e1n afectados tambi\u00e9n los barrios Saavedra, Devoto y Villa Urquiza. El corte est\u00e1 contemplado en el Programa de inspecci\u00f3n de r\u00edos subterr\u00e1neos. [...]","jetpack_sharing_enabled":true,"_links":{"self":[{"href":"https:\/\/www.comuna13online.com.ar\/index.php?rest_route=\/wp\/v2\/posts\/10404","targetHints":{"allow":["GET"]}}],"collection":[{"href":"https:\/\/www.comuna13online.com.ar\/index.php?rest_route=\/wp\/v2\/posts"}],"about":[{"href":"https:\/\/www.comuna13online.com.ar\/index.php?rest_route=\/wp\/v2\/types\/post"}],"author":[{"embeddable":true,"href":"https:\/\/www.comuna13online.com.ar\/index.php?rest_route=\/wp\/v2\/users\/1"}],"replies":[{"embeddable":true,"href":"https:\/\/www.comuna13online.com.ar\/index.php?rest_route=%2Fwp%2Fv2%2Fcomments&post=10404"}],"version-history":[{"count":0,"href":"https:\/\/www.comuna13online.com.ar\/index.php?rest_route=\/wp\/v2\/posts\/10404\/revisions"}],"wp:featuredmedia":[{"embeddable":true,"href":"https:\/\/www.comuna13online.com.ar\/index.php?rest_route=\/wp\/v2\/media\/10409"}],"wp:attachment":[{"href":"https:\/\/www.comuna13online.com.ar\/index.php?rest_route=%2Fwp%2Fv2%2Fmedia&parent=10404"}],"wp:term":[{"taxonomy":"category","embeddable":true,"href":"https:\/\/www.comuna13online.com.ar\/index.php?rest_route=%2Fwp%2Fv2%2Fcategories&post=10404"},{"taxonomy":"post_tag","embeddable":true,"href":"https:\/\/www.comuna13online.com.ar\/index.php?rest_route=%2Fwp%2Fv2%2Ftags&post=10404"}],"curies":[{"name":"wp","href":"https:\/\/api.w.org\/{rel}","templated":true}]}}